{"id":318864,"date":"2025-08-14T15:18:21","date_gmt":"2025-08-14T15:18:21","guid":{"rendered":"https:\/\/www.europesays.com\/fr\/318864\/"},"modified":"2025-08-14T15:18:21","modified_gmt":"2025-08-14T15:18:21","slug":"avant-premiere-demain-nous-appartient-du-15-aout-2025-episode-2010-tf1","status":"publish","type":"post","link":"https:\/\/www.europesays.com\/fr\/318864\/","title":{"rendered":"Avant-premi\u00e8re &#8211; Demain nous appartient du 15 ao\u00fbt 2025 &#8211; Episode 2010 &#8211; TF1+"},"content":{"rendered":"<ol>\n<li><a href=\"https:\/\/news.google.com\/rss\/articles\/CBMizgFBVV95cUxOVjVDOWhocUhXRFc0bXNDYVNkWlNPVUkwWW5yenpRR3Z6dTJJQkUwajctUDVfdEZFOG1DLXR5MDFCb0owVndfY0k2Uml3QzFMLUFsdDZ5VG80WlFFSUt3OVJDbmhUZndEMEI5UWtGYVhvTDJHbTBPODJuWUFWaHNGQ1VjeXpuLTlndzZQLTd6Rm0yYzhzUDBUUHJ6X3l2NUprbGZQZ2xfZHAtbThSaUZKWlZORXBST0dSM0oxYUxLVDd0UEJRWnRLc3JJNzVQQQ?oc=5\" target=\"_blank\" rel=\"noopener\">Avant-premi\u00e8re &#8211; Demain nous appartient du 15 ao\u00fbt 2025 &#8211; Episode 2010<\/a>&nbsp;&nbsp;TF1+<\/li>\n<li><a href=\"https:\/\/news.google.com\/rss\/articles\/CBMisAJBVV95cUxNb25ETGNBOVdRSHRPQWNDaFJfS1Z6QkhxNGxqM2lESDVGRFRLeHA3UEdUdEd6dEpqTzZZcFhvcUZfdEQyNFNhaFd2ZzI5eXpJX1dJUGFiVTU0ajJTQk1sRTlDem9DQllSZU1feXZ6enhTTDBIZzItQ1JmbU1TOHlLQVJwNjVGS0Z0aG85YS1DTXE2VmtTcjN5c2JLdEN2ZDZZS2ZHVHFfdm51Z2JQY0NhVFA5RVlHTTg2VmVwcDVseU8zc2MwLXVpSldBbUpVVjlpVHl3U3ZRZHV6WHQ5RllWQmtNX0gxZWR2RUMtbFVjVnlSYnAxZktkUTIxaG9jZlZ3amhkTlN1cEExd0dwY2ZCeVJQUnBLbVZITXNHZWhGUTRBMmRnTkh3ZWhaWEVWUXZT?oc=5\" target=\"_blank\" rel=\"noopener\">Demain nous appartient en avance : Simon se pr\u00e9cipite pour sauver Lizzie, Victoire et Fred toujours en froid&#8230; Le r\u00e9sum\u00e9 de l&rsquo;\u00e9pisode 2009 du jeudi 14 ao\u00fbt 2025<\/a>&nbsp;&nbsp;programme-tv.net<\/li>\n<li><a href=\"https:\/\/news.google.com\/rss\/articles\/CBMilAJBVV95cUxQWjdqMFJEeVdWWWNBTEdWZzlWSW5TUXA4d25aams0V2tQSVlVbDZQYzV3U1dzdWttWWJQVGZ4Y3Zwbi00LUVDSmdtWGZoRzEzQlV1MzRFcGd4Nm9qNFhxX0paY2lDVFlUYzRZQnZPd2VnLTJ1NDNoaTBJVUo3X3hZVks1ZDZYTU84bmF6WXBfZUNpTUM5SnRCTjVZdEp1dFNDLVpXdFlmb25ST1hWSXR0S0R0bzNiemVTMmpKZDNPcDh1eGUwTkZVV3dlLWxsejJpbjBBdlVSNmNIVmNPRWpfR09zLXVqY2Fab1NtV0I5dEtPalE5QWZ2SkNVYmtBSC1qbXcxdXZTV2I5QTc1d19iWkxIRnU?oc=5\" target=\"_blank\" rel=\"noopener\">Demain nous appartient : \u00ab\u00a0Par contre, tu poses ton couteau\u00a0\u00bb\u2026 Un personnage phare pris en otage dans la s\u00e9rie de TF1<\/a>&nbsp;&nbsp;T\u00e9l\u00e9 7 Jours<\/li>\n<li><a href=\"https:\/\/news.google.com\/rss\/articles\/CBMikgFBVV95cUxPb190Rmx6U0gydXJNR3lwOWJSdzEzZ0ZiZDViaVU0M2dlYzlEaHhKaHNVLUh2TjRKXzdnUUhGRVhUNzUxWVpXUzZUTDV1RjRGSHNmajdPVVJmSjVyVGxVWmw2VWZ5QnRUUjMzVDJ6bkFZZVNtSXRiOU93VVVKMmhWaFNMeENLUHlDNGNSQTJ3bEcwZw?oc=5\" target=\"_blank\" rel=\"noopener\">Demain nous appartient : catastrophe pendant le spectacle de la chorale, nos h\u00e9ros sont en grand danger !<\/a>&nbsp;&nbsp;Yahoo Actualit\u00e9s<\/li>\n<li><a href=\"https:\/\/news.google.com\/rss\/articles\/CBMifkFVX3lxTE5ZZDA5VXdPeDZoT2I2ZmFrU2Rubm5jRE5UNGZpNXNicDJTOXlpWnJlc09EamtuNE1BVjN1YXBjQTBlWlN0Ti04RTlrcnRzdi1XVVZDdDF2S2NoaWl6N2U2c1dMdksxS3llXzNEYmdHR3EyN2NqYlVtMV9UcnExUQ?oc=5\" target=\"_blank\" rel=\"noopener\">Demain nous appartient : ce qui vous attend dans l&rsquo;\u00e9pisode 2009 du jeudi 14 ao\u00fbt 2025 [SPOILERS]<\/a>&nbsp;&nbsp;AlloCin\u00e9<\/li>\n<\/ol>\n","protected":false},"excerpt":{"rendered":"Avant-premi\u00e8re &#8211; Demain nous appartient du 15 ao\u00fbt 2025 &#8211; Episode 2010&nbsp;&nbsp;TF1+ Demain nous appartient en avance :&hellip;\n","protected":false},"author":2,"featured_media":318865,"comment_status":"","ping_status":"","sticky":false,"template":"","format":"standard","meta":{"footnotes":""},"categories":[1356],"tags":[4090,43004,58,59,1365,4089,43003,41047,1011,27,43001,43011,43015,43002,43012,43016,43008,43007,43013,43014,43009,43010,252,1364,43005,43006],"class_list":{"0":"post-318864","1":"post","2":"type-post","3":"status-publish","4":"format-standard","5":"has-post-thumbnail","7":"category-television","8":"tag-demain-nous-appartient-episode","9":"tag-demain-nous-appartient-episode-tf1","10":"tag-divertissement","11":"tag-entertainment","12":"tag-episode","13":"tag-episode-demain-nous-appartient","14":"tag-episode-demain-nous-appartient-tf1","15":"tag-episode-tf1","16":"tag-fr","17":"tag-france","18":"tag-serie-demain-nous-appartient","19":"tag-serie-demain-nous-appartient-streaming","20":"tag-serie-demain-nous-appartient-streaming-gratuit","21":"tag-serie-demain-nous-appartient-tf1","22":"tag-serie-demain-nous-appartient-tf1-streaming","23":"tag-serie-demain-nous-appartient-tf1-streaming-gratuit","24":"tag-serie-demain-nous-appartient-tf1-video","25":"tag-serie-demain-nous-appartient-video","26":"tag-streaming-gratuit-serie-demain-nous-appartient","27":"tag-streaming-gratuit-serie-demain-nous-appartient-tf1","28":"tag-streaming-serie-demain-nous-appartient","29":"tag-streaming-serie-demain-nous-appartient-tf1","30":"tag-television","31":"tag-tv","32":"tag-video-serie-demain-nous-appartient","33":"tag-video-serie-demain-nous-appartient-tf1"},"share_on_mastodon":{"url":"","error":"Validation failed: Text character limit of 500 exceeded"},"_links":{"self":[{"href":"https:\/\/www.europesays.com\/fr\/wp-json\/wp\/v2\/posts\/318864","targetHints":{"allow":["GET"]}}],"collection":[{"href":"https:\/\/www.europesays.com\/fr\/wp-json\/wp\/v2\/posts"}],"about":[{"href":"https:\/\/www.europesays.com\/fr\/wp-json\/wp\/v2\/types\/post"}],"author":[{"embeddable":true,"href":"https:\/\/www.europesays.com\/fr\/wp-json\/wp\/v2\/users\/2"}],"replies":[{"embeddable":true,"href":"https:\/\/www.europesays.com\/fr\/wp-json\/wp\/v2\/comments?post=318864"}],"version-history":[{"count":0,"href":"https:\/\/www.europesays.com\/fr\/wp-json\/wp\/v2\/posts\/318864\/revisions"}],"wp:featuredmedia":[{"embeddable":true,"href":"https:\/\/www.europesays.com\/fr\/wp-json\/wp\/v2\/media\/318865"}],"wp:attachment":[{"href":"https:\/\/www.europesays.com\/fr\/wp-json\/wp\/v2\/media?parent=318864"}],"wp:term":[{"taxonomy":"category","embeddable":true,"href":"https:\/\/www.europesays.com\/fr\/wp-json\/wp\/v2\/categories?post=318864"},{"taxonomy":"post_tag","embeddable":true,"href":"https:\/\/www.europesays.com\/fr\/wp-json\/wp\/v2\/tags?post=318864"}],"curies":[{"name":"wp","href":"https:\/\/api.w.org\/{rel}","templated":true}]}}