{"id":318866,"date":"2025-08-14T15:19:13","date_gmt":"2025-08-14T15:19:13","guid":{"rendered":"https:\/\/www.europesays.com\/fr\/318866\/"},"modified":"2025-08-14T15:19:13","modified_gmt":"2025-08-14T15:19:13","slug":"sacha-veut-retablir-la-verite-apres-les-reproches-de-son-ancien-ami","status":"publish","type":"post","link":"https:\/\/www.europesays.com\/fr\/318866\/","title":{"rendered":"Sacha veut \u00ab\u00a0r\u00e9tablir la v\u00e9rit\u00e9\u00a0\u00bb apr\u00e8s les reproches de son ancien ami"},"content":{"rendered":"<p><img decoding=\"async\" src=\"https:\/\/www.europesays.com\/fr\/wp-content\/uploads\/2025\/08\/photo_1755164964.jpg\" class=\"textcenter img-content\" loading=\"lazy\"\/>Bestimage<br \/>\n<br \/>\nS&rsquo;ils ont sign\u00e9 un des plus gros tubes des ann\u00e9es 80 avec <a href=\"https:\/\/www.chartsinfrance.net\/actualite\/news-122386.html\" target=\"_blank\" class=\"spip_out\" rel=\"nofollow noopener\">\u00ab\u00a0Nuit de folie\u00a0\u00bb<\/a>, les deux membres de D\u00e9but de soir\u00e9e s&rsquo;\u00e9charpent d\u00e9sormais par m\u00e9dias interpos\u00e9s. La semaine derni\u00e8re, William Picard a relanc\u00e9 les hostilit\u00e9s, accusant son ancien comparse Sacha Go\u00ebller <a href=\"https:\/\/www.chartsinfrance.net\/Debut-De-Soiree\/news-133455.html\" target=\"_blank\" class=\"spip_out\" rel=\"nofollow noopener\">d&rsquo;escroquerie et d&rsquo;opportunisme<\/a>. \u00ab Sacha Go\u00ebller dit ne pas \u00eatre cr\u00e9dit\u00e9 par la Sacem, mais il n&rsquo;a jamais rien \u00e9crit, ni compos\u00e9. Il est interpr\u00e8te. Je suis auteur. Il est assez opportuniste et il a escroqu\u00e9 des gens. Cela m&rsquo;a mis en col\u00e8re \u00bb d\u00e9nonce \u00e0 Ici Paris celui qui continue tout seul l&rsquo;aventure D\u00e9but de soir\u00e9e au sein de <a href=\"https:\/\/www.chartsinfrance.net\/Stars-80\/news-132789.html\" target=\"_blank\" class=\"spip_out\" rel=\"nofollow noopener\">la tourn\u00e9e \u00ab\u00a0Stars 80\u00a0\u00bb<\/a> : \u00ab Je ne voulais pas me reformer avec Sacha, mais je suis le parrain de sa fille M\u00e9lanie, j&rsquo;ai accept\u00e9. C&rsquo;est devenu une tourn\u00e9e, puis il y a eu les films. Apr\u00e8s, Sacha s&rsquo;est fait virer \u00bb.<\/p>\n<p>Le player Dailymotion est en train de se charger&#8230;<\/p>\n<p>\u00ab\u00a0Je conteste formellement\u00a0\u00bb<br \/>\nAlors que ses propos ont \u00e9t\u00e9 tr\u00e8s m\u00e9diatis\u00e9s, Sacha Go\u00ebller sort aujourd&rsquo;hui du silence. Dans une publication sur son compte Facebook, le chanteur estime qu&rsquo;apr\u00e8s ces propos le \u00ab visant personnellement \u00bb, il rappelle \u00ab toute imputation de faits pr\u00e9cis portant atteinte \u00e0 l&rsquo;honneur ou \u00e0 la consid\u00e9ration d&rsquo;une personne est encadr\u00e9e par la loi du 29 juillet 1881 sur la libert\u00e9 de la presse \u00bb. Pour lui, ces d\u00e9clarations de William Picard qu&rsquo;il \u00ab conteste formellement \u00bb portent \u00ab atteinte \u00e0 [sa] r\u00e9putation \u00bb et il assure qu&rsquo;il va lui r\u00e9pondre : \u00ab Dans le respect de mes droits, j&rsquo;ai sollicit\u00e9 l&rsquo;exercice de mon droit de r\u00e9ponse afin que ma position soit publi\u00e9e dans les m\u00eames conditions. Je me r\u00e9serve par ailleurs la possibilit\u00e9 d&rsquo;engager toute action utile pour pr\u00e9server mes droits et r\u00e9tablir la v\u00e9rit\u00e9 \u00bb. <\/p>\n<p>En 2019, Sacha avait d\u00e9j\u00e0 <a href=\"https:\/\/www.chartsinfrance.net\/actualite\/news-112078.html\" target=\"_blank\" class=\"spip_out\" rel=\"nofollow noopener\">accus\u00e9 William d&rsquo;escroquerie<\/a>, s&rsquo;estimant moins pay\u00e9 que son acolyte sur sc\u00e8ne : \u00ab Je m&rsquo;aper\u00e7ois alors [que William] est pay\u00e9 beaucoup plus que moi sur chaque date, et \u00e7a depuis quatre ans minimum. Je fais le compte, et je me rends compte que Claude Cyndecki, le producteur de la tourn\u00e9e, me doit \u00e9norm\u00e9ment d&rsquo;argent \u00bb. On attend d\u00e9sormais sa propre version des faits de l&rsquo;histoire.<\/p>\n","protected":false},"excerpt":{"rendered":"Bestimage S&rsquo;ils ont sign\u00e9 un des plus gros tubes des ann\u00e9es 80 avec \u00ab\u00a0Nuit de folie\u00a0\u00bb, les deux&hellip;\n","protected":false},"author":2,"featured_media":318867,"comment_status":"","ping_status":"","sticky":false,"template":"","format":"standard","meta":{"footnotes":""},"categories":[1355],"tags":[58,59,1011,27,1361,873],"class_list":{"0":"post-318866","1":"post","2":"type-post","3":"status-publish","4":"format-standard","5":"has-post-thumbnail","7":"category-musique","8":"tag-divertissement","9":"tag-entertainment","10":"tag-fr","11":"tag-france","12":"tag-music","13":"tag-musique"},"share_on_mastodon":{"url":"https:\/\/pubeurope.com\/@fr\/115027795397469970","error":""},"_links":{"self":[{"href":"https:\/\/www.europesays.com\/fr\/wp-json\/wp\/v2\/posts\/318866","targetHints":{"allow":["GET"]}}],"collection":[{"href":"https:\/\/www.europesays.com\/fr\/wp-json\/wp\/v2\/posts"}],"about":[{"href":"https:\/\/www.europesays.com\/fr\/wp-json\/wp\/v2\/types\/post"}],"author":[{"embeddable":true,"href":"https:\/\/www.europesays.com\/fr\/wp-json\/wp\/v2\/users\/2"}],"replies":[{"embeddable":true,"href":"https:\/\/www.europesays.com\/fr\/wp-json\/wp\/v2\/comments?post=318866"}],"version-history":[{"count":0,"href":"https:\/\/www.europesays.com\/fr\/wp-json\/wp\/v2\/posts\/318866\/revisions"}],"wp:featuredmedia":[{"embeddable":true,"href":"https:\/\/www.europesays.com\/fr\/wp-json\/wp\/v2\/media\/318867"}],"wp:attachment":[{"href":"https:\/\/www.europesays.com\/fr\/wp-json\/wp\/v2\/media?parent=318866"}],"wp:term":[{"taxonomy":"category","embeddable":true,"href":"https:\/\/www.europesays.com\/fr\/wp-json\/wp\/v2\/categories?post=318866"},{"taxonomy":"post_tag","embeddable":true,"href":"https:\/\/www.europesays.com\/fr\/wp-json\/wp\/v2\/tags?post=318866"}],"curies":[{"name":"wp","href":"https:\/\/api.w.org\/{rel}","templated":true}]}}