{"id":318868,"date":"2025-08-14T15:20:14","date_gmt":"2025-08-14T15:20:14","guid":{"rendered":"https:\/\/www.europesays.com\/fr\/318868\/"},"modified":"2025-08-14T15:20:14","modified_gmt":"2025-08-14T15:20:14","slug":"wall-street-flechit-lestee-par-les-prix-a-la-production-americains-actualites","status":"publish","type":"post","link":"https:\/\/www.europesays.com\/fr\/318868\/","title":{"rendered":"Wall Street fl\u00e9chit, lest\u00e9e par les prix \u00e0 la production am\u00e9ricains : Actualit\u00e9s"},"content":{"rendered":"<p class=\"lead \">La Bourse de New York \u00e9volue en baisse jeudi, accusant le coup d&rsquo;une inflation c\u00f4t\u00e9 producteurs nettement sup\u00e9rieure aux attentes, qui att\u00e9nue l&rsquo;hypoth\u00e8se d&rsquo;un fort assouplissement de la politique mon\u00e9taire de la R\u00e9serve f\u00e9d\u00e9rale (Fed).<\/p>\n<p class=\"lead \">Vers 13H50 GMT, le Dow Jones reculait de 0,26%, l&rsquo;indice \u00e9largi S&amp;P 500 de 0,09%, et l&rsquo;indice Nasdaq perdait 0,11%.<\/p>\n<p class=\"lead \">Sur un mois, l&rsquo;indice des prix \u00e0 la production (PPI) a progress\u00e9 de 0,9%, selon les donn\u00e9es publi\u00e9es jeudi par le d\u00e9partement du Travail, apr\u00e8s \u00eatre rest\u00e9 stable en juin.<\/p>\n<p class=\"lead \">L&rsquo;augmentation est bien plus marqu\u00e9e que ne le pr\u00e9voyaient les analystes, qui tablaient sur une avanc\u00e9e de 0,2% des prix en juillet, selon le consensus publi\u00e9 par MarketWatch.<\/p>\n<p class=\"lead \">Hors prix de l&rsquo;alimentation, de l&rsquo;\u00e9nergie et des services commerciaux, consid\u00e9r\u00e9s comme plus volatils, la progression des prix \u00e0 la production reste importante, de l&rsquo;ordre de 0,6%.<\/p>\n<p class=\"lead \">Il s&rsquo;agit de la hausse la plus marqu\u00e9e de l&rsquo;indice sous-jacent depuis mars 2022, soit peu avant le pic d&rsquo;inflation observ\u00e9 \u00e0 l&rsquo;\u00e9t\u00e9 2022 aux Etats-Unis.<\/p>\n<p class=\"lead \">\u00ab\u00a0Nous commen\u00e7ons donc \u00e0 voir l&rsquo;impact des droits de douane sur l&rsquo;inflation, et cela commence par les prix \u00e0 la production\u00a0\u00bb, assure aupr\u00e8s de l&rsquo;AFP Adam Sarhan, de 50 Park Investments.<\/p>\n<p class=\"lead \">\u00ab\u00a0La question est la suivante: est-ce que cela se r\u00e9percutera sur les consommateurs? Pour l&rsquo;instant, la r\u00e9ponse est non\u00a0\u00bb, ajoute l&rsquo;analyste.<\/p>\n<p class=\"lead \">Ces donn\u00e9es sont publi\u00e9es deux jours apr\u00e8s l&rsquo;indice des prix \u00e0 la consommation (CPI), qui avait lui mis en lumi\u00e8re une stabilisation des prix sur un an, \u00e0 2,7% au mois de juillet.<\/p>\n<p class=\"lead \">Au sein des investisseurs, \u00ab\u00a0la crainte est que cette inflation se r\u00e9percute sur l&rsquo;indice des prix PCE (privil\u00e9gi\u00e9 par la Fed, ndlr) et emp\u00eache l&rsquo;institution d&rsquo;\u00eatre aussi agressive dans son approche de r\u00e9duction des taux que ce qui avait \u00e9t\u00e9 envisag\u00e9\u00a0\u00bb en d\u00e9but de semaine, souligne Patrick O&rsquo;Hare, de Briefing.com.<\/p>\n<p class=\"lead \">La banque centrale am\u00e9ricaine dispose d&rsquo;un double mandat, qui consiste \u00e0 maintenir l&rsquo;inflation am\u00e9ricaine autour de 2% sur le long terme tout en assurant les conditions pour maintenir le plein emploi aux Etats-Unis.<\/p>\n<p class=\"lead \">En cons\u00e9quence, \u00ab\u00a0elle ne peut pas r\u00e9duire ses taux si l&rsquo;inflation augmente\u00a0\u00bb, rappelle M. Sarhan.<\/p>\n<p class=\"lead \">Une large majorit\u00e9 d&rsquo;experts s&rsquo;attendent \u00e0 une r\u00e9duction des taux lors de la prochaine r\u00e9union du comit\u00e9 de politique mon\u00e9taire de l&rsquo;institution, selon l&rsquo;outil de veille de CME. Mais ils sont de moins en moins \u00e0 pr\u00e9voir d&rsquo;autres baisses lors des r\u00e9unions suivantes.<\/p>\n<p class=\"lead \">La publication de l&rsquo;indice PPI a tendu le march\u00e9 obligataire am\u00e9ricain: vers 13H45 GMT, le rendement \u00e0 deux ans, le plus sensible aux politiques mon\u00e9taires, \u00e9voluait autour de 3,72% contre 3,67% \u00e0 la cl\u00f4ture mercredi. Le dix ans passait lui de 4,23% \u00e0 4,26%.<\/p>\n<p class=\"lead \">En outre, les inscriptions hebdomadaires au ch\u00f4mage ont l\u00e9g\u00e8rement diminu\u00e9 \u00e0 224.000, en de\u00e7\u00e0 des attentes des analystes qui tablaient sur 228.000 demandes.<\/p>\n<p class=\"lead \">C\u00f4t\u00e9 entreprises, la plateforme d&rsquo;\u00e9changes de cryptomonnaies Bullish (+12,41% \u00e0 76,44 dollars) continuait sa forte progression pour son deuxi\u00e8me jour de cotation \u00e0 la Bourse de New York.<\/p>\n<p class=\"lead \">Le g\u00e9ant chinois du commerce en ligne JD.com (-1,63% \u00e0 31,98 dollars) souffrait d&rsquo;un recul de son b\u00e9n\u00e9fice net, \u00e0 6,2 milliards de yuans pour le deuxi\u00e8me trimestre (environ 900 millions de dollars), malgr\u00e9 un bond de plus de 22% de son chiffre d&rsquo;affaires.<\/p>\n<p class=\"lead \">Le sp\u00e9cialiste des \u00e9quipements agricoles Deere (-6,58% \u00e0 479,76 dollars) glissait apr\u00e8s avoir revu \u00e0 la baisse ses pr\u00e9visions annuelles. L&rsquo;entreprise pr\u00e9voit d\u00e9sormais un chiffre d&rsquo;affaires compris entre 4,75 et 5,25 milliards de dollars.<\/p>\n<p class=\"lead \"><a href=\"http:\/\/www.nasdaq.com\/\" target=\"_blank\" rel=\"noopener\">Nasdaq<\/a><\/p>\n<p class=\"small font-weight-bold text-gray3 \"> publi\u00e9 le 14 ao\u00fbt \u00e0 16h03, AFP<\/p>\n<p>                             Partager<\/p>\n","protected":false},"excerpt":{"rendered":"La Bourse de New York \u00e9volue en baisse jeudi, accusant le coup d&rsquo;une inflation c\u00f4t\u00e9 producteurs nettement sup\u00e9rieure&hellip;\n","protected":false},"author":2,"featured_media":318869,"comment_status":"","ping_status":"","sticky":false,"template":"","format":"standard","meta":{"footnotes":""},"categories":[1354],"tags":[340,58,59,1346,1011,27,6205,1360,14517],"class_list":{"0":"post-318868","1":"post","2":"type-post","3":"status-publish","4":"format-standard","5":"has-post-thumbnail","7":"category-films","8":"tag-bourse","9":"tag-divertissement","10":"tag-entertainment","11":"tag-films","12":"tag-fr","13":"tag-france","14":"tag-marchs","15":"tag-movies","16":"tag-newyork"},"share_on_mastodon":{"url":"https:\/\/pubeurope.com\/@fr\/115027799262591103","error":""},"_links":{"self":[{"href":"https:\/\/www.europesays.com\/fr\/wp-json\/wp\/v2\/posts\/318868","targetHints":{"allow":["GET"]}}],"collection":[{"href":"https:\/\/www.europesays.com\/fr\/wp-json\/wp\/v2\/posts"}],"about":[{"href":"https:\/\/www.europesays.com\/fr\/wp-json\/wp\/v2\/types\/post"}],"author":[{"embeddable":true,"href":"https:\/\/www.europesays.com\/fr\/wp-json\/wp\/v2\/users\/2"}],"replies":[{"embeddable":true,"href":"https:\/\/www.europesays.com\/fr\/wp-json\/wp\/v2\/comments?post=318868"}],"version-history":[{"count":0,"href":"https:\/\/www.europesays.com\/fr\/wp-json\/wp\/v2\/posts\/318868\/revisions"}],"wp:featuredmedia":[{"embeddable":true,"href":"https:\/\/www.europesays.com\/fr\/wp-json\/wp\/v2\/media\/318869"}],"wp:attachment":[{"href":"https:\/\/www.europesays.com\/fr\/wp-json\/wp\/v2\/media?parent=318868"}],"wp:term":[{"taxonomy":"category","embeddable":true,"href":"https:\/\/www.europesays.com\/fr\/wp-json\/wp\/v2\/categories?post=318868"},{"taxonomy":"post_tag","embeddable":true,"href":"https:\/\/www.europesays.com\/fr\/wp-json\/wp\/v2\/tags?post=318868"}],"curies":[{"name":"wp","href":"https:\/\/api.w.org\/{rel}","templated":true}]}}