{"id":318870,"date":"2025-08-14T15:21:11","date_gmt":"2025-08-14T15:21:11","guid":{"rendered":"https:\/\/www.europesays.com\/fr\/318870\/"},"modified":"2025-08-14T15:21:11","modified_gmt":"2025-08-14T15:21:11","slug":"une-etude-revele-lexistence-de-predispositions-genetiques","status":"publish","type":"post","link":"https:\/\/www.europesays.com\/fr\/318870\/","title":{"rendered":"une \u00e9tude r\u00e9v\u00e8le l\u2019existence de pr\u00e9dispositions g\u00e9n\u00e9tiques"},"content":{"rendered":"<p>    En France, 250.000 personnes seraient touch\u00e9es par ce syndrome, dont 80% de femmes.<br \/>\n                \u0422\u0430\u0442\u044c\u044f\u043d\u0430 \u0412\u043e\u043b\u043a\u043e\u0432\u0430 \/ stock.adobe.com<\/p>\n<p>Des chercheurs britanniques ont identifi\u00e9 huit \u00absignaux g\u00e9n\u00e9tiques\u00bb qui diff\u00e8rent chez les personnes atteintes d\u2019enc\u00e9phalomy\u00e9lite myalgique.<\/p>\n<p class=\"fig-paragraph\">Une d\u00e9couverte qui pourrait changer la vie des personnes atteintes d\u2019enc\u00e9phalomy\u00e9lite myalgique (EM) ou\u00a0<a href=\"http:\/\/sante.lefigaro.fr\/social\/sante-publique\/neurologie-pourquoi-la-fatigue-chronique-est-une-maladie-a-part-entiere-20250417\" target=\"_blank\" data-fig-type=\"Article\" rel=\"noopener nofollow\" data-gtm-custom-categorie=\"navigation\" data-gtm-custom-action=\"crossclick\" data-gtm-custom-label=\"Contextuel\" data-gtm-event=\"customEventSPE\" data-fig-domain=\"SANTE\">syndrome de fatigue chronique<\/a>\u00a0(SFC). Des \u00absignaux g\u00e9n\u00e9tiques\u00bb seraient li\u00e9s \u00e0 cette maladie, selon une \u00e9tude d\u2019ampleur intitul\u00e9e\u00a0<a href=\"https:\/\/www.decodeme.org.uk\/initial-dna-results\/\" target=\"_blank\" rel=\"sponsored noopener nofollow\" data-gtm-custom-categorie=\"navigation\" data-gtm-custom-action=\"crossclick\" data-gtm-custom-label=\"Contextuel\" data-gtm-event=\"customEventSPE\">DecodeME<\/a>. Fruit d\u2019une collaboration entre l\u2019Universit\u00e9 d\u2019<a href=\"http:\/\/www.lefigaro.fr\/flash-actu\/ecosse-un-incendie-se-propage-sur-le-volcan-eteint-arthur-s-seat-pres-d-edimbourg-20250811\" target=\"_blank\" data-fig-type=\"NewsFlash\" rel=\"noopener nofollow\" data-gtm-custom-categorie=\"navigation\" data-gtm-custom-action=\"crossclick\" data-gtm-custom-label=\"Contextuel\" data-gtm-event=\"customEventSPE\" data-fig-domain=\"LEFIGARO\">\u00c9dimbourg,<\/a>\u00a0des associations caritatives et des patients atteints d\u2019EM\/SFC, le projet a \u00e9t\u00e9 lanc\u00e9 en 2022 afin d\u2019explorer le r\u00f4le des g\u00e8nes dans le d\u00e9veloppement du syndrome. Les chercheurs qui y ont travaill\u00e9 ont, pour ce faire, analys\u00e9 15.579 \u00e9chantillons d\u2019ADN provenant de personnes atteintes d\u2019EM\/SFC et ceux de plus de 250.000 personnes non atteintes.<\/p>\n<p class=\"fig-paragraph\">Les premiers r\u00e9sultats, partag\u00e9s lors d\u2019une conf\u00e9rence au d\u00e9but du mois, n\u2019ont pas encore \u00e9t\u00e9 publi\u00e9s dans une revue \u00e0 comit\u00e9 de lecture, mais sont disponibles depuis le 6 ao\u00fbt\u00a0<a href=\"https:\/\/www.research.ed.ac.uk\/en\/publications\/initial-findings-from-the-decodeme-genome-wide-association-study-\" target=\"_blank\" rel=\"sponsored noopener nofollow\" data-gtm-custom-categorie=\"navigation\" data-gtm-custom-action=\"crossclick\" data-gtm-custom-label=\"Contextuel\" data-gtm-event=\"customEventSPE\">sur le site de l\u2019universit\u00e9 d\u2019\u00c9dimbourg<\/a>. Les chercheurs de DecodeME expliquent avoir identifi\u00e9 huit r\u00e9gions g\u00e9nomiques associ\u00e9es \u00e0 l\u2019EM\/SFC. Leur d\u00e9couverte sugg\u00e8re que plusieurs variantes de g\u00e8nes commun\u00e9ment trouv\u00e9es dans la population augmentent le risque de d\u00e9velopper la maladie, m\u00eame si de nombreuses personnes porteuses de ces variantes ne l\u2019acquerront jamais.<\/p>\n<p>                                    <a class=\"fig-a11y-skip a11y-hidden\" href=\"#fig-a11y-skip-main-inarticle\"><br \/>\n        Passer la publicit\u00e9<br \/>\n    <\/a><\/p>\n<p class=\"fig-paragraph\">Le professeur Chris Ponting, qui a particip\u00e9 aux travaux de recherche, commente aupr\u00e8s du\u00a0<a href=\"https:\/\/www.theguardian.com\/society\/2025\/aug\/06\/genes-me-chronic-fatigue-syndrome\" target=\"_blank\" rel=\"sponsored noopener nofollow\" data-gtm-custom-categorie=\"navigation\" data-gtm-custom-action=\"crossclick\" data-gtm-custom-label=\"Contextuel\" data-gtm-event=\"customEventSPE\">Guardian<\/a> \u00a0: \u00abCes r\u00e9sultats constituent la premi\u00e8re preuve solide de l\u2019influence g\u00e9n\u00e9tique de l\u2019EM. De nombreuses variantes g\u00e9n\u00e9tiques, pr\u00e9sentes dans le g\u00e9nome, pr\u00e9disposent les personnes \u00e0 recevoir un diagnostic d\u2019EM.\u00bb<\/p>\n<p>\u00abPr\u00e9visible\u00bb<\/p>\n<p class=\"fig-paragraph\">Les huit r\u00e9gions g\u00e9n\u00e9tiques qui se sont distingu\u00e9es chez les personnes atteintes d\u2019EM\/SFC contiennent des g\u00e8nes impliqu\u00e9s dans les d\u00e9fenses immunitaires et le syst\u00e8me nerveux. Des recherches doivent encore \u00eatre faites, mais ces r\u00e9sultats sugg\u00e8rent que certaines variantes g\u00e9n\u00e9tiques pourraient rendre les personnes plus vuln\u00e9rables \u00e0 l\u2019EM\/SFC en compromettant leur capacit\u00e9 \u00e0 combattre les infections bact\u00e9riennes et virales.<\/p>\n<p class=\"fig-paragraph\">Interrog\u00e9 par la revue am\u00e9ricaine\u00a0<a href=\"https:\/\/www.science.org\/content\/article\/possible-genetic-clues-me-chronic-fatigue-syndrome-identified-massive-study\" target=\"_blank\" rel=\"sponsored noopener nofollow\" data-gtm-custom-categorie=\"navigation\" data-gtm-custom-action=\"crossclick\" data-gtm-custom-label=\"Contextuel\" data-gtm-event=\"customEventSPE\">Science<\/a>, le g\u00e9n\u00e9ticien statisticien de l\u2019Universit\u00e9 d\u2019Aarhus Doug Speed (qui n\u2019a pas particip\u00e9 aux travaux) a salu\u00e9 l\u2019approche de l\u2019\u00e9quipe. Il a toutefois averti que ces diff\u00e9rences g\u00e9n\u00e9tiques ne semblent expliquer qu\u2019une infime partie du risque de d\u00e9velopper l\u2019enc\u00e9phalomy\u00e9lite myalgique, laissant la majeure partie de la variation inexpliqu\u00e9e. \u00abC\u2019\u00e9tait largement pr\u00e9visible\u00bb, indique-t-il, car pour de nombreuses maladies humaines, \u00able risque est influenc\u00e9 par des milliers de variantes g\u00e9n\u00e9tiques, chacune n\u2019ayant, \u00e0 elle seule, qu\u2019une influence minime.\u00bb<\/p>\n<p class=\"fig-paragraph\">L\u2019\u00e9quipe de DecodeME est tout de m\u00eame tr\u00e8s positive. Ces d\u00e9couvertes \u00abrenforcent v\u00e9ritablement la cr\u00e9dibilit\u00e9 des personnes atteintes d\u2019EM\u00bb, s\u2019est f\u00e9licit\u00e9e Sonya Chowdhury, directrice g\u00e9n\u00e9rale d\u2019Action for ME et co-investigatrice de DecodeME. \u00abNous savons que de nombreuses personnes ont entendu des commentaires du genre \u201cl\u2019EM n\u2019existe pas\u201d. Elles ont consult\u00e9 des m\u00e9decins qui n\u2019ont pas \u00e9t\u00e9 crus ou qui leur ont dit que ce n\u2019\u00e9tait pas une vraie maladie.\u00bb<\/p>\n<p>Pas encore de traitement<\/p>\n<p class=\"fig-paragraph\">Le syndrome de fatigue chronique est d\u00e9crit par la revue am\u00e9ricaine\u00a0<a href=\"https:\/\/www.science.org\/content\/article\/possible-genetic-clues-me-chronic-fatigue-syndrome-identified-massive-study\" target=\"_blank\" rel=\"sponsored noopener nofollow\" data-gtm-custom-categorie=\"navigation\" data-gtm-custom-action=\"crossclick\" data-gtm-custom-label=\"Contextuel\" data-gtm-event=\"customEventSPE\">Science<\/a>\u00a0comme \u00e9tant \u00abmal compris\u00bb. Il toucherait plusieurs millions de personnes dans le monde. Les sympt\u00f4mes typiques incluent une fatigue extr\u00eame, des troubles du sommeil, un brouillard c\u00e9r\u00e9bral et une aggravation des sympt\u00f4mes apr\u00e8s une activit\u00e9 physique ou mentale, appel\u00e9e malaise post-effort, dont la gu\u00e9rison peut prendre des semaines, d\u00e9taille le\u00a0<a href=\"https:\/\/www.theguardian.com\/society\/2025\/aug\/06\/genes-me-chronic-fatigue-syndrome\" target=\"_blank\" rel=\"sponsored noopener nofollow\" data-gtm-custom-categorie=\"navigation\" data-gtm-custom-action=\"crossclick\" data-gtm-custom-label=\"Contextuel\" data-gtm-event=\"customEventSPE\">Guardian<\/a> . Souvent diagnostiqu\u00e9e suite \u00e0 une infection, l\u2019EM\/SFC pr\u00e9sente des sympt\u00f4mes communs avec des maladies postvirales comme le Covid long.<\/p>\n<p>                                    <a class=\"fig-a11y-skip a11y-hidden\" href=\"#fig-a11y-skip-main-inarticle_mtf\"><br \/>\n        Passer la publicit\u00e9<br \/>\n    <\/a><\/p>\n<p class=\"fig-paragraph\">Il n\u2019existe pas de test clinique pour cette maladie, dont le diagnostic repose g\u00e9n\u00e9ralement sur l\u2019\u00e9limination d\u2019autres causes possibles des sympt\u00f4mes. Les personnes atteintes d\u2019EM\/SFC doivent depuis longtemps lutter contre l\u2019id\u00e9e que leur maladie est un trouble psychologique plut\u00f4t que physique, puisqu\u2019elle est encore rejet\u00e9e par de nombreux membres de la communaut\u00e9 m\u00e9dicale. En France, 250.000 personnes seraient touch\u00e9es par ce syndrome, dont 80% de femmes. Cette pr\u00e9valence n\u2019a malheureusement pu \u00eatre expliqu\u00e9e par l\u2019\u00e9tude g\u00e9n\u00e9tique. S\u2019il n\u2019existe pas encore de traitement pour soigner l\u2019EM\/SFC, les chercheurs esp\u00e8rent que leurs d\u00e9couvertes inciteront les investisseurs \u00e0 financer davantage de travaux de recherches, qui pourraient permettre d\u2019en trouver un.<\/p>\n","protected":false},"excerpt":{"rendered":"En France, 250.000 personnes seraient touch\u00e9es par ce syndrome, dont 80% de femmes. \u0422\u0430\u0442\u044c\u044f\u043d\u0430 \u0412\u043e\u043b\u043a\u043e\u0432\u0430 \/ stock.adobe.com Des&hellip;\n","protected":false},"author":2,"featured_media":318871,"comment_status":"","ping_status":"","sticky":false,"template":"","format":"standard","meta":{"footnotes":""},"categories":[10],"tags":[4989,1011,27,72,71],"class_list":{"0":"post-318870","1":"post","2":"type-post","3":"status-publish","4":"format-standard","5":"has-post-thumbnail","7":"category-sante","8":"tag-fatigue","9":"tag-fr","10":"tag-france","11":"tag-health","12":"tag-sante"},"share_on_mastodon":{"url":"https:\/\/pubeurope.com\/@fr\/115027803115741783","error":""},"_links":{"self":[{"href":"https:\/\/www.europesays.com\/fr\/wp-json\/wp\/v2\/posts\/318870","targetHints":{"allow":["GET"]}}],"collection":[{"href":"https:\/\/www.europesays.com\/fr\/wp-json\/wp\/v2\/posts"}],"about":[{"href":"https:\/\/www.europesays.com\/fr\/wp-json\/wp\/v2\/types\/post"}],"author":[{"embeddable":true,"href":"https:\/\/www.europesays.com\/fr\/wp-json\/wp\/v2\/users\/2"}],"replies":[{"embeddable":true,"href":"https:\/\/www.europesays.com\/fr\/wp-json\/wp\/v2\/comments?post=318870"}],"version-history":[{"count":0,"href":"https:\/\/www.europesays.com\/fr\/wp-json\/wp\/v2\/posts\/318870\/revisions"}],"wp:featuredmedia":[{"embeddable":true,"href":"https:\/\/www.europesays.com\/fr\/wp-json\/wp\/v2\/media\/318871"}],"wp:attachment":[{"href":"https:\/\/www.europesays.com\/fr\/wp-json\/wp\/v2\/media?parent=318870"}],"wp:term":[{"taxonomy":"category","embeddable":true,"href":"https:\/\/www.europesays.com\/fr\/wp-json\/wp\/v2\/categories?post=318870"},{"taxonomy":"post_tag","embeddable":true,"href":"https:\/\/www.europesays.com\/fr\/wp-json\/wp\/v2\/tags?post=318870"}],"curies":[{"name":"wp","href":"https:\/\/api.w.org\/{rel}","templated":true}]}}