{"id":318876,"date":"2025-08-14T15:24:17","date_gmt":"2025-08-14T15:24:17","guid":{"rendered":"https:\/\/www.europesays.com\/fr\/318876\/"},"modified":"2025-08-14T15:24:17","modified_gmt":"2025-08-14T15:24:17","slug":"france-identite-devient-enfin-plus-simple-a-utiliser-et-ca-change-tout","status":"publish","type":"post","link":"https:\/\/www.europesays.com\/fr\/318876\/","title":{"rendered":"France Identit\u00e9 devient (enfin) plus simple \u00e0 utiliser, et \u00e7a change tout"},"content":{"rendered":"<p>Depuis son lancement, <a href=\"https:\/\/www.journaldugeek.com\/2025\/04\/01\/carte-didentite-sur-smartphone-tout-le-monde-peut-la-demander-voici-comment-faire\/\" target=\"_blank\" rel=\"noopener\">l\u2019application France Identit\u00e9 s\u2019est impos\u00e9e comme un outil indispensable<\/a> pour celles et ceux qui souhaitent d\u00e9mat\u00e9rialiser leurs papiers officiels. Initialement pens\u00e9e pour h\u00e9berger la nouvelle carte d\u2019identit\u00e9 num\u00e9rique, elle accueille d\u00e9sormais une panoplie de documents\u00a0: permis de conduire, carte grise, attestation d\u2019assurance, et m\u00eame <a href=\"https:\/\/www.journaldugeek.com\/2024\/10\/10\/la-carte-vitale-arrive-sur-lapplication-france-identite-comment-lobtenir\/\" target=\"_blank\" rel=\"noopener\">carte vitale<\/a>, via une application d\u00e9di\u00e9e.<\/p>\n<p> Ce d\u00e9tail qui va tout changer <\/p>\n<p><a href=\"https:\/\/www.journaldugeek.com\/telecharger\/internet\/internet_utlitaire\/france-identite.html\" target=\"_blank\" rel=\"noopener\">L\u2019application<\/a> a encore innov\u00e9 cette semaine, avec l\u2019introduction d\u2019un centre de notifications. Une fonctionnalit\u00e9 attendue de longue date, qui promet de faciliter son utilisation. D\u00e9sormais, on retrouve un centre de notifications, accessible depuis une ic\u00f4ne en forme de cloche, en haut \u00e0 droite de l\u2019interface. Si cette innovation, n\u2019est pas r\u00e9volutionnaire sur le plan technique, elle vient pourtant combler l\u2019un des plus gros manques de l\u2019ancienne version.<\/p>\n<p>Concr\u00e8tement, le syst\u00e8me informera imm\u00e9diatement l\u2019usager lorsqu\u2019une action sera requise\u00a0: renouvellement d\u2019une connexion expir\u00e9e \u00e0 FranceConnect, ajout ou mise \u00e0 jour d\u2019un document, ou encore r\u00e9ception d\u2019une attestation d\u00e9mat\u00e9rialis\u00e9e. L\u00e0 o\u00f9 l\u2019exp\u00e9rience pouvait souffrir d\u2019un certain flou, la centralisation des notifications au sein d\u2019un onglet d\u00e9di\u00e9 permet de visualiser en un coup d\u2019\u0153il la liste des actions \u00e0 r\u00e9aliser.<\/p>\n<p> Faciliter l\u2019utilisation, et l\u2019adoption de l\u2019application <\/p>\n<p>L\u2019utilit\u00e9 du centre de notifications devrait s\u2019illustrer lors de situations administratives quotidiennes\u00a0: <a href=\"https:\/\/www.journaldugeek.com\/2025\/01\/21\/plus-de-billet-ni-de-carte-didentite-la-sncf-va-tester-un-nouveau-dispositif-de-controle\/\" target=\"_blank\" rel=\"noopener\">contr\u00f4le routier<\/a>, visite m\u00e9dicale, d\u00e9claration en ligne. Au lieu de fouiller dans les menus ou d\u2019attendre une alerte syst\u00e8me, l\u2019utilisateur est d\u00e9sormais guid\u00e9 pas \u00e0 pas, avec la garantie de ne rien rater d\u2019important. Cette optimisation est discr\u00e8te, mais strat\u00e9gique, pour une application dont la vocation est justement de simplifier les d\u00e9marches aupr\u00e8s des services administratifs en ligne.<\/p>\n<p>Ce nouveau dispositif aide \u00e9galement \u00e0 rem\u00e9dier \u00e0 l\u2019expiration parfois inattendue de la connexion FranceConnect sans carte d\u2019identit\u00e9, qui pouvait jusqu\u2019ici perturber l\u2019acc\u00e8s \u00e0 certains sites officiels. Si tel est le cas, l\u2019application pr\u00e9vient l\u2019usager via le centre de notifications et propose un bouton \u201cRenouveler ma connexion\u201c, qui permet d\u2019\u00e9viter les mauvaises surprises.<\/p>\n<p>Face \u00e0 une num\u00e9risation croissante des services publics, France Identit\u00e9 n\u2019a pas d\u2019autre choix que de se mettre au diapason, sans sacrifier la s\u00e9curit\u00e9 administrative. Ce pas de plus dans l\u2019\u00e9volution de France Identit\u00e9 marque une \u00e9tape suppl\u00e9mentaire vers la d\u00e9mocratisation du dispositif tout d\u00e9mat\u00e9rialis\u00e9. La d\u00e9marche pr\u00e9pare le terrain \u00e0 des services encore plus int\u00e9gr\u00e9s. Encore faut-il assurer aux internautes de la fiabilit\u00e9 des outils d\u00e9ploy\u00e9s.<\/p>\n<blockquote>\n<p class=\"text-base text-neutral-700 dark:text-neutral-300\">\ud83d\udfe3 Pour ne manquer aucune news sur le Journal du Geek, abonnez-vous sur <a href=\"https:\/\/news.google.com\/publications\/CAAqBwgKMNr_hAswwYyCAw?hl=fr&amp;gl=FR&amp;ceid=FR%3Afr\" target=\"_blank\" rel=\"noopener\">Google Actualit\u00e9s<\/a> et sur <a href=\"https:\/\/whatsapp.com\/channel\/0029VaClM5y4tRry12tb7D2h\" target=\"_blank\" rel=\"noopener\">notre WhatsApp<\/a>. Et si vous nous adorez, on a <a href=\"https:\/\/www.journaldugeek.com\/newsletter\/\" target=\"_blank\" rel=\"noopener\">une newsletter tous les matins<\/a>.<\/p>\n<\/blockquote>\n","protected":false},"excerpt":{"rendered":"Depuis son lancement, l\u2019application France Identit\u00e9 s\u2019est impos\u00e9e comme un outil indispensable pour celles et ceux qui souhaitent&hellip;\n","protected":false},"author":2,"featured_media":318877,"comment_status":"","ping_status":"","sticky":false,"template":"","format":"standard","meta":{"footnotes":""},"categories":[7],"tags":[8035,1011,27,7652,43,40,41,39,42,44],"class_list":{"0":"post-318876","1":"post","2":"type-post","3":"status-publish","4":"format-standard","5":"has-post-thumbnail","7":"category-sciences-et-technologies","8":"tag-application","9":"tag-fr","10":"tag-france","11":"tag-france-identite","12":"tag-science","13":"tag-science-and-technology","14":"tag-sciences","15":"tag-sciences-et-technologies","16":"tag-technologies","17":"tag-technology"},"share_on_mastodon":{"url":"https:\/\/pubeurope.com\/@fr\/115027815269353245","error":""},"_links":{"self":[{"href":"https:\/\/www.europesays.com\/fr\/wp-json\/wp\/v2\/posts\/318876","targetHints":{"allow":["GET"]}}],"collection":[{"href":"https:\/\/www.europesays.com\/fr\/wp-json\/wp\/v2\/posts"}],"about":[{"href":"https:\/\/www.europesays.com\/fr\/wp-json\/wp\/v2\/types\/post"}],"author":[{"embeddable":true,"href":"https:\/\/www.europesays.com\/fr\/wp-json\/wp\/v2\/users\/2"}],"replies":[{"embeddable":true,"href":"https:\/\/www.europesays.com\/fr\/wp-json\/wp\/v2\/comments?post=318876"}],"version-history":[{"count":0,"href":"https:\/\/www.europesays.com\/fr\/wp-json\/wp\/v2\/posts\/318876\/revisions"}],"wp:featuredmedia":[{"embeddable":true,"href":"https:\/\/www.europesays.com\/fr\/wp-json\/wp\/v2\/media\/318877"}],"wp:attachment":[{"href":"https:\/\/www.europesays.com\/fr\/wp-json\/wp\/v2\/media?parent=318876"}],"wp:term":[{"taxonomy":"category","embeddable":true,"href":"https:\/\/www.europesays.com\/fr\/wp-json\/wp\/v2\/categories?post=318876"},{"taxonomy":"post_tag","embeddable":true,"href":"https:\/\/www.europesays.com\/fr\/wp-json\/wp\/v2\/tags?post=318876"}],"curies":[{"name":"wp","href":"https:\/\/api.w.org\/{rel}","templated":true}]}}