{"id":318890,"date":"2025-08-14T15:33:13","date_gmt":"2025-08-14T15:33:13","guid":{"rendered":"https:\/\/www.europesays.com\/fr\/318890\/"},"modified":"2025-08-14T15:33:13","modified_gmt":"2025-08-14T15:33:13","slug":"les-embiez-une-ile-et-mille-histoires-a-decouvrir-grace-aux-visites-guidees","status":"publish","type":"post","link":"https:\/\/www.europesays.com\/fr\/318890\/","title":{"rendered":"Les Embiez: une \u00eele et mille histoires \u00e0 d\u00e9couvrir gr\u00e2ce aux visites guid\u00e9es"},"content":{"rendered":"<p>Propos\u00e9es par l\u2019Office du Tourisme, les visites guid\u00e9es men\u00e9es par le conf\u00e9rencier Martin Grange d\u00e9voilent les Embiez comme un v\u00e9ritable concentr\u00e9 d\u2019histoire. Des premi\u00e8res navigations antiques vers le port du Brusc aux vestiges de la Seconde Guerre mondiale, en passant par l\u2019\u00e2ge industriel, chaque \u00e9poque y a laiss\u00e9 son empreinte.<\/p>\n<p>Un pass\u00e9 industriel<\/p>\n<p>Au XIXe\u1d49 si\u00e8cle, l\u2019\u00eele accueille une fabrique de soude, aliment\u00e9e par les marais salants. Le proc\u00e9d\u00e9 chimique, rudimentaire et agressif, d\u00e9vaste la biodiversit\u00e9 au point de ravager la v\u00e9g\u00e9tation jusqu\u2019au Brusc, sur le continent. \u00ab\u00a0C\u2019est une page oubli\u00e9e de l\u2019histoire locale. Pendant longtemps, cette \u00eele a \u00e9t\u00e9 exploit\u00e9e, maltrait\u00e9e, et ce n\u2019est que bien plus tard qu\u2019on a compris les d\u00e9g\u00e2ts caus\u00e9s aux sols, \u00e0 la flore, et m\u00eame \u00e0 la m\u00e9moire collective\u00a0\u00bb, explique Martin Grange.<\/p>\n<p>Un avenir tourn\u00e9 vers la pr\u00e9servation<\/p>\n<p>              <img ci-src=\"https:\/\/www.varmatin.com\/vie-locale\/protec\/DATA_ART_16072436-RUKi3YtG.jpg?vh=f9578f&amp;ci_seal=bf9712d4df\" alt=\"\"\/><\/p>\n<p>La modernit\u00e9 s\u2019\u00e9crit avec Paul Ricard. Fondateur du c\u00e9l\u00e8bre pastis et m\u00e9c\u00e8ne visionnaire, il r\u00e9habilite les Embiez apr\u00e8s des d\u00e9cennies d\u2019atteintes industrielles et y fonde un institut oc\u00e9anographique tourn\u00e9 vers l\u2019avenir.<\/p>\n<p>Aujourd\u2019hui, l\u2019\u00eele recense pr\u00e8s de 250 esp\u00e8ces v\u00e9g\u00e9tales, dont certaines end\u00e9miques de M\u00e9diterran\u00e9e, et la lagune du Brusc, bord\u00e9e de posidonies, forme un joyau \u00e9cologique rare. V\u00e9ritable carte postale du climat local, le site est fa\u00e7onn\u00e9 par le mistral. Ce vent embl\u00e9matique courbe les arbres en une anamorphose naturelle et donne aux cannes de Provence une souplesse in\u00e9gal\u00e9e. Exploit\u00e9es dans le Var pour la fabrication des anches d\u2019instruments \u00e0 vent, elles sont r\u00e9put\u00e9es les meilleures au monde, une qualit\u00e9 directement h\u00e9rit\u00e9e de ce souffle persistant. Au fil des pas et des anecdotes, la visite se transforme en un voyage dans le temps, entre m\u00e9moire industrielle, patrimoine naturel et paysages vivants model\u00e9s par le vent. \u00c0 d\u00e9couvrir&#8230;<\/p>\n<p>Pratique Prochaines dates: les 16 septembre et 7 octobre. Tarif adulte 10 euros, enfant de 6 \u00e0 12 ans 3 euros, moins de 6 ans gratuit. Le tarif comprend la visite guid\u00e9e mais pas la travers\u00e9e aller-retour. Infos: www.provencemed.com<\/p>\n","protected":false},"excerpt":{"rendered":"Propos\u00e9es par l\u2019Office du Tourisme, les visites guid\u00e9es men\u00e9es par le conf\u00e9rencier Martin Grange d\u00e9voilent les Embiez comme&hellip;\n","protected":false},"author":2,"featured_media":318891,"comment_status":"","ping_status":"","sticky":false,"template":"","format":"standard","meta":{"footnotes":""},"categories":[9619],"tags":[1111,11,1777,674,1011,27,12,882,25,2310,3366],"class_list":{"0":"post-318890","1":"post","2":"type-post","3":"status-publish","4":"format-standard","5":"has-post-thumbnail","7":"category-toulon","8":"tag-actu","9":"tag-actualites","10":"tag-eu","11":"tag-europe","12":"tag-fr","13":"tag-france","14":"tag-news","15":"tag-provence-alpes-cote-dazur","16":"tag-republique-francaise","17":"tag-toulon","18":"tag-vie-locale"},"share_on_mastodon":{"url":"https:\/\/pubeurope.com\/@fr\/115027850330913430","error":""},"_links":{"self":[{"href":"https:\/\/www.europesays.com\/fr\/wp-json\/wp\/v2\/posts\/318890","targetHints":{"allow":["GET"]}}],"collection":[{"href":"https:\/\/www.europesays.com\/fr\/wp-json\/wp\/v2\/posts"}],"about":[{"href":"https:\/\/www.europesays.com\/fr\/wp-json\/wp\/v2\/types\/post"}],"author":[{"embeddable":true,"href":"https:\/\/www.europesays.com\/fr\/wp-json\/wp\/v2\/users\/2"}],"replies":[{"embeddable":true,"href":"https:\/\/www.europesays.com\/fr\/wp-json\/wp\/v2\/comments?post=318890"}],"version-history":[{"count":0,"href":"https:\/\/www.europesays.com\/fr\/wp-json\/wp\/v2\/posts\/318890\/revisions"}],"wp:featuredmedia":[{"embeddable":true,"href":"https:\/\/www.europesays.com\/fr\/wp-json\/wp\/v2\/media\/318891"}],"wp:attachment":[{"href":"https:\/\/www.europesays.com\/fr\/wp-json\/wp\/v2\/media?parent=318890"}],"wp:term":[{"taxonomy":"category","embeddable":true,"href":"https:\/\/www.europesays.com\/fr\/wp-json\/wp\/v2\/categories?post=318890"},{"taxonomy":"post_tag","embeddable":true,"href":"https:\/\/www.europesays.com\/fr\/wp-json\/wp\/v2\/tags?post=318890"}],"curies":[{"name":"wp","href":"https:\/\/api.w.org\/{rel}","templated":true}]}}