{"id":318892,"date":"2025-08-14T15:34:14","date_gmt":"2025-08-14T15:34:14","guid":{"rendered":"https:\/\/www.europesays.com\/fr\/318892\/"},"modified":"2025-08-14T15:34:14","modified_gmt":"2025-08-14T15:34:14","slug":"2-clubs-a-la-bagarre-pour-lenni-nouchi","status":"publish","type":"post","link":"https:\/\/www.europesays.com\/fr\/318892\/","title":{"rendered":"2 clubs \u00e0 la bagarre pour Lenni Nouchi"},"content":{"rendered":"<p style=\"text-align: justify;\"><strong>TRANSFERTS \u2013 Selon le Midi Olympique, Montpellier et Toulon sont \u00e0 la bagarre pour le troisi\u00e8me ligne Lenni Nouchi (21 ans), en fin de contrat en juin prochain dans l\u2019H\u00e9rault.<\/strong><\/p>\n<p style=\"text-align: justify;\">Le <strong>Montpellier<\/strong> <strong>HR<\/strong> a d\u00e9j\u00e0 perdu un joueur pour la saison 2026-2027. <strong>L\u00e9o<\/strong> <strong>Coly<\/strong> (25 ans) va plier bagages dans quelques mois <a href=\"https:\/\/dicodusport.fr\/blog\/transferts-leo-coly-va-quitter-montpellier-pour-un-autre-club-de-top-14\/\" rel=\"nofollow noopener\" target=\"_blank\">pour rejoindre l\u2019<strong>Aviron Bayonnais<\/strong><\/a>. Le demi de m\u00eal\u00e9e a repouss\u00e9 une offre de prolongation pour tenter une nouvelle aventure. Le <strong>MHR<\/strong> a d\u2019autres joueurs dans ce cas et doit donc tenter d\u2019en s\u00e9curiser un maximum.<\/p>\n<p>Lenni Nouchi entre le MHR et le RCT<\/p>\n<p style=\"text-align: justify;\">Parmi les joueurs en fin de bail, le troisi\u00e8me ligne international <strong>Lenni<\/strong> <strong>Nouchi<\/strong>. Alors que son contrat arrive en terme dans quelques mois, il a re\u00e7u une offre de prolongation du <strong>Montpellier HR<\/strong>. Le club h\u00e9raultais veut en faire un maillon important de son nouveau projet et a donc formul\u00e9 une offre en cons\u00e9quence pour le convaincre.<\/p>\n<p style=\"text-align: justify;\">Mais le <strong>RC<\/strong> <strong>Toulon<\/strong> est aussi sur le coup ! Le club varois suit le joueur depuis plusieurs saisons et avait d\u00e9j\u00e0 tent\u00e9 de le recruter par le pass\u00e9. Apr\u00e8s <a href=\"https:\/\/dicodusport.fr\/blog\/transferts-baptiste-jauneau-un-cador-de-top-14-a-fait-une-offre-xxl\/\" rel=\"nofollow noopener\" target=\"_blank\">avoir propos\u00e9 un gros contrat \u00e0 <strong>Baptiste<\/strong> <strong>Jauneau<\/strong><\/a>, le RCT a aussi transmis une offre \u00e0 <strong>Lenni<\/strong> <strong>Nouchi<\/strong>. Le troisi\u00e8me ligne doit maintenant trancher entre les deux clubs. Sa r\u00e9ponse est attendue dans les jours \u00e0 venir.<\/p>\n<p>\u00c0 ce sujet<br \/>\n<a href=\"https:\/\/dicodusport.fr\/blog\/transferts-rc-toulon-2025-arrivees-departs-et-prolongations\/\" class=\"vlp-link\" title=\"Transferts RC Toulon 2025 : Recrues, d\u00e9parts et prolongations\" rel=\"nofollow noopener\" target=\"_blank\"><img loading=\"lazy\" decoding=\"async\" style=\"max-width: 792px;\" width=\"792\" height=\"445\" class=\"attachment-800x445 size-800x445 perfmatters-lazy\" alt=\"Transferts Rugby Garry Ringrose, Mathis Fert\u00e9, Karim Ghezal, les infos du jeudi 5 d\u00e9cembre\" src=\"https:\/\/www.europesays.com\/fr\/wp-content\/uploads\/2025\/07\/Transferts-Rugby-Garry-Ringrose-Mathis-Ferte-Karim-Ghezal-les-infos-du-jeudi-5-decembre.png\"  data-\/><\/p>\n<p>Transferts RC Toulon 2025 : Recrues, d\u00e9parts et prolongations<\/p>\n<p>Arriv\u00e9es, d\u00e9parts et prolongations au RC Toulon<\/p>\n<p>Lire l&rsquo;article<\/p>\n<p>dicodusport.fr<\/p>\n","protected":false},"excerpt":{"rendered":"TRANSFERTS \u2013 Selon le Midi Olympique, Montpellier et Toulon sont \u00e0 la bagarre pour le troisi\u00e8me ligne Lenni&hellip;\n","protected":false},"author":2,"featured_media":318893,"comment_status":"","ping_status":"","sticky":false,"template":"","format":"standard","meta":{"footnotes":""},"categories":[9619],"tags":[1111,11,2113,1777,674,1011,27,45706,12,882,25,2310,477],"class_list":{"0":"post-318892","1":"post","2":"type-post","3":"status-publish","4":"format-standard","5":"has-post-thumbnail","7":"category-toulon","8":"tag-actu","9":"tag-actualites","10":"tag-breve","11":"tag-eu","12":"tag-europe","13":"tag-fr","14":"tag-france","15":"tag-lenni-nouchi","16":"tag-news","17":"tag-provence-alpes-cote-dazur","18":"tag-republique-francaise","19":"tag-toulon","20":"tag-transferts-rugby"},"share_on_mastodon":{"url":"https:\/\/pubeurope.com\/@fr\/115027854328105432","error":""},"_links":{"self":[{"href":"https:\/\/www.europesays.com\/fr\/wp-json\/wp\/v2\/posts\/318892","targetHints":{"allow":["GET"]}}],"collection":[{"href":"https:\/\/www.europesays.com\/fr\/wp-json\/wp\/v2\/posts"}],"about":[{"href":"https:\/\/www.europesays.com\/fr\/wp-json\/wp\/v2\/types\/post"}],"author":[{"embeddable":true,"href":"https:\/\/www.europesays.com\/fr\/wp-json\/wp\/v2\/users\/2"}],"replies":[{"embeddable":true,"href":"https:\/\/www.europesays.com\/fr\/wp-json\/wp\/v2\/comments?post=318892"}],"version-history":[{"count":0,"href":"https:\/\/www.europesays.com\/fr\/wp-json\/wp\/v2\/posts\/318892\/revisions"}],"wp:featuredmedia":[{"embeddable":true,"href":"https:\/\/www.europesays.com\/fr\/wp-json\/wp\/v2\/media\/318893"}],"wp:attachment":[{"href":"https:\/\/www.europesays.com\/fr\/wp-json\/wp\/v2\/media?parent=318892"}],"wp:term":[{"taxonomy":"category","embeddable":true,"href":"https:\/\/www.europesays.com\/fr\/wp-json\/wp\/v2\/categories?post=318892"},{"taxonomy":"post_tag","embeddable":true,"href":"https:\/\/www.europesays.com\/fr\/wp-json\/wp\/v2\/tags?post=318892"}],"curies":[{"name":"wp","href":"https:\/\/api.w.org\/{rel}","templated":true}]}}