{"id":318900,"date":"2025-08-14T15:39:22","date_gmt":"2025-08-14T15:39:22","guid":{"rendered":"https:\/\/www.europesays.com\/fr\/318900\/"},"modified":"2025-08-14T15:39:22","modified_gmt":"2025-08-14T15:39:22","slug":"un-motard-se-tue-a-villard-de-lans","status":"publish","type":"post","link":"https:\/\/www.europesays.com\/fr\/318900\/","title":{"rendered":"un motard se tue \u00e0 Villard-de-Lans"},"content":{"rendered":"<p itemprop=\"description\"><strong>L&rsquo;accident a eu lieu ce mercredi en d\u00e9but d&rsquo;apr\u00e8s-midi.<\/strong><\/p>\n<p>Dans des circonstances encore floues, un motard a perdu le contr\u00f4le de son engin sur la RD531 \u00e0 Villard-de-Lans. L&rsquo;homme \u00e2ge de 75 ans a lourdement chut\u00e9. L&rsquo;intervention des secours n&rsquo;a pas permis de le sauver, le septuag\u00e9naire est d\u00e9c\u00e9d\u00e9 sur place.<\/p>\n<p>Une enqu\u00eate de gendarmerie a \u00e9t\u00e9 ouverte pour faire la lumi\u00e8re sur ce drame.<\/p>\n","protected":false},"excerpt":{"rendered":"L&rsquo;accident a eu lieu ce mercredi en d\u00e9but d&rsquo;apr\u00e8s-midi. Dans des circonstances encore floues, un motard a perdu&hellip;\n","protected":false},"author":2,"featured_media":318901,"comment_status":"","ping_status":"","sticky":false,"template":"","format":"standard","meta":{"footnotes":""},"categories":[9566],"tags":[1111,11,7733,8279,2430,7736,650,7734,2889,2263,1777,674,1011,27,2731,8280,6417,1114,108,4662,12,3725,1825,25,7737],"class_list":{"0":"post-318900","1":"post","2":"type-post","3":"status-publish","4":"format-standard","5":"has-post-thumbnail","7":"category-grenoble","8":"tag-actu","9":"tag-actualites","10":"tag-alpes","11":"tag-alpes1","12":"tag-auvergne-rhone-alpes","13":"tag-cds","14":"tag-cinema","15":"tag-ecoute","16":"tag-emission","17":"tag-equipe","18":"tag-eu","19":"tag-europe","20":"tag-fr","21":"tag-france","22":"tag-grenoble","23":"tag-haute","24":"tag-information","25":"tag-infos","26":"tag-isere","27":"tag-journal","28":"tag-news","29":"tag-podcast","30":"tag-radio","31":"tag-republique-francaise","32":"tag-winamp"},"share_on_mastodon":{"url":"https:\/\/pubeurope.com\/@fr\/115027874104117403","error":""},"_links":{"self":[{"href":"https:\/\/www.europesays.com\/fr\/wp-json\/wp\/v2\/posts\/318900","targetHints":{"allow":["GET"]}}],"collection":[{"href":"https:\/\/www.europesays.com\/fr\/wp-json\/wp\/v2\/posts"}],"about":[{"href":"https:\/\/www.europesays.com\/fr\/wp-json\/wp\/v2\/types\/post"}],"author":[{"embeddable":true,"href":"https:\/\/www.europesays.com\/fr\/wp-json\/wp\/v2\/users\/2"}],"replies":[{"embeddable":true,"href":"https:\/\/www.europesays.com\/fr\/wp-json\/wp\/v2\/comments?post=318900"}],"version-history":[{"count":0,"href":"https:\/\/www.europesays.com\/fr\/wp-json\/wp\/v2\/posts\/318900\/revisions"}],"wp:featuredmedia":[{"embeddable":true,"href":"https:\/\/www.europesays.com\/fr\/wp-json\/wp\/v2\/media\/318901"}],"wp:attachment":[{"href":"https:\/\/www.europesays.com\/fr\/wp-json\/wp\/v2\/media?parent=318900"}],"wp:term":[{"taxonomy":"category","embeddable":true,"href":"https:\/\/www.europesays.com\/fr\/wp-json\/wp\/v2\/categories?post=318900"},{"taxonomy":"post_tag","embeddable":true,"href":"https:\/\/www.europesays.com\/fr\/wp-json\/wp\/v2\/tags?post=318900"}],"curies":[{"name":"wp","href":"https:\/\/api.w.org\/{rel}","templated":true}]}}