{"id":318902,"date":"2025-08-14T15:40:26","date_gmt":"2025-08-14T15:40:26","guid":{"rendered":"https:\/\/www.europesays.com\/fr\/318902\/"},"modified":"2025-08-14T15:40:26","modified_gmt":"2025-08-14T15:40:26","slug":"football-la-legende-nassim-akrour-devrait-bien-prendre-sa-retraite","status":"publish","type":"post","link":"https:\/\/www.europesays.com\/fr\/318902\/","title":{"rendered":"Football. La l\u00e9gende Nassim Akrour devrait bien prendre sa retraite"},"content":{"rendered":"<p>C&rsquo;est la fin d&rsquo;une carri\u00e8re de l\u00e9gende \u00e0 laquelle a mis fin <a href=\"https:\/\/www.ledauphine.com\/p\/nassim-akrour\" target=\"_blank\" rel=\"noopener\">Nassim Akrour<\/a>, selon le GF38. Comme il l&rsquo;avait d\u00e9j\u00e0 confi\u00e9 <a href=\"https:\/\/www.ledauphine.com\/sport\/2025\/07\/14\/akrour-normalement-je-raccroche\" target=\"_blank\" rel=\"noopener\">au Dauphin\u00e9 Lib\u00e9r\u00e9<\/a> en juillet dernier, l&rsquo;avant-centre franco-alg\u00e9rien devrait bel et bien prendre sa retraite pour se consacrer \u00e0 son poste <a href=\"https:\/\/www.ledauphine.com\/sport\/2025\/06\/28\/apres-son-depart-de-chambery-nassim-akrour-annonce-au-fc-pays-voironnais-en-tant-qu-educateur\" target=\"_blank\" rel=\"noopener\">d&rsquo;\u00e9ducateur au FC Pays Voironnais<\/a>.<\/p>\n<p>A 51 ans, il ne prolongera pas l&rsquo;aventure sur les pelouses, comme l&rsquo;annonce le GF38, mais il laissera une trace ind\u00e9l\u00e9bile dans le football fran\u00e7ais.<\/p>\n<p>Ce contenu est bloqu\u00e9 car vous n&rsquo;avez pas accept\u00e9 les cookies et autres traceurs.<\/p>\n<p>En cliquant sur \u00ab J\u2019accepte \u00bb, les cookies et autres traceurs seront d\u00e9pos\u00e9s et vous pourrez visualiser les contenus  (<a href=\"\" class=\"consentModule_policy\" target=\"_blank\" title=\"Consulter la politique de protection des donn\u00e9es du fournisseur\">plus d&rsquo;informations<\/a>).<\/p>\n<p>En cliquant sur \u00ab J\u2019accepte tous les cookies \u00bb, vous autorisez des d\u00e9p\u00f4ts de cookies et autres traceurs pour le stockage de vos donn\u00e9es sur nos sites et applications \u00e0 des fins de personnalisation et de ciblage publicitaire.<\/p>\n<p class=\"consentModule_secondaryText\">Vous gardez la possibilit\u00e9 de retirer votre consentement \u00e0 tout moment en consultant notre <a href=\"https:\/\/www.ledauphine.com\/protection-des-donnees\" target=\"_blank\" title=\"Consulter notre politique de protection des donn\u00e9es\" rel=\"noopener\">politique de protection des donn\u00e9es<\/a>. <br \/>&#13;<br \/>\n            <a href=\"https:\/\/www.ledauphine.com\/sport\/2025\/08\/14\/javascript:Didomi.notice.show()\" class=\"consentModule_cmp\" target=\"_blank\" rel=\"noopener\">G\u00e9rer mes choix<\/a>&#13;\n        <\/p>\n<p>&#13;<br \/>\n                        J&rsquo;accepte&#13;<br \/>\n            J&rsquo;accepte tous les cookies&#13;\n        <\/p>\n<p>Arriv\u00e9 en 2005 au GF38, l&rsquo;ancien international alg\u00e9rien (18 s\u00e9lections, 6 buts) a\u00a0marqu\u00e9 l&rsquo;histoire du club de la capitale des Alpes.\u00a0En huit saisons \u00e0 Grenoble, il aura marqu\u00e9 110 buts et reste \u00e0 ce jour le meilleur buteur de l&rsquo;histoire du club. Il aura mis ensuite ses qualit\u00e9s devant le but au profit du FC Annecy en National 2 (2016-2019) et du <a href=\"https:\/\/www.ledauphine.com\/sport\/2025\/06\/06\/a-50-ans-nassim-akrour-quitte-chambery\" target=\"_blank\" rel=\"noopener\">Chamb\u00e9ry SF en R\u00e9gional 1<\/a> (2020-2025).<\/p>\n<p>En 30 ans de carri\u00e8re, Nassim Akrour a \u00e9volu\u00e9 \u00e0 tous les \u00e9chelons ou presque. L&rsquo;ancien attaquant a jou\u00e9 trois saisons en Ligue 1 (Troyes, GF38), deux saisons en 5e division anglaise (Woking et Sutton United), avant de faire l&rsquo;essentiel de sa carri\u00e8re en Ligue 2 et en National 2. Il a \u00e9galement particip\u00e9 \u00e0 deux Coupes d\u2019Afrique des Nations avec les Fennecs (2002 et 2004).<\/p>\n","protected":false},"excerpt":{"rendered":"C&rsquo;est la fin d&rsquo;une carri\u00e8re de l\u00e9gende \u00e0 laquelle a mis fin Nassim Akrour, selon le GF38. Comme&hellip;\n","protected":false},"author":2,"featured_media":318903,"comment_status":"","ping_status":"","sticky":false,"template":"","format":"standard","meta":{"footnotes":""},"categories":[9566],"tags":[1111,11,3853,2430,5509,12844,3856,112,1777,674,20116,1701,63,1011,27,329,12637,2731,108,12636,12,11125,25,517,1947],"class_list":{"0":"post-318902","1":"post","2":"type-post","3":"status-publish","4":"format-standard","5":"has-post-thumbnail","7":"category-grenoble","8":"tag-actu","9":"tag-actualites","10":"tag-annecy","11":"tag-auvergne-rhone-alpes","12":"tag-chambery","13":"tag-chambery-bassin","14":"tag-edition-annecy-rumilly-les-aravis","15":"tag-edition-grenoble-agglomeration","16":"tag-eu","17":"tag-europe","18":"tag-fc-annecy","19":"tag-fil-info-sport","20":"tag-football","21":"tag-fr","22":"tag-france","23":"tag-france-monde","24":"tag-gf38-grenoble-foot-38","25":"tag-grenoble","26":"tag-isere","27":"tag-ligue-2-football","28":"tag-news","29":"tag-pays-voironnais","30":"tag-republique-francaise","31":"tag-sport","32":"tag-sport-national"},"share_on_mastodon":{"url":"https:\/\/pubeurope.com\/@fr\/115027877810767895","error":""},"_links":{"self":[{"href":"https:\/\/www.europesays.com\/fr\/wp-json\/wp\/v2\/posts\/318902","targetHints":{"allow":["GET"]}}],"collection":[{"href":"https:\/\/www.europesays.com\/fr\/wp-json\/wp\/v2\/posts"}],"about":[{"href":"https:\/\/www.europesays.com\/fr\/wp-json\/wp\/v2\/types\/post"}],"author":[{"embeddable":true,"href":"https:\/\/www.europesays.com\/fr\/wp-json\/wp\/v2\/users\/2"}],"replies":[{"embeddable":true,"href":"https:\/\/www.europesays.com\/fr\/wp-json\/wp\/v2\/comments?post=318902"}],"version-history":[{"count":0,"href":"https:\/\/www.europesays.com\/fr\/wp-json\/wp\/v2\/posts\/318902\/revisions"}],"wp:featuredmedia":[{"embeddable":true,"href":"https:\/\/www.europesays.com\/fr\/wp-json\/wp\/v2\/media\/318903"}],"wp:attachment":[{"href":"https:\/\/www.europesays.com\/fr\/wp-json\/wp\/v2\/media?parent=318902"}],"wp:term":[{"taxonomy":"category","embeddable":true,"href":"https:\/\/www.europesays.com\/fr\/wp-json\/wp\/v2\/categories?post=318902"},{"taxonomy":"post_tag","embeddable":true,"href":"https:\/\/www.europesays.com\/fr\/wp-json\/wp\/v2\/tags?post=318902"}],"curies":[{"name":"wp","href":"https:\/\/api.w.org\/{rel}","templated":true}]}}