{"id":318904,"date":"2025-08-14T15:41:12","date_gmt":"2025-08-14T15:41:12","guid":{"rendered":"https:\/\/www.europesays.com\/fr\/318904\/"},"modified":"2025-08-14T15:41:12","modified_gmt":"2025-08-14T15:41:12","slug":"cest-triste-de-voir-ce-quil-est-devenu-un-an-apres-la-guerre-entre-narcotrafiquants-dans-ce-quartier-de-rennes-a-laisse-des-traces","status":"publish","type":"post","link":"https:\/\/www.europesays.com\/fr\/318904\/","title":{"rendered":"\u00ab\u00a0C\u2019est triste de voir ce qu\u2019il est devenu\u00a0\u00bb\u00a0: un an apr\u00e8s, la guerre entre narcotrafiquants dans ce quartier de Rennes a laiss\u00e9 des traces"},"content":{"rendered":"<p>\u00ab Tu as pr\u00e9par\u00e9 ton andouillette ce matin ? \u00bb, plaisante Pierrick en s\u2019adressant \u00e0 la charcuti\u00e8re du march\u00e9 des Gayeulles. Ce mardi 12 ao\u00fbt, sous un l\u00e9ger soleil, comme chaque semaine, un petit march\u00e9 se tient devant la station de m\u00e9tro Gayeulles dans le quartier de Maurepas. Tout en achetant des victuailles, les habitants et les commer\u00e7ants discutent l\u00e9g\u00e8rement. La guerre autour du point de deal de la Banane qui faisait rage il y a un an semble lointaine. <\/p>\n<p> Entre juillet et octobre 2024, Maurepas a connu neuf fusillades. Dont une a laiss\u00e9 un enfant de 5 ans handicap\u00e9 \u00e0 vie. Suite aux nombreuses interpellations r\u00e9alis\u00e9es par la police, le calme semble \u00eatre revenu dans le quartier. \u00ab Quoique\u2026 souffle Monique. Il y a un mois, il y a de nouveau des tirs. \u00bb C\u2019est un fait, le point de deal de la Banane tourne toujours \u00e0 plein r\u00e9gime. De 10 h du matin, jusque tard dans la nuit, le point de deal est actif. \u00c0 10 h 30, en plein mois d\u2019ao\u00fbt, le T\u00e9l\u00e9gramme a compt\u00e9 une petite dizaine de choufs et de vendeurs\u2026<\/p>\n<p>Contourner les points chauds<\/p>\n<p>Dans le quartier de Maurepas, le boulevard de Rochester fait office de fronti\u00e8re naturelle. Il y a les gens qui habitent Gros-Ch\u00eane, o\u00f9 les points de deal donnent lieu \u00e0 des r\u00e8glements de compte, et ceux qui habitent Les Gayeulles autrefois appel\u00e9 Le Gast. Les populations se m\u00e9langent peu.<\/p>\n<p>Pr\u00e9sente sur le march\u00e9 place Guy-Ropartz, Annie est une des rares habitantes \u00e0 avoir travers\u00e9 le boulevard pour venir au march\u00e9. Habitante de la rue de Tr\u00e9gain, c\u00f4t\u00e9 Gros-Ch\u00eane, elle explique : \u00ab Moi, je n\u2019ai pas \u00e9t\u00e9 directement impact\u00e9e par les fusillades. Je ne les ai m\u00eame pas entendues. Mais cela fait des ann\u00e9es que j\u2019\u00e9vite le secteur de Gros-Ch\u00eane. Le deal ne date pas d\u2019hier. Je ne vais jamais faire mes courses l\u00e0-bas, j\u2019\u00e9vite le secteur. Je pr\u00e9f\u00e8re aller au Super U, rue de Foug\u00e8res, ou comme aujourd\u2019hui, au march\u00e9 du Gast. \u00bb M\u00eame son de cloche pour Jean-Pierre qui contourne, lui aussi, le secteur. \u00ab Je n\u2019y vais jamais pour les courses d\u2019alimentation uniquement pour la pharmacie et encore. \u00bb<\/p>\n<p>R\u00e9novation urbaine<\/p>\n<p>Pour Eric, 70 ans, qui prom\u00e8ne son petit chien non loin de l\u2019\u00e9cole primaire Toni-Morisson : \u00ab \u00c0 part autour du p\u00f4le associatif de la Marbaudais, le quartier est relativement tranquille. Je n\u2019ai pas peur pour ma s\u00e9curit\u00e9 mais quand je me prom\u00e8ne, je regarde quand m\u00eame qui marche derri\u00e8re. Et j\u2019\u00e9vite la dalle du Gros Ch\u00eane. C\u2019est sale. Y a des gens ab\u00eem\u00e9s par la vie. J\u2019habite le quartier depuis 40 ans. C\u2019est triste de voir ce qu\u2019il est devenu\u2026 \u00c7a me fait de la peine de voir tous ces jeunes d\u00e9s\u0153uvr\u00e9s qui vendent de la drogue. Que vont-ils devenir ? Et surtout que faire pour am\u00e9liorer tout cela. La ville r\u00e9nove beaucoup. Cela suffira-t-il ? \u00bb<\/p>\n","protected":false},"excerpt":{"rendered":"\u00ab Tu as pr\u00e9par\u00e9 ton andouillette ce matin ? \u00bb, plaisante Pierrick en s\u2019adressant \u00e0 la charcuti\u00e8re du&hellip;\n","protected":false},"author":2,"featured_media":318905,"comment_status":"","ping_status":"","sticky":false,"template":"","format":"standard","meta":{"footnotes":""},"categories":[2821],"tags":[1111,11,829,765,1777,674,118,3383,1011,27,12,584,25],"class_list":{"0":"post-318904","1":"post","2":"type-post","3":"status-publish","4":"format-standard","5":"has-post-thumbnail","7":"category-rennes","8":"tag-actu","9":"tag-actualites","10":"tag-bretagne","11":"tag-en-continu","12":"tag-eu","13":"tag-europe","14":"tag-faits-divers","15":"tag-faits-divers-a-rennes","16":"tag-fr","17":"tag-france","18":"tag-news","19":"tag-rennes","20":"tag-republique-francaise"},"share_on_mastodon":{"url":"https:\/\/pubeurope.com\/@fr\/115027881723730267","error":""},"_links":{"self":[{"href":"https:\/\/www.europesays.com\/fr\/wp-json\/wp\/v2\/posts\/318904","targetHints":{"allow":["GET"]}}],"collection":[{"href":"https:\/\/www.europesays.com\/fr\/wp-json\/wp\/v2\/posts"}],"about":[{"href":"https:\/\/www.europesays.com\/fr\/wp-json\/wp\/v2\/types\/post"}],"author":[{"embeddable":true,"href":"https:\/\/www.europesays.com\/fr\/wp-json\/wp\/v2\/users\/2"}],"replies":[{"embeddable":true,"href":"https:\/\/www.europesays.com\/fr\/wp-json\/wp\/v2\/comments?post=318904"}],"version-history":[{"count":0,"href":"https:\/\/www.europesays.com\/fr\/wp-json\/wp\/v2\/posts\/318904\/revisions"}],"wp:featuredmedia":[{"embeddable":true,"href":"https:\/\/www.europesays.com\/fr\/wp-json\/wp\/v2\/media\/318905"}],"wp:attachment":[{"href":"https:\/\/www.europesays.com\/fr\/wp-json\/wp\/v2\/media?parent=318904"}],"wp:term":[{"taxonomy":"category","embeddable":true,"href":"https:\/\/www.europesays.com\/fr\/wp-json\/wp\/v2\/categories?post=318904"},{"taxonomy":"post_tag","embeddable":true,"href":"https:\/\/www.europesays.com\/fr\/wp-json\/wp\/v2\/tags?post=318904"}],"curies":[{"name":"wp","href":"https:\/\/api.w.org\/{rel}","templated":true}]}}