{"id":31891,"date":"2025-04-17T14:46:08","date_gmt":"2025-04-17T14:46:08","guid":{"rendered":"https:\/\/www.europesays.com\/fr\/31891\/"},"modified":"2025-04-17T14:46:08","modified_gmt":"2025-04-17T14:46:08","slug":"nice-pluies-diluviennes-et-risque-dinondations-sur-la-cote-dazur-lalerte-activee","status":"publish","type":"post","link":"https:\/\/www.europesays.com\/fr\/31891\/","title":{"rendered":"Nice. Pluies diluviennes et risque d&rsquo;inondations sur la C\u00f4te d&rsquo;Azur : l&rsquo;alerte activ\u00e9e"},"content":{"rendered":"<p>            Par<br \/>\n        <strong><br \/>\n            <a href=\"https:\/\/actu.fr\/auteur\/ugo-maillard\" title=\"Consulter tous les articles de Ugo Maillard\" target=\"_blank\" rel=\"noopener\">Ugo Maillard<\/a><br \/>\n        <\/strong><\/p>\n<p>        Publi\u00e9 le<\/p>\n<p>            16 avr. 2025 \u00e0 10h15        <\/p>\n<p>Depuis les premi\u00e8res heures de ce mercredi 16\u00a0avril, <a href=\"https:\/\/actu.fr\/nice\/\" target=\"_blank\" rel=\"noopener\">Nice<\/a> et les <a href=\"https:\/\/actu.fr\/provence-alpes-cote-d-azur\/alpes-maritimes_06\" target=\"_blank\" rel=\"noopener\">Alpes-Maritimes<\/a> sont touch\u00e9s par des pluies diluviennes.<\/p>\n<p class=\" wall-content\">Dans cette optique, M\u00e9t\u00e9o France a plac\u00e9 l\u2019int\u00e9gralit\u00e9 du d\u00e9partement en<strong> vigilance jaune<\/strong> pour un risque de \u00ab\u2009pluie-inondation\u2009\u00bb.<\/p>\n<p class=\" wall-content\">Voici les pr\u00e9visions pour les prochaines heures.<\/p>\n<p>De gros cumuls de pluie<\/p>\n<p class=\" wall-content\">\u00c0 l\u2019instar de la journ\u00e9e de mardi <a href=\"https:\/\/actu.fr\/provence-alpes-cote-d-azur\/nice_06088\/nice-les-orages-vont-frapper-les-alpes-maritimes-voici-les-secteurs-touches_62511391.html\" target=\"_blank\" rel=\"noopener\">marqu\u00e9e par des orages<\/a>, le ciel sera d\u00e9cha\u00een\u00e9 \u00e0 Nice et dans les Alpes-Maritimes.<\/p>\n<p class=\" wall-content\">Selon les donn\u00e9es m\u00e9t\u00e9orologiques, entre<strong> 40 et 80 millim\u00e8tres de pluie<\/strong> sont annonc\u00e9s sur la C\u00f4te d\u2019Azur ce mercredi. Les averses devraient tomber sans discontinuer jusque dans la nuit.<\/p>\n<p>Vid\u00e9os : en ce moment sur Actu<\/p>\n<p class=\" wall-content\">C\u2019est pour cette raison que le d\u00e9partement est \u00e9galement plac\u00e9 en vigilance jaune \u00ab\u2009crues\u2009\u00bb.<\/p>\n<p>Des orages demain \u00e0 Nice<\/p>\n<p class=\" wall-content\">La journ\u00e9e de jeudi devrait \u00e0 nouveau \u00eatre marqu\u00e9e par des intemp\u00e9ries \u00e0 Nice. Dans la matin\u00e9e, des orages sont attendus sur la capitale azur\u00e9enne.<\/p>\n<p class=\" wall-content\">Une accalmie est pr\u00e9vue pour vendredi avec un soleil de retour dans le ciel ni\u00e7ois.<\/p>\n<p class=\" wall-content\">Suivez toute l\u2019actualit\u00e9 de vos villes et m\u00e9dias favoris en vous inscrivant \u00e0 <a href=\"https:\/\/moncompte.actu.fr\" title=\"D\u00e9couvez Mon Actu\" rel=\"nofollow noopener\" data-trk=\"{&quot;cta&quot;:{&quot;action&quot;:&quot;https:\\\/\\\/moncompte.actu.fr&quot;,&quot;category&quot;:&quot;mon compte&quot;,&quot;from&quot;:&quot;article footer&quot;,&quot;name&quot;:&quot;Mon actu&quot;,&quot;type&quot;:&quot;cta&quot;}}\" target=\"_blank\">Mon Actu<\/a>.<\/p>\n","protected":false},"excerpt":{"rendered":"Par Ugo Maillard Publi\u00e9 le 16 avr. 2025 \u00e0 10h15 Depuis les premi\u00e8res heures de ce mercredi 16\u00a0avril,&hellip;\n","protected":false},"author":2,"featured_media":31892,"comment_status":"","ping_status":"","sticky":false,"template":"","format":"standard","meta":{"footnotes":""},"categories":[2819],"tags":[1111,11,1777,674,1011,27,2487,2357,12,2401,4459,882,25],"class_list":{"0":"post-31891","1":"post","2":"type-post","3":"status-publish","4":"format-standard","5":"has-post-thumbnail","7":"category-nice","8":"tag-actu","9":"tag-actualites","10":"tag-eu","11":"tag-europe","12":"tag-fr","13":"tag-france","14":"tag-meteo","15":"tag-meteo-france","16":"tag-news","17":"tag-nice","18":"tag-pluie","19":"tag-provence-alpes-cote-dazur","20":"tag-republique-francaise"},"share_on_mastodon":{"url":"https:\/\/pubeurope.com\/@fr\/114353850526406168","error":""},"_links":{"self":[{"href":"https:\/\/www.europesays.com\/fr\/wp-json\/wp\/v2\/posts\/31891","targetHints":{"allow":["GET"]}}],"collection":[{"href":"https:\/\/www.europesays.com\/fr\/wp-json\/wp\/v2\/posts"}],"about":[{"href":"https:\/\/www.europesays.com\/fr\/wp-json\/wp\/v2\/types\/post"}],"author":[{"embeddable":true,"href":"https:\/\/www.europesays.com\/fr\/wp-json\/wp\/v2\/users\/2"}],"replies":[{"embeddable":true,"href":"https:\/\/www.europesays.com\/fr\/wp-json\/wp\/v2\/comments?post=31891"}],"version-history":[{"count":0,"href":"https:\/\/www.europesays.com\/fr\/wp-json\/wp\/v2\/posts\/31891\/revisions"}],"wp:featuredmedia":[{"embeddable":true,"href":"https:\/\/www.europesays.com\/fr\/wp-json\/wp\/v2\/media\/31892"}],"wp:attachment":[{"href":"https:\/\/www.europesays.com\/fr\/wp-json\/wp\/v2\/media?parent=31891"}],"wp:term":[{"taxonomy":"category","embeddable":true,"href":"https:\/\/www.europesays.com\/fr\/wp-json\/wp\/v2\/categories?post=31891"},{"taxonomy":"post_tag","embeddable":true,"href":"https:\/\/www.europesays.com\/fr\/wp-json\/wp\/v2\/tags?post=31891"}],"curies":[{"name":"wp","href":"https:\/\/api.w.org\/{rel}","templated":true}]}}