{"id":318910,"date":"2025-08-14T15:44:19","date_gmt":"2025-08-14T15:44:19","guid":{"rendered":"https:\/\/www.europesays.com\/fr\/318910\/"},"modified":"2025-08-14T15:44:19","modified_gmt":"2025-08-14T15:44:19","slug":"le-rc-strasbourg-pourrait-poser-15me-pour-un-milieu-apres-les-102me-deja-depenses","status":"publish","type":"post","link":"https:\/\/www.europesays.com\/fr\/318910\/","title":{"rendered":"Le RC Strasbourg pourrait poser 15M\u20ac pour un milieu apr\u00e8s les 102M\u20ac d\u00e9j\u00e0 d\u00e9pens\u00e9s"},"content":{"rendered":"<p>\t\t\t\t\t Le Racing Club de Strasbourg a intensifi\u00e9 ses d\u00e9marches en vue du transfert de Valentin Atangana. Ce mercredi, le club alsacien a soumis une nouvelle offre au Stade de Reims dans l\u2019espoir de conclure rapidement l\u2019arriv\u00e9e du jeune milieu de terrain fran\u00e7ais, \u00e2g\u00e9 de 19 ans, selon le journaliste Sacha Tavolieri. <\/p>\n<p>L\u2019op\u00e9ration intervient alors que Strasbourg, sous la houlette de son entra\u00eeneur Liam Rosenior, cherche encore \u00e0 renforcer son entrejeu malgr\u00e9 les arriv\u00e9es de Maxi Oyedele, Mathis Amougou et Pape Demba Diop. <\/p>\n<p><a class=\"liens\" href=\"https:\/\/www.footenfrance.fr\/Valentin-Atangana-Stade-de-Reims-proche-du-RC-Strasbourg_a930.html\" rel=\"nofollow noopener\" target=\"_blank\">Atangana, qui s\u2019est impos\u00e9 la saison derni\u00e8re comme un \u00e9l\u00e9ment cl\u00e9 \u00e0 Reims, est suivi depuis plusieurs mois par le RCSA<\/a>. Malgr\u00e9 la rel\u00e9gation de Reims en Ligue 2, le joueur a marqu\u00e9 les esprits par sa maturit\u00e9 et sa r\u00e9gularit\u00e9, disputant 41 matchs la saison derni\u00e8re. Sa progression n\u2019a pas \u00e9chapp\u00e9 \u00e0 d\u2019autres clubs europ\u00e9ens, mais c\u2019est bien le RC Strasbourg qui semble en pole position pour le recruter. <\/p>\n<p>Les discussions entre les deux clubs ont notablement avanc\u00e9 ces derni\u00e8res heures. Le Stade de Reims, qui esp\u00e8re une indemnit\u00e9 avoisinant les 15 millions d\u2019euros, n\u2019a pas encore trouv\u00e9 d\u2019accord d\u00e9finitif avec Strasbourg, dont la derni\u00e8re proposition atteindrait environ 11millions d\u2019euros. Alors que Reims doit faire face \u00e0 d\u2019importants enjeux financiers li\u00e9s \u00e0 sa descente, la vente d\u2019Atangana repr\u00e9senterait une op\u00e9ration majeure pour le club champenois. Du c\u00f4t\u00e9 du joueur, la porte serait d\u00e9sormais ouverte \u00e0 un d\u00e9part vers l\u2019Alsace. <\/p>\n<p>Aucune \u00e9ch\u00e9ance pr\u00e9cise n\u2019a encore \u00e9t\u00e9 fix\u00e9e pour la finalisation du transfert, mais la volont\u00e9 commune des trois parties laisse pr\u00e9sager une issue rapide. Le RCSA esp\u00e8re boucler le dossier avant la fin de semaine afin d\u2019int\u00e9grer rapidement sa recrue \u00e0 l\u2019effectif.\n\t\t\t\t <\/p>\n","protected":false},"excerpt":{"rendered":"Le Racing Club de Strasbourg a intensifi\u00e9 ses d\u00e9marches en vue du transfert de Valentin Atangana. Ce mercredi,&hellip;\n","protected":false},"author":2,"featured_media":318911,"comment_status":"","ping_status":"","sticky":false,"template":"","format":"standard","meta":{"footnotes":""},"categories":[2820],"tags":[1111,11,1777,674,1011,27,775,12,25,640],"class_list":{"0":"post-318910","1":"post","2":"type-post","3":"status-publish","4":"format-standard","5":"has-post-thumbnail","7":"category-strasbourg","8":"tag-actu","9":"tag-actualites","10":"tag-eu","11":"tag-europe","12":"tag-fr","13":"tag-france","14":"tag-grand-est","15":"tag-news","16":"tag-republique-francaise","17":"tag-strasbourg"},"share_on_mastodon":{"url":"https:\/\/pubeurope.com\/@fr\/115027893610838103","error":""},"_links":{"self":[{"href":"https:\/\/www.europesays.com\/fr\/wp-json\/wp\/v2\/posts\/318910","targetHints":{"allow":["GET"]}}],"collection":[{"href":"https:\/\/www.europesays.com\/fr\/wp-json\/wp\/v2\/posts"}],"about":[{"href":"https:\/\/www.europesays.com\/fr\/wp-json\/wp\/v2\/types\/post"}],"author":[{"embeddable":true,"href":"https:\/\/www.europesays.com\/fr\/wp-json\/wp\/v2\/users\/2"}],"replies":[{"embeddable":true,"href":"https:\/\/www.europesays.com\/fr\/wp-json\/wp\/v2\/comments?post=318910"}],"version-history":[{"count":0,"href":"https:\/\/www.europesays.com\/fr\/wp-json\/wp\/v2\/posts\/318910\/revisions"}],"wp:featuredmedia":[{"embeddable":true,"href":"https:\/\/www.europesays.com\/fr\/wp-json\/wp\/v2\/media\/318911"}],"wp:attachment":[{"href":"https:\/\/www.europesays.com\/fr\/wp-json\/wp\/v2\/media?parent=318910"}],"wp:term":[{"taxonomy":"category","embeddable":true,"href":"https:\/\/www.europesays.com\/fr\/wp-json\/wp\/v2\/categories?post=318910"},{"taxonomy":"post_tag","embeddable":true,"href":"https:\/\/www.europesays.com\/fr\/wp-json\/wp\/v2\/tags?post=318910"}],"curies":[{"name":"wp","href":"https:\/\/api.w.org\/{rel}","templated":true}]}}