{"id":318915,"date":"2025-08-14T15:48:17","date_gmt":"2025-08-14T15:48:17","guid":{"rendered":"https:\/\/www.europesays.com\/fr\/318915\/"},"modified":"2025-08-14T15:48:17","modified_gmt":"2025-08-14T15:48:17","slug":"fc-nantes-jai-toujours-eu-pour-objectif-de-venir-en-ligue-1-dit-amady-camara-sport","status":"publish","type":"post","link":"https:\/\/www.europesays.com\/fr\/318915\/","title":{"rendered":"FC Nantes. \u00ab\u00a0J\u2019ai toujours eu pour objectif de venir en Ligue 1\u00a0\u00bb, dit Amady Camara . Sport"},"content":{"rendered":"<p>Jeudi midi, les deux derni\u00e8res recrues du FC Nantes ont \u00e9t\u00e9 pr\u00e9sent\u00e9es \u00e0 la presse \u00e0 la Joneli\u00e8re. L\u2019attaquant malien <a href=\"https:\/\/nantes.maville.com\/sport\/detail_-mercato.-fc-nantes-les-canaris-officialisent-l-arrivee-d-un-nouvel-attaquant-_8-6930045_actu.Htm\" target=\"_self\" rel=\"noopener\">Amady Camara<\/a> (20\u00a0ans) et l\u2019ailier su\u00e9dois <a href=\"https:\/\/nantes.maville.com\/sport\/detail_-mercato-fc-nantes.-apres-validation-de-sa-visite-medicale-l-ailier-mayckel-lahdo-arrive-en-pret-_8-6932645_actu.Htm\" target=\"_self\" rel=\"noopener\">Mayckel Lahdo<\/a> (22\u00a0ans) se sont pr\u00eat\u00e9s au jeu des questions\/r\u00e9ponses. Petit condens\u00e9.<\/p>\n<p>Amady Camara<\/p>\n<p>\u00ab\u00a0Je connaissais un tout petit peu Nantes. Surtout parce que mon compatriote Kalifa Coulibaly a \u00e9volu\u00e9 ici. &#8230;<\/p>\n<p>\u00a0<\/p>\n","protected":false},"excerpt":{"rendered":"Jeudi midi, les deux derni\u00e8res recrues du FC Nantes ont \u00e9t\u00e9 pr\u00e9sent\u00e9es \u00e0 la presse \u00e0 la Joneli\u00e8re.&hellip;\n","protected":false},"author":2,"featured_media":318916,"comment_status":"","ping_status":"","sticky":false,"template":"","format":"standard","meta":{"footnotes":""},"categories":[2818],"tags":[1111,11,3809,1465,1777,674,63,1011,27,1792,1922,766,12,2636,25,6689,479,517,1470,9693],"class_list":{"0":"post-318915","1":"post","2":"type-post","3":"status-publish","4":"format-standard","5":"has-post-thumbnail","7":"category-nantes","8":"tag-actu","9":"tag-actualites","10":"tag-ball","11":"tag-basket","12":"tag-eu","13":"tag-europe","14":"tag-football","15":"tag-fr","16":"tag-france","17":"tag-handball","18":"tag-info","19":"tag-nantes","20":"tag-news","21":"tag-pays-de-la-loire","22":"tag-republique-francaise","23":"tag-roche","24":"tag-rugby","25":"tag-sport","26":"tag-volley","27":"tag-yon"},"share_on_mastodon":{"url":"https:\/\/pubeurope.com\/@fr\/115027909301382614","error":""},"_links":{"self":[{"href":"https:\/\/www.europesays.com\/fr\/wp-json\/wp\/v2\/posts\/318915","targetHints":{"allow":["GET"]}}],"collection":[{"href":"https:\/\/www.europesays.com\/fr\/wp-json\/wp\/v2\/posts"}],"about":[{"href":"https:\/\/www.europesays.com\/fr\/wp-json\/wp\/v2\/types\/post"}],"author":[{"embeddable":true,"href":"https:\/\/www.europesays.com\/fr\/wp-json\/wp\/v2\/users\/2"}],"replies":[{"embeddable":true,"href":"https:\/\/www.europesays.com\/fr\/wp-json\/wp\/v2\/comments?post=318915"}],"version-history":[{"count":0,"href":"https:\/\/www.europesays.com\/fr\/wp-json\/wp\/v2\/posts\/318915\/revisions"}],"wp:featuredmedia":[{"embeddable":true,"href":"https:\/\/www.europesays.com\/fr\/wp-json\/wp\/v2\/media\/318916"}],"wp:attachment":[{"href":"https:\/\/www.europesays.com\/fr\/wp-json\/wp\/v2\/media?parent=318915"}],"wp:term":[{"taxonomy":"category","embeddable":true,"href":"https:\/\/www.europesays.com\/fr\/wp-json\/wp\/v2\/categories?post=318915"},{"taxonomy":"post_tag","embeddable":true,"href":"https:\/\/www.europesays.com\/fr\/wp-json\/wp\/v2\/tags?post=318915"}],"curies":[{"name":"wp","href":"https:\/\/api.w.org\/{rel}","templated":true}]}}