{"id":318929,"date":"2025-08-14T15:55:10","date_gmt":"2025-08-14T15:55:10","guid":{"rendered":"https:\/\/www.europesays.com\/fr\/318929\/"},"modified":"2025-08-14T15:55:10","modified_gmt":"2025-08-14T15:55:10","slug":"pres-de-marseille-il-voulait-se-deguiser-en-pompier-une-intrusion-tourne-a-la-prise-dotage","status":"publish","type":"post","link":"https:\/\/www.europesays.com\/fr\/318929\/","title":{"rendered":"Pr\u00e8s de Marseille. Il voulait se d\u00e9guiser en pompier, une intrusion tourne \u00e0 la \u00ab\u00a0prise d&rsquo;otage\u00a0\u00bb"},"content":{"rendered":"<p>            Par<br \/>\n        <strong><br \/>\n            <a href=\"https:\/\/actu.fr\/auteur\/thomas-blanc\" title=\"Consulter tous les articles de Thomas Blanc\" rel=\"nofollow noopener\" target=\"_blank\">Thomas Blanc<\/a><br \/>\n        <\/strong><\/p>\n<p>        Publi\u00e9 le<\/p>\n<p>            14 ao\u00fbt 2025 \u00e0 17h14        <\/p>\n<p>Bien que tr\u00e8s aim\u00e9s de la population, les soldats du feu ne sont jamais \u00e0 l\u2019abri d\u2019actes isol\u00e9s. Le centre d\u2019<a href=\"https:\/\/actu.fr\/tag\/incendie\" rel=\"nofollow noopener\" target=\"_blank\">incendie<\/a> et de secours de <a href=\"https:\/\/actu.fr\/provence-alpes-cote-d-azur\/gardanne_13041\" rel=\"nofollow noopener\" target=\"_blank\">Gardanne<\/a> (<a href=\"https:\/\/actu.fr\/provence-alpes-cote-d-azur\/bouches-du-rhone_13\" rel=\"nofollow noopener\" target=\"_blank\">Bouches-du-Rh\u00f4ne<\/a>), pr\u00e8s de <a href=\"https:\/\/actu.fr\/marseille\/\" rel=\"nofollow noopener\" target=\"_blank\">Marseille<\/a>, a \u00e9t\u00e9 le lieu d\u2019une <strong>intrusion<\/strong> peu banale dans la nuit du dimanche\u00a010 au lundi 11\u00a0ao\u00fbt 2025. Un sous-officier de garde a \u00e9t\u00e9 <strong>s\u00e9questr\u00e9 dans sa chambre<\/strong> par un ind\u00e9sirable qui voulait\u2026 essayer une tenue de pompier.<\/p>\n<p>    <a href=\"https:\/\/www.google.com\/maps\/embed?pb=!1m18!1m12!1m3!1d21055.90304380961!2d5.45599211995132!3d43.45808667520757!2m3!1f0!2f0!3f0!3m2!1i1024!2i768!4f13.1!3m3!1m2!1s0x12c993c60504fe8b%3A0xb01ee2e31bdea095!2sCentre%20de%20Secours%20Gardanne!5e0!3m2!1sfr!2sfr!4v1755167331699!5m2!1sfr!2sfr\" title=\"Ouvrie le lien\" rel=\"nofollow noopener\" target=\"_blank\">Cliquez ici pour visualiser le contenu<\/a><\/p>\n<p>Un mobile surprenant<\/p>\n<p class=\" wall-content\">\u00ab\u2009Quelqu\u2019un s\u2019est introduit dans le centre par une voie d\u2019acc\u00e8s laiss\u00e9e ouverte par les \u00e9quipes\u2009\u00bb, indique Laurent Guilloteau, secr\u00e9taire g\u00e9n\u00e9ral <a href=\"https:\/\/actu.fr\/tag\/syndicats\" rel=\"nofollow noopener\" target=\"_blank\">CGT<\/a> du Service d\u00e9partemental d\u2019incendie et de secours (Sdis) 13 \u00e0 actu Marseille. L\u2019intrus en question, \u00ab\u2009probablement <strong>alcoolis\u00e9<\/strong>\u2009\u00bb d\u2019apr\u00e8s le repr\u00e9sentant du personnel, avait un mobile bien particulier pour infiltrer le lieu\u2009: il souhaitait <strong>enfiler une tenue de soldat du feu<\/strong>.<\/p>\n<p class=\" wall-content\">Apr\u00e8s un temps aux prises de son ravisseur, la victime, \u00ab\u2009a r\u00e9ussi \u00e0 se lib\u00e9rer et \u00e0 l\u2019occuper en acc\u00e9dant \u00e0 sa requ\u00eate\u2009\u00bb, raconte encore Laurent Guilloteau. C\u2019est donc pendant que l\u2019intrus se contemplait en uniforme que le chef de garde a saisi l\u2019opportunit\u00e9 de joindre la <a href=\"https:\/\/actu.fr\/tag\/gendarmerie\" rel=\"nofollow noopener\" target=\"_blank\">gendarmerie<\/a> qui a <strong>interpell\u00e9 l\u2019individu<\/strong>.<\/p>\n<p class=\" wall-content\">L\u2019individu en question \u00e9tait d\u00e9j\u00e0 <strong>connu des forces de l\u2019ordre<\/strong>, selon les informations recueillies par le secr\u00e9taire g\u00e9n\u00e9ral CGT Sdis 13.<\/p>\n<p>Martine Vassal parle d\u2019un \u00ab\u2009d\u00e9s\u00e9quilibr\u00e9\u2009\u00bb<\/p>\n<p class=\" wall-content\">Un \u00e9v\u00e8nement qui a fait r\u00e9agir la pr\u00e9sidente du d\u00e9partement des <a href=\"https:\/\/actu.fr\/provence-alpes-cote-d-azur\/bouches-du-rhone_13\" rel=\"nofollow noopener\" target=\"_blank\">Bouches-du-Rh\u00f4ne<\/a>, Martine Vassal. Cette derni\u00e8re d\u00e9nonce, dans un post sur le <a href=\"https:\/\/x.com\/home\" rel=\"nofollow\">r\u00e9seau social X<\/a>, l\u2019acte \u00ab\u2009d\u2019un <strong>d\u00e9s\u00e9quilibr\u00e9<\/strong>\u2009\u00bb et appuie que \u00ab\u2009l\u2019ins\u00e9curit\u00e9 est partout\u2009\u00bb.<\/p>\n<p class=\" wall-content\">\n<p class=\" wall-content\">En sa qualit\u00e9 de pr\u00e9sidente du conseil d\u2019administration de l\u2019\u00c9cole nationale sup\u00e9rieure des officiers de sapeurs-pompiers, elle apporte, \u00ab\u2009[s]on soutien\u2009\u00bb et salue \u00ab\u2009le sang-froid du pompier <strong>pris en otage<\/strong> pendant de longues minutes.\u2009\u00bb<\/p>\n<p class=\" wall-content\">Un suivi psychologique a \u00e9t\u00e9 mis en place par la hi\u00e9rarchie \u00e0 destination de la personne concern\u00e9e et de ses coll\u00e8gues, choqu\u00e9s par cet \u00e9v\u00e8nement troublant.<\/p>\n<p class=\" wall-content\">Contact\u00e9 par notre r\u00e9daction, le procureur de la R\u00e9publique d\u2019<a href=\"https:\/\/actu.fr\/provence-alpes-cote-d-azur\/aix-en-provence_13001\" rel=\"nofollow noopener\" target=\"_blank\">Aix-en-Provence<\/a> n\u2019avait pas r\u00e9pondu \u00e0 l\u2019heure de la publication de cet article.<\/p>\n<p class=\" wall-content\">Suivez toute l\u2019actualit\u00e9 de vos villes et m\u00e9dias favoris en vous inscrivant \u00e0 <a href=\"https:\/\/moncompte.actu.fr\" title=\"D\u00e9couvez Mon Actu\" rel=\"nofollow noopener\" data-trk=\"{&quot;cta&quot;:{&quot;action&quot;:&quot;https:\\\/\\\/moncompte.actu.fr&quot;,&quot;category&quot;:&quot;mon compte&quot;,&quot;from&quot;:&quot;article footer&quot;,&quot;name&quot;:&quot;Mon actu&quot;,&quot;type&quot;:&quot;cta&quot;}}\" target=\"_blank\">Mon Actu<\/a>.<\/p>\n","protected":false},"excerpt":{"rendered":"Par Thomas Blanc Publi\u00e9 le 14 ao\u00fbt 2025 \u00e0 17h14 Bien que tr\u00e8s aim\u00e9s de la population, les&hellip;\n","protected":false},"author":2,"featured_media":318930,"comment_status":"","ping_status":"","sticky":false,"template":"","format":"standard","meta":{"footnotes":""},"categories":[2814],"tags":[1111,11,1777,674,118,1011,27,3381,884,12,1311,882,25],"class_list":{"0":"post-318929","1":"post","2":"type-post","3":"status-publish","4":"format-standard","5":"has-post-thumbnail","7":"category-marseille","8":"tag-actu","9":"tag-actualites","10":"tag-eu","11":"tag-europe","12":"tag-faits-divers","13":"tag-fr","14":"tag-france","15":"tag-gendarmerie","16":"tag-marseille","17":"tag-news","18":"tag-pompiers","19":"tag-provence-alpes-cote-dazur","20":"tag-republique-francaise"},"share_on_mastodon":{"url":"https:\/\/pubeurope.com\/@fr\/115027936821187596","error":""},"_links":{"self":[{"href":"https:\/\/www.europesays.com\/fr\/wp-json\/wp\/v2\/posts\/318929","targetHints":{"allow":["GET"]}}],"collection":[{"href":"https:\/\/www.europesays.com\/fr\/wp-json\/wp\/v2\/posts"}],"about":[{"href":"https:\/\/www.europesays.com\/fr\/wp-json\/wp\/v2\/types\/post"}],"author":[{"embeddable":true,"href":"https:\/\/www.europesays.com\/fr\/wp-json\/wp\/v2\/users\/2"}],"replies":[{"embeddable":true,"href":"https:\/\/www.europesays.com\/fr\/wp-json\/wp\/v2\/comments?post=318929"}],"version-history":[{"count":0,"href":"https:\/\/www.europesays.com\/fr\/wp-json\/wp\/v2\/posts\/318929\/revisions"}],"wp:featuredmedia":[{"embeddable":true,"href":"https:\/\/www.europesays.com\/fr\/wp-json\/wp\/v2\/media\/318930"}],"wp:attachment":[{"href":"https:\/\/www.europesays.com\/fr\/wp-json\/wp\/v2\/media?parent=318929"}],"wp:term":[{"taxonomy":"category","embeddable":true,"href":"https:\/\/www.europesays.com\/fr\/wp-json\/wp\/v2\/categories?post=318929"},{"taxonomy":"post_tag","embeddable":true,"href":"https:\/\/www.europesays.com\/fr\/wp-json\/wp\/v2\/tags?post=318929"}],"curies":[{"name":"wp","href":"https:\/\/api.w.org\/{rel}","templated":true}]}}