{"id":31893,"date":"2025-04-17T14:47:11","date_gmt":"2025-04-17T14:47:11","guid":{"rendered":"https:\/\/www.europesays.com\/fr\/31893\/"},"modified":"2025-04-17T14:47:11","modified_gmt":"2025-04-17T14:47:11","slug":"sncf-a-nice-le-trafic-a-larret-a-cause-des-intemperies-aucun-train-ne-circule","status":"publish","type":"post","link":"https:\/\/www.europesays.com\/fr\/31893\/","title":{"rendered":"SNCF \u00e0 Nice. Le trafic \u00e0 l&rsquo;arr\u00eat \u00e0 cause des intemp\u00e9ries : aucun train ne circule"},"content":{"rendered":"<p>            Par<br \/>\n        <strong><br \/>\n            <a href=\"https:\/\/actu.fr\/auteur\/ugo-maillard\" title=\"Consulter tous les articles de Ugo Maillard\" target=\"_blank\" rel=\"noopener\">Ugo Maillard<\/a><br \/>\n        <\/strong><\/p>\n<p>        Publi\u00e9 le<\/p>\n<p>            16 avr. 2025 \u00e0 10h57<br \/>\n        ; mis \u00e0 jour le 16 avr. 2025 \u00e0 11h34    <\/p>\n<p><strong>MISE \u00c0 JOUR<\/strong>. Le mercredi 16 avril 2025 \u00e0 11 h30 : La reprise du trafic est d\u00e9sormais estim\u00e9e \u00e0 16h. \u00ab\u00a0Une substitution par car est mise en place en rotation entre Cannes et Grasse avec un arr\u00eat \u00e0 Mouans Sartoux\u00a0\u00bb, pr\u00e9cise la SNCF.<\/p>\n<p class=\" wall-content\">Les intemp\u00e9ries ont d\u00e9j\u00e0 des cons\u00e9quences dans les <a href=\"https:\/\/actu.fr\/provence-alpes-cote-d-azur\/alpes-maritimes_06\" target=\"_blank\" rel=\"noopener\">Alpes-Maritimes<\/a>. Alors que le d\u00e9partement est plac\u00e9 en <strong>vigilance jaune<\/strong> pour un<a href=\"https:\/\/actu.fr\/provence-alpes-cote-d-azur\/nice_06088\/nice-pluies-diluviennes-et-risque-d-inondations-sur-la-cote-d-azur-l-alerte-activee_62516772.html\" target=\"_blank\" rel=\"noopener\"> risque de pluie et d\u2019inondation<\/a>, ce mercredi 16\u00a0avril 2025.<\/p>\n<p class=\" wall-content\">Un obstacle tomb\u00e9 sur les voies<strong> perturbe grandement le trafic<\/strong> des trains sur les axes de la C\u00f4te d\u2019Azur.<\/p>\n<p class=\" wall-content\">La SNCF indique que la circulation des trains est totalement interrompue entre Cannes et Grasse depuis 8\u2009h\u200930, dans les deux sens.<\/p>\n<p>Une reprise estim\u00e9e \u00e0 11\u2009h\u200915<\/p>\n<p class=\" wall-content\">Les voyageurs en gare de Nice doivent prendre leur mal en patience. L\u2019incident s\u2019est produit \u00e0 Ranguin, sur la commune de Cannes.<\/p>\n<p>Vid\u00e9os : en ce moment sur Actu<br \/>\n    <a href=\"https:\/\/www.google.com\/maps\/embed?pb=!1m18!1m12!1m3!1d34652.79193369277!2d6.974258020220742!3d43.5649763888896!2m3!1f0!2f0!3f0!3m2!1i1024!2i768!4f13.1!3m3!1m2!1s0x12ce828638ef95e7%3A0xa0819a879a92630!2sRanguin%2C%2006150%20Cannes!5e0!3m2!1sfr!2sfr!4v1744793578307!5m2!1sfr!2sfr\" title=\"Ouvrie le lien\" target=\"_blank\" rel=\"noopener\">Cliquez ici pour visualiser le contenu<\/a><\/p>\n<p class=\" wall-content\">\n<p class=\" wall-content\">Sur le site de la SNCF, plusieurs trains sont affich\u00e9s en retard. La reprise du trafic est estim\u00e9e \u00e0 11\u2009h\u200915.<\/p>\n<p class=\" wall-content\">Suivez toute l\u2019actualit\u00e9 de vos villes et m\u00e9dias favoris en vous inscrivant \u00e0 <a href=\"https:\/\/moncompte.actu.fr\" title=\"D\u00e9couvez Mon Actu\" rel=\"nofollow noopener\" data-trk=\"{&quot;cta&quot;:{&quot;action&quot;:&quot;https:\\\/\\\/moncompte.actu.fr&quot;,&quot;category&quot;:&quot;mon compte&quot;,&quot;from&quot;:&quot;article footer&quot;,&quot;name&quot;:&quot;Mon actu&quot;,&quot;type&quot;:&quot;cta&quot;}}\" target=\"_blank\">Mon Actu<\/a>.<\/p>\n","protected":false},"excerpt":{"rendered":"Par Ugo Maillard Publi\u00e9 le 16 avr. 2025 \u00e0 10h57 ; mis \u00e0 jour le 16 avr. 2025&hellip;\n","protected":false},"author":2,"featured_media":31894,"comment_status":"","ping_status":"","sticky":false,"template":"","format":"standard","meta":{"footnotes":""},"categories":[2819],"tags":[1111,11,1777,674,1011,27,3059,12,2401,882,25,2215,104],"class_list":{"0":"post-31893","1":"post","2":"type-post","3":"status-publish","4":"format-standard","5":"has-post-thumbnail","7":"category-nice","8":"tag-actu","9":"tag-actualites","10":"tag-eu","11":"tag-europe","12":"tag-fr","13":"tag-france","14":"tag-intemperies","15":"tag-news","16":"tag-nice","17":"tag-provence-alpes-cote-dazur","18":"tag-republique-francaise","19":"tag-sncf","20":"tag-societe"},"share_on_mastodon":{"url":"https:\/\/pubeurope.com\/@fr\/114353854474361742","error":""},"_links":{"self":[{"href":"https:\/\/www.europesays.com\/fr\/wp-json\/wp\/v2\/posts\/31893","targetHints":{"allow":["GET"]}}],"collection":[{"href":"https:\/\/www.europesays.com\/fr\/wp-json\/wp\/v2\/posts"}],"about":[{"href":"https:\/\/www.europesays.com\/fr\/wp-json\/wp\/v2\/types\/post"}],"author":[{"embeddable":true,"href":"https:\/\/www.europesays.com\/fr\/wp-json\/wp\/v2\/users\/2"}],"replies":[{"embeddable":true,"href":"https:\/\/www.europesays.com\/fr\/wp-json\/wp\/v2\/comments?post=31893"}],"version-history":[{"count":0,"href":"https:\/\/www.europesays.com\/fr\/wp-json\/wp\/v2\/posts\/31893\/revisions"}],"wp:featuredmedia":[{"embeddable":true,"href":"https:\/\/www.europesays.com\/fr\/wp-json\/wp\/v2\/media\/31894"}],"wp:attachment":[{"href":"https:\/\/www.europesays.com\/fr\/wp-json\/wp\/v2\/media?parent=31893"}],"wp:term":[{"taxonomy":"category","embeddable":true,"href":"https:\/\/www.europesays.com\/fr\/wp-json\/wp\/v2\/categories?post=31893"},{"taxonomy":"post_tag","embeddable":true,"href":"https:\/\/www.europesays.com\/fr\/wp-json\/wp\/v2\/tags?post=31893"}],"curies":[{"name":"wp","href":"https:\/\/api.w.org\/{rel}","templated":true}]}}