{"id":318931,"date":"2025-08-14T15:56:12","date_gmt":"2025-08-14T15:56:12","guid":{"rendered":"https:\/\/www.europesays.com\/fr\/318931\/"},"modified":"2025-08-14T15:56:12","modified_gmt":"2025-08-14T15:56:12","slug":"les-spartiates-de-marseille-ont-repris-le-chemin-de-lentrainement","status":"publish","type":"post","link":"https:\/\/www.europesays.com\/fr\/318931\/","title":{"rendered":"les Spartiates de Marseille ont repris le chemin de l&rsquo;entra\u00eenement"},"content":{"rendered":"<p>Tout le monde \u00e9tait sur le pont lundi matin dans la brume du Pomge, une \u00e9trange atmosph\u00e8re due \u00e0 la chaleur ambiante, au froid de la glace et \u00e0 un d\u00e9faut du syst\u00e8me de ventilation de la patinoire en d\u00e9but de journ\u00e9e.<\/p>\n<p>Cela n&rsquo;a pas emp\u00each\u00e9 les nouveaux (deux tiers de l&rsquo;effectif environ) de voir le duo de coaches Luc Tardif &#8211; Jonathan Zwikel, ni d&rsquo;entendre leurs consignes (en anglais).<\/p>\n<p>\u00ab\u00a0Pour un premier jour, c&rsquo;\u00e9tait tr\u00e8s bien, a conc\u00e9d\u00e9 le nouveau capitaine des Spartiates, l&rsquo;international Fabien Colotti. La glace \u00e9tait un peu compliqu\u00e9e, mais en ao\u00fbt, on sait qu&rsquo;il fait chaud dehors et c&rsquo;est assez difficile pour \u00e7a. Mais toute l&rsquo;\u00e9quipe a jou\u00e9 le jeu, l&rsquo;intensit\u00e9 \u00e9tait l\u00e0, il y avait un peu de probl\u00e8mes dans la qualit\u00e9 mais c&rsquo;est normal au bout du premier entra\u00eenement.\u00a0\u00bb<\/p>\n<p>Un mini-stage de coh\u00e9sion \u00e0 Glasgow \u00e0 la fin du mois<\/p>\n<p>Pour le reste, l&rsquo;ambiance \u00e9tait plut\u00f4t d\u00e9tendue, et Tardif a mis l&rsquo;accent \u00ab\u00a0uniquement sur les sensations et le physique. \u00c7a ne sert \u00e0 rien de commencer \u00e0 parler de syst\u00e8me ou de points-cl\u00e9s. Il faut laisser les gars se mettre dedans, pendant deux voire trois jours.\u00a0\u00bb<\/p>\n<p>Voil\u00e0 d\u00e9j\u00e0 un moment que les Spartiates ont attaqu\u00e9 la pr\u00e9paration physique\u00a0: les \u00ab\u00a0anciens\u00a0\u00bb depuis Marseille et les nouveaux \u00e0 distance, en lien avec le pr\u00e9parateur physique du club. Ce lundi \u00e9tait surtout l&rsquo;occasion de briser la glace.<\/p>\n<p>\u00ab\u00a0On a quand m\u00eame une ossature, rappelle Tardif. <a href=\"https:\/\/www.laprovence.com\/article\/sports\/126329727346615\/le-mercato-des-spartiates-passe-a-la-vitesse-superieure\" target=\"_blank\" rel=\"noopener\">Des nouveaux viennent se greffer<\/a>, on s&rsquo;est renseign\u00e9 sur leur mentalit\u00e9 et l&rsquo;on esp\u00e8re que \u00e7a va le faire rapidement. Il va falloir qu&rsquo;ils int\u00e8grent notre fa\u00e7on de jouer, notre mentalit\u00e9, notre ADN. Mais je n&rsquo;ai pas d&rsquo;inqui\u00e9tude l\u00e0-dessus.\u00a0\u00bb<\/p>\n<p>Les Marseillais ont un mois et un jour pour pr\u00e9parer leurs affaires de rentr\u00e9e, en pr\u00e9visions <a href=\"https:\/\/www.laprovence.com\/article\/sports\/52423413597104\/hockey-sur-glace-les-spartiates-de-marseille-reprendront-le-12-septembre-a-domicile-contre-anglet\" target=\"_blank\" rel=\"noopener\">du 12\u00a0septembre contre Anglet, \u00e0 domicile<\/a>. D&rsquo;ici l\u00e0, ils auront notamment droit \u00e0 une classe verte de quatre jours \u00e0 Glasgow (\u00c9cosse) fin ao\u00fbt pour y d\u00e9fier doublement l&rsquo;\u00e9quipe locale. \u00ab\u00a0En plus des deux matches et des entra\u00eenements, il y aura aussi un volet coh\u00e9sion d&rsquo;\u00e9quipe\u00a0\u00bb, se r\u00e9jouit Tardif, satisfait \u00e9galement du recrutement estival avec \u00ab\u00a0quatre centres exp\u00e9riment\u00e9s et techniquement tr\u00e8s bons\u00a0\u00bb ainsi qu&rsquo;une d\u00e9fense \u00ab\u00a0plus mobile et plus exp\u00e9riment\u00e9e.\u00a0\u00bb<\/p>\n","protected":false},"excerpt":{"rendered":"Tout le monde \u00e9tait sur le pont lundi matin dans la brume du Pomge, une \u00e9trange atmosph\u00e8re due&hellip;\n","protected":false},"author":2,"featured_media":318932,"comment_status":"","ping_status":"","sticky":false,"template":"","format":"standard","meta":{"footnotes":""},"categories":[2814],"tags":[17,1111,11,1777,674,1011,27,10854,4488,151,884,12,2537,882,25,11824,60,3356],"class_list":{"0":"post-318931","1":"post","2":"type-post","3":"status-publish","4":"format-standard","5":"has-post-thumbnail","7":"category-marseille","8":"tag-17","9":"tag-actu","10":"tag-actualites","11":"tag-eu","12":"tag-europe","13":"tag-fr","14":"tag-france","15":"tag-glace","16":"tag-hockey","17":"tag-les","18":"tag-marseille","19":"tag-news","20":"tag-ont","21":"tag-provence-alpes-cote-dazur","22":"tag-republique-francaise","23":"tag-spartiates","24":"tag-sports","25":"tag-sur"},"share_on_mastodon":{"url":"https:\/\/pubeurope.com\/@fr\/115027940714160244","error":""},"_links":{"self":[{"href":"https:\/\/www.europesays.com\/fr\/wp-json\/wp\/v2\/posts\/318931","targetHints":{"allow":["GET"]}}],"collection":[{"href":"https:\/\/www.europesays.com\/fr\/wp-json\/wp\/v2\/posts"}],"about":[{"href":"https:\/\/www.europesays.com\/fr\/wp-json\/wp\/v2\/types\/post"}],"author":[{"embeddable":true,"href":"https:\/\/www.europesays.com\/fr\/wp-json\/wp\/v2\/users\/2"}],"replies":[{"embeddable":true,"href":"https:\/\/www.europesays.com\/fr\/wp-json\/wp\/v2\/comments?post=318931"}],"version-history":[{"count":0,"href":"https:\/\/www.europesays.com\/fr\/wp-json\/wp\/v2\/posts\/318931\/revisions"}],"wp:featuredmedia":[{"embeddable":true,"href":"https:\/\/www.europesays.com\/fr\/wp-json\/wp\/v2\/media\/318932"}],"wp:attachment":[{"href":"https:\/\/www.europesays.com\/fr\/wp-json\/wp\/v2\/media?parent=318931"}],"wp:term":[{"taxonomy":"category","embeddable":true,"href":"https:\/\/www.europesays.com\/fr\/wp-json\/wp\/v2\/categories?post=318931"},{"taxonomy":"post_tag","embeddable":true,"href":"https:\/\/www.europesays.com\/fr\/wp-json\/wp\/v2\/tags?post=318931"}],"curies":[{"name":"wp","href":"https:\/\/api.w.org\/{rel}","templated":true}]}}