{"id":318938,"date":"2025-08-14T16:00:18","date_gmt":"2025-08-14T16:00:18","guid":{"rendered":"https:\/\/www.europesays.com\/fr\/318938\/"},"modified":"2025-08-14T16:00:18","modified_gmt":"2025-08-14T16:00:18","slug":"antisemitisme-deux-hommes-juifs-victimes-dagressions-en-quelques-heures-dans-des-villes-dile-de-france-a-priori-car-ils-portaient-une-kippa-temoignage-video","status":"publish","type":"post","link":"https:\/\/www.europesays.com\/fr\/318938\/","title":{"rendered":"Antis\u00e9mitisme : Deux hommes juifs victimes d\u2019agressions, en quelques heures, dans des villes d&rsquo;\u00cele-de-France, a priori car ils portaient une kippa &#8211; T\u00e9moignage vid\u00e9o"},"content":{"rendered":"<p>Selon la cha\u00eene i24News, deux hommes juifs ont \u00e9t\u00e9 victimes d\u2019agressions en \u00cele-de-France, a priori car ils portaient une kippa. \u00c0 Livry-Gargan (Seine-Saint-Denis), un homme de 65 ans, Dov Sitruk, a \u00e9t\u00e9 violemment frapp\u00e9 par deux individus apr\u00e8s qu\u2019un v\u00e9hicule avec trois personnes se soit arr\u00eat\u00e9 \u00e0 sa hauteur, dans une rue pavillonnaire, a rapport\u00e9 le Jerusalem Post.<\/p>\n<p>L\u2019homme se rendait \u00e0 la synagogue \u00e0 pied. Les agresseurs lui ont demand\u00e9 leur chemin avant de le frapper, de le pousser et de lui arracher son pendentif en \u00e9toile de David en or, qui \u00e9tait cach\u00e9 sous sa chemise.<\/p>\n<p>La victime a \u00e9t\u00e9 transport\u00e9e \u00e0 l\u2019h\u00f4pital par les pompiers et pr\u00e9sentait des contusions et un \u0153d\u00e8me autour de l\u2019\u0153il gauche. Elle a ensuite \u00e9t\u00e9 examin\u00e9e par l\u2019Unit\u00e9 m\u00e9dico\u2011judiciaire (UMJ).<\/p>\n<p>L\u2019homme a re\u00e7u huit jours d\u2019interruption de travail.<\/p>\n<p>Le m\u00eame jour, un autre homme juif portant lui aussi une kippa a \u00e9t\u00e9 victime d\u2019une agression similaire dans la rue \u00e0 Soisy-sous-Montmorency (Val-d\u2019Oise). Selon Nathalie Cohen-Beizermann, vice-pr\u00e9sidente du Conseil repr\u00e9sentatif des institutions juives de France (CRIF), l\u2019agresseur s\u2019est approch\u00e9 de la victime vers 11h du matin et lui a demand\u00e9 s\u2019il \u00e9tait juif.<\/p>\n<p>Apr\u00e8s la confirmation, l\u2019individu l\u2019a insult\u00e9 et frapp\u00e9, a pr\u00e9cis\u00e9 Cohen-Beizermann \u00e0 CNews. La victime n\u2019a pas \u00e9t\u00e9 bless\u00e9e physiquement, selon le Journal du Dimanche.<\/p>\n<p>L\u2019assaillant, \u00e2g\u00e9 de 40 ans, d\u00e9j\u00e0 connu des services judiciaires, a \u00e9t\u00e9 interpell\u00e9. L\u2019enqu\u00eate a \u00e9t\u00e9 confi\u00e9e au commissariat d\u2019Enghien-les-Bains.<\/p>\n","protected":false},"excerpt":{"rendered":"Selon la cha\u00eene i24News, deux hommes juifs ont \u00e9t\u00e9 victimes d\u2019agressions en \u00cele-de-France, a priori car ils portaient&hellip;\n","protected":false},"author":2,"featured_media":318939,"comment_status":"","ping_status":"","sticky":false,"template":"","format":"standard","meta":{"footnotes":""},"categories":[1592],"tags":[1111,11,22646,1777,674,1011,27,662,17198,12,626,25,809],"class_list":{"0":"post-318938","1":"post","2":"type-post","3":"status-publish","4":"format-standard","5":"has-post-thumbnail","7":"category-ile-de-france","8":"tag-actu","9":"tag-actualites","10":"tag-antisu00e9mitisme","11":"tag-eu","12":"tag-europe","13":"tag-fr","14":"tag-france","15":"tag-ile-de-france","16":"tag-juifs","17":"tag-news","18":"tag-paris","19":"tag-republique-francaise","20":"tag-violence"},"share_on_mastodon":{"url":"https:\/\/pubeurope.com\/@fr\/115027956506650151","error":""},"_links":{"self":[{"href":"https:\/\/www.europesays.com\/fr\/wp-json\/wp\/v2\/posts\/318938","targetHints":{"allow":["GET"]}}],"collection":[{"href":"https:\/\/www.europesays.com\/fr\/wp-json\/wp\/v2\/posts"}],"about":[{"href":"https:\/\/www.europesays.com\/fr\/wp-json\/wp\/v2\/types\/post"}],"author":[{"embeddable":true,"href":"https:\/\/www.europesays.com\/fr\/wp-json\/wp\/v2\/users\/2"}],"replies":[{"embeddable":true,"href":"https:\/\/www.europesays.com\/fr\/wp-json\/wp\/v2\/comments?post=318938"}],"version-history":[{"count":0,"href":"https:\/\/www.europesays.com\/fr\/wp-json\/wp\/v2\/posts\/318938\/revisions"}],"wp:featuredmedia":[{"embeddable":true,"href":"https:\/\/www.europesays.com\/fr\/wp-json\/wp\/v2\/media\/318939"}],"wp:attachment":[{"href":"https:\/\/www.europesays.com\/fr\/wp-json\/wp\/v2\/media?parent=318938"}],"wp:term":[{"taxonomy":"category","embeddable":true,"href":"https:\/\/www.europesays.com\/fr\/wp-json\/wp\/v2\/categories?post=318938"},{"taxonomy":"post_tag","embeddable":true,"href":"https:\/\/www.europesays.com\/fr\/wp-json\/wp\/v2\/tags?post=318938"}],"curies":[{"name":"wp","href":"https:\/\/api.w.org\/{rel}","templated":true}]}}