{"id":318942,"date":"2025-08-14T16:02:20","date_gmt":"2025-08-14T16:02:20","guid":{"rendered":"https:\/\/www.europesays.com\/fr\/318942\/"},"modified":"2025-08-14T16:02:20","modified_gmt":"2025-08-14T16:02:20","slug":"les-valeurs-a-suivre-a-paris-et-en-europe-actualise-14-08-2025-a-0842","status":"publish","type":"post","link":"https:\/\/www.europesays.com\/fr\/318942\/","title":{"rendered":"Les valeurs \u00e0 suivre \u00e0 Paris et en Europe (actualis\u00e9) &#8211; 14\/08\/2025 \u00e0 08:42"},"content":{"rendered":"<p>\n (Actualis\u00e9 avec Aviva, Centrica, Shell, Admiral Group)\n<\/p>\n<p>\n *\n<\/p>\n<p>\n Variation des futures sur indice CAC 40  0#FCE:\n<\/p>\n<p>\n *\n<\/p>\n<p>\n Variation des futures sur indice Stoxx 600  0#FXXP:\n<\/p>\n<p>\n *\n<\/p>\n<p>\n Valeurs qui se traitent ex-dividende  .EX.PA\n<\/p>\n<p>\n *\n<\/p>\n<p>\n Le point sur les march\u00e9s europ\u00e9ens  .EUFR\n<\/p>\n<p>\n Les valeurs \u00e0 suivre jeudi \u00e0<br \/>\nla Bourse de Paris et en Europe :\n<\/p>\n<p>\n * SANOFI<br \/>\n <a href=\"https:\/\/www.boursorama.com\/cours\/1rPSAN\/\" rel=\"nofollow noopener\" target=\"_blank\"><br \/>\n  SASY.PA<br \/>\n <\/a><br \/>\n a annonc\u00e9 jeudi que le rilzabrutinib<br \/>\navait obtenu la d\u00e9signation de m\u00e9dicament orphelin dans l&rsquo;Union<br \/>\neurop\u00e9enne (UE) pour la maladie li\u00e9e aux IGG4, une pathologie<br \/>\nchronique auto-immune. Le rilzabrutinib a aussi re\u00e7u une telle<br \/>\nd\u00e9signation pour la thrombocytop\u00e9nie immunitaire (TPI) aux<br \/>\nEtats-Unis, dans l&rsquo;UE et au Japon.\n<\/p>\n<p>\n * CARMAT<br \/>\n <a href=\"https:\/\/www.boursorama.com\/cours\/1rEPALCAR\/\" rel=\"nofollow noopener\" target=\"_blank\"><br \/>\n  ALCAR.PA<br \/>\n <\/a><br \/>\n a annonc\u00e9 la suspension du cours de son<br \/>\naction \u00e0 compter de ce jeudi en amont de l&rsquo;audience du 19 ao\u00fbt<br \/>\ndu tribunal des activit\u00e9s \u00e9conomiques de Versailles<br \/>\n(Yvelines)pour examiner une offre de reprise re\u00e7ue dans le cadre<br \/>\nde la proc\u00e9dure de redressement judiciaire.\n<\/p>\n<p>\n * THYSSENKRUPP<br \/>\n <a href=\"https:\/\/www.boursorama.com\/cours\/1zTKA\/\" rel=\"nofollow noopener\" target=\"_blank\"><br \/>\n  TKAG.DE<br \/>\n <\/a><br \/>\n a abaiss\u00e9 jeudi ses perspectives<br \/>\nd&rsquo;investissements et de ventes pour l&rsquo;ensemble de l&rsquo;ann\u00e9e, le<br \/>\nconglom\u00e9rat allemand l&rsquo;expliquant par la faiblesse de la demande<br \/>\npour ses produits alors que les droits de douane voulus par le<br \/>\npr\u00e9sident am\u00e9ricain Donald Trump perturbent le commerce mondial.\n<\/p>\n<p>\n * RWE<br \/>\n <a href=\"https:\/\/www.boursorama.com\/cours\/1zRWE\/\" rel=\"nofollow noopener\" target=\"_blank\"><br \/>\n  RWEG.DE<br \/>\n <\/a><br \/>\n &#8211; Le premier producteur d&rsquo;\u00e9lectricit\u00e9<br \/>\nallemand a publi\u00e9 jeudi un b\u00e9n\u00e9fice d&rsquo;exploitation inf\u00e9rieur aux<br \/>\nattentes pour le premier semestre, en raison de faibles<br \/>\nconditions de vent et d&rsquo;une activit\u00e9 commerciale en berne.\n<\/p>\n<p>\n * LANXESS<br \/>\n <a href=\"https:\/\/www.boursorama.com\/cours\/1zLXS\/\" rel=\"nofollow noopener\" target=\"_blank\"><br \/>\n  LXSG.DE<br \/>\n <\/a><br \/>\n recule de 3,3% en avant-Bourse. Le<br \/>\nfabricant de produits chimiques de sp\u00e9cialit\u00e9 a r\u00e9duit jeudi sa<br \/>\npr\u00e9vision de b\u00e9n\u00e9fice pour l&rsquo;ensemble de l&rsquo;ann\u00e9e, en raison<br \/>\nd&rsquo;une faible demande, et ne pr\u00e9voit aucune am\u00e9lioration de<br \/>\nl&rsquo;environnement \u00e9conomique pendant le reste de l&rsquo;ann\u00e9e.\n<\/p>\n<p>\n * CARLSBERG<br \/>\n <a href=\"https:\/\/www.boursorama.com\/cours\/2u0AI4.LQ\/\" rel=\"nofollow noopener\" target=\"_blank\"><br \/>\n  CARLb.CO<br \/>\n <\/a><br \/>\n &#8211; Le brasseur danois a fait \u00e9tat<br \/>\njeudi d&rsquo;une croissance organique de 2,3% de son b\u00e9n\u00e9fice<br \/>\nd&rsquo;exploitation semestriel, \u00e0 7,23 milliards de couronnes<br \/>\ndanoises (965.000 euros), un chiffre en de\u00e7\u00e0 des attentes des<br \/>\nanalystes qui tablaient sur 7,35 milliards de couronnes.\n<\/p>\n<p>\n * SWISS RE<br \/>\n <a href=\"https:\/\/www.boursorama.com\/cours\/2aSREN\/\" rel=\"nofollow noopener\" target=\"_blank\"><br \/>\n  SRENH.S<br \/>\n <\/a><br \/>\n &#8211; Le groupe de r\u00e9assurance a publi\u00e9<br \/>\njeudi un b\u00e9n\u00e9fice net en hausse de 24% au titre du premier<br \/>\nsemestre &#8211; un r\u00e9sultat meilleur que pr\u00e9vu &#8211; et a maintenu ses<br \/>\nobjectifs pour l&rsquo;ensemble de l&rsquo;ann\u00e9e.\n<\/p>\n<p>\n * UBS<br \/>\n <a href=\"https:\/\/www.boursorama.com\/cours\/2aUBSG\/\" rel=\"nofollow noopener\" target=\"_blank\"><br \/>\n  UBSG.S<br \/>\n <\/a><br \/>\n ne devrait pas atteindre son objectif de<br \/>\nsuppression d&#8217;emplois \u00e0 la suite du rachat de Credit Suisse,<br \/>\nrapporte jeudi le Financial Times.\n<\/p>\n<p>\n * EMBRACER<br \/>\n <a href=\"https:\/\/www.boursorama.com\/cours\/3kTHQQF\/\" rel=\"nofollow noopener\" target=\"_blank\"><br \/>\n  EMBRACb.ST<br \/>\n <\/a><br \/>\n &#8211; L&rsquo;\u00e9diteur su\u00e9dois de jeux vid\u00e9o a<br \/>\npubli\u00e9 jeudi un b\u00e9n\u00e9fice d&rsquo;exploitation au premier trimestre<br \/>\nbien inf\u00e9rieur aux attentes des analystes, citant l&rsquo;actuelle<br \/>\nfaiblesse de son catalogue de jeux pour PC et consoles.\n<\/p>\n<p>\n * ADYEN<br \/>\n <a href=\"https:\/\/www.boursorama.com\/cours\/1rAADYEN\/\" rel=\"nofollow noopener\" target=\"_blank\"><br \/>\n  ADYEN.AS<br \/>\n <\/a><br \/>\n &#8211; Le groupe n\u00e9erlandais de paiement a<br \/>\nfait \u00e9tat jeudi d&rsquo;une hausse de 20% de son chiffre d&rsquo;affaires<br \/>\nsemestriel mais celui-ci est en-de\u00e7\u00e0 des attentes du march\u00e9 en<br \/>\nraison des droits de douane am\u00e9ricains et de la faiblesse du<br \/>\ndollar. Le titre est attendu en baisse de 8%, selon des traders.\n<\/p>\n<p>\n * DOUGLAS<br \/>\n <a href=\"https:\/\/www.boursorama.com\/cours\/1zDOU\/\" rel=\"nofollow noopener\" target=\"_blank\"><br \/>\n  DOU1.DE<br \/>\n <\/a><br \/>\n &#8211; Le distributeur allemand de produits<br \/>\nde beaut\u00e9 haut de gamme a fait \u00e9tat jeudi d&rsquo;une baisse moins<br \/>\nimportante que pr\u00e9vu de son b\u00e9n\u00e9fice trimestriel, stimul\u00e9 par<br \/>\ndes ventes plus fortes que pr\u00e9vu.\n<\/p>\n<p>\n * AVIVA<br \/>\n <a href=\"https:\/\/www.boursorama.com\/cours\/1uAV..L\/\" rel=\"nofollow noopener\" target=\"_blank\"><br \/>\n  AV.L<br \/>\n <\/a><br \/>\n &#8211; L&rsquo;assureur britannique a relev\u00e9 jeudi<br \/>\nson dividende int\u00e9rimaire apr\u00e8s avoir fait \u00e9tat d&rsquo;une hausse de<br \/>\n22% de son b\u00e9n\u00e9fice d&rsquo;exploitation semestriel, tir\u00e9e notamment<br \/>\npar une forte croissance des primes d&rsquo;assurance g\u00e9n\u00e9rale au<br \/>\nRoyaume-Uni et en Irlande.\n<\/p>\n<p>\n * CENTRICA<br \/>\n <a href=\"https:\/\/www.boursorama.com\/cours\/1uCNA.L\/\" rel=\"nofollow noopener\" target=\"_blank\"><br \/>\n  CNA.L<br \/>\n <\/a><br \/>\n , le propri\u00e9taire de British Gas, et<br \/>\nEnergy Capital Partners sont en discussions pour acheter le<br \/>\nterminal GNL Isle of Grain \u00e0 NATIONAL GRID<br \/>\n <a href=\"https:\/\/www.boursorama.com\/cours\/1uNG..L\/\" rel=\"nofollow noopener\" target=\"_blank\"><br \/>\n  NG.L<br \/>\n <\/a><br \/>\n dans le cadre<br \/>\nd&rsquo;une transaction \u00e9valu\u00e9e \u00e0 environ 1,5 milliard de livres (1,73<br \/>\nmilliards d&rsquo;euros), a rapport\u00e9 mercredi le Financial Times.\n<\/p>\n<p>\n * SHELL<br \/>\n <a href=\"https:\/\/www.boursorama.com\/cours\/1uSHEL.L\/\" rel=\"nofollow noopener\" target=\"_blank\"><br \/>\n  SHEL.L<br \/>\n <\/a><br \/>\n a ferm\u00e9 la division de craquage<br \/>\ncatalytique r\u00e9siduel (RCCU) de sa raffinerie de Norco, en<br \/>\nLouisiane, d&rsquo;une capacit\u00e9 de 231.827 barils par jour (bpj) en<br \/>\nraison d&rsquo;une r\u00e9vision, ont rapport\u00e9 mercredi des sources proches<br \/>\nde l&rsquo;usine.\n<\/p>\n<p>\n * ADMIRAL GROUP<br \/>\n <a href=\"https:\/\/www.boursorama.com\/cours\/1uADM.L\/\" rel=\"nofollow noopener\" target=\"_blank\"><br \/>\n  ADML.L<br \/>\n <\/a><br \/>\n &#8211; L&rsquo;assureur britannique a fait<br \/>\n\u00e9tat jeudi d&rsquo;une hausse de 67% de son b\u00e9n\u00e9fice avant imp\u00f4ts au<br \/>\ntitre du premier semestre, soutenu par des prix comp\u00e9titifs et<br \/>\nde solides performances dans sa branche d&rsquo;assurance automobile<br \/>\nbritannique.\n<\/p>\n<p>\n L&rsquo;AGENDA FRANCE &amp; INTERNATIONAL \u00c0 7 JOURS:<\/p>\n<p> nL8N3U02UP\n<\/p>\n<p>\n (R\u00e9dig\u00e9 par Mara V\u00eelcu et Claude Chendjou, \u00e9dit\u00e9 par Augustin<br \/>\nTurpin)<\/p>\n","protected":false},"excerpt":{"rendered":"(Actualis\u00e9 avec Aviva, Centrica, Shell, Admiral Group) * Variation des futures sur indice CAC 40 0#FCE: * Variation&hellip;\n","protected":false},"author":2,"featured_media":64038,"comment_status":"","ping_status":"","sticky":false,"template":"","format":"standard","meta":{"footnotes":""},"categories":[1888],"tags":[400,1111,1928,11,1927,398,408,405,1777,674,1011,27,403,402,399,404,12,1926,626,1925,25,401,406,407],"class_list":{"0":"post-318942","1":"post","2":"type-post","3":"status-publish","4":"format-standard","5":"has-post-thumbnail","7":"category-paris","8":"tag-action-cac-40","9":"tag-actu","10":"tag-actu-paris","11":"tag-actualites","12":"tag-actualites-paris","13":"tag-bourse-de-paris","14":"tag-boursorama","15":"tag-cotations","16":"tag-eu","17":"tag-europe","18":"tag-fr","19":"tag-france","20":"tag-indices-devises","21":"tag-investir","22":"tag-investissement","23":"tag-marche-boursier","24":"tag-news","25":"tag-news-paris","26":"tag-paris","27":"tag-paris-news","28":"tag-republique-francaise","29":"tag-sicav","30":"tag-trackers","31":"tag-warrants"},"share_on_mastodon":{"url":"https:\/\/pubeurope.com\/@fr\/115027964352943212","error":""},"_links":{"self":[{"href":"https:\/\/www.europesays.com\/fr\/wp-json\/wp\/v2\/posts\/318942","targetHints":{"allow":["GET"]}}],"collection":[{"href":"https:\/\/www.europesays.com\/fr\/wp-json\/wp\/v2\/posts"}],"about":[{"href":"https:\/\/www.europesays.com\/fr\/wp-json\/wp\/v2\/types\/post"}],"author":[{"embeddable":true,"href":"https:\/\/www.europesays.com\/fr\/wp-json\/wp\/v2\/users\/2"}],"replies":[{"embeddable":true,"href":"https:\/\/www.europesays.com\/fr\/wp-json\/wp\/v2\/comments?post=318942"}],"version-history":[{"count":0,"href":"https:\/\/www.europesays.com\/fr\/wp-json\/wp\/v2\/posts\/318942\/revisions"}],"wp:featuredmedia":[{"embeddable":true,"href":"https:\/\/www.europesays.com\/fr\/wp-json\/wp\/v2\/media\/64038"}],"wp:attachment":[{"href":"https:\/\/www.europesays.com\/fr\/wp-json\/wp\/v2\/media?parent=318942"}],"wp:term":[{"taxonomy":"category","embeddable":true,"href":"https:\/\/www.europesays.com\/fr\/wp-json\/wp\/v2\/categories?post=318942"},{"taxonomy":"post_tag","embeddable":true,"href":"https:\/\/www.europesays.com\/fr\/wp-json\/wp\/v2\/tags?post=318942"}],"curies":[{"name":"wp","href":"https:\/\/api.w.org\/{rel}","templated":true}]}}