{"id":318945,"date":"2025-08-14T16:04:30","date_gmt":"2025-08-14T16:04:30","guid":{"rendered":"https:\/\/www.europesays.com\/fr\/318945\/"},"modified":"2025-08-14T16:04:30","modified_gmt":"2025-08-14T16:04:30","slug":"allo-paris-ici-marseille","status":"publish","type":"post","link":"https:\/\/www.europesays.com\/fr\/318945\/","title":{"rendered":"all\u00f4 Paris, ici Marseille !"},"content":{"rendered":"<p>L&rsquo;\u00e8re de l&rsquo;IA a d\u00e9marr\u00e9 mais il ne faut pas oublier que l&rsquo;intelligence est d&rsquo;abord naturelle. Allez demander \u00e0 ChatGPT de pr\u00e9parer un mercato de r\u00eave&#8230; Il vous soufflera peut-\u00eatre quelques noms mais ne vous permettra ni de s\u00e9duire les joueurs en question, ni de boucler les n\u00e9gociations. Pour cela, il faut de la perspicacit\u00e9, de l&rsquo;intuition, de la clairvoyance, de la patience, du bagout et du vice. Bref, vous devrez \u00ab\u00a0faire fonctionner vos neurones\u00a0\u00bb, comme on dit famili\u00e8rement. R\u00e9fl\u00e9chir, anticiper, discuter, convaincre : voil\u00e0 pr\u00e9cis\u00e9ment <a href=\"https:\/\/www.laprovence.com\/article\/om\/57141625485917\/om-rabiot-bennacer-rongier-et-les-possibles-arrivees-longoria-fait-le-point-sur-le-mercato-marseillais\" target=\"_blank\" rel=\"noopener\">la mission quotidienne de Pablo Longoria et Medhi Benatia<\/a>.<\/p>\n<p>Objectif commun du pr\u00e9sident et du directeur du football de l&rsquo;OM cet \u00e9t\u00e9 : construire un effectif capable de faire franchir un nouveau cap au club olympien sous la houlette de Roberto De Zerbi. \u00ab\u00a0Il y a \u00e9videmment un \u00e9cart entre le budget colossal du PSG et celui de l&rsquo;OM, mais dans le football, \u00e7a ne fait pas tout. On peut essayer de se rapprocher le plus possible\u00a0\u00bb, <a href=\"https:\/\/www.laprovence.com\/article\/om\/3798829524650414\/tous-les-gens-sont-impregnes-par-lom-dans-notre-interview-exclusive-adrien-rabiot-clame-son-amour-pour-les-supporters\" target=\"_blank\" rel=\"noopener\">rappelait fort justement Adrien Rabiot dans nos colonnes le week-end dernier<\/a>. L&rsquo;\u00e9curie du Qatar a brandi la Ligue des champions en mai, certes. Mais pourquoi devrait-elle syst\u00e9matiquement assommer le championnat de France tous les ans\u00a0? L&rsquo;AS Monaco (2017) et le Losc (2021) n&rsquo;ont-ils pas \u00e9t\u00e9 sacr\u00e9s devant elle ?<\/p>\n<p>Il y a de la coh\u00e9rence et du talent dans ce nouvel OM, pr\u00eat \u00e0 soulever des montagnes. La bande \u00e0 Balerdi a un message \u00e0 faire passer \u00e0 l&rsquo;Hexagone, et \u00e7a commence d\u00e8s demain soir \u00e0 Rennes (20h45). All\u00f4 Paris, ici Marseille !<\/p>\n<p><strong>Retrouvez chaque vendredi notre newsletter d\u00e9di\u00e9e \u00e0 l&rsquo;OM. <br \/><\/strong><strong>Pour vous abonner et la recevoir gratuitement par mail, <a href=\"https:\/\/www.laprovence.com\/newsletters\" target=\"_blank\" rel=\"noopener\">cliquez ici<\/a>.<\/strong><\/p>\n","protected":false},"excerpt":{"rendered":"L&rsquo;\u00e8re de l&rsquo;IA a d\u00e9marr\u00e9 mais il ne faut pas oublier que l&rsquo;intelligence est d&rsquo;abord naturelle. Allez demander&hellip;\n","protected":false},"author":2,"featured_media":318946,"comment_status":"","ping_status":"","sticky":false,"template":"","format":"standard","meta":{"footnotes":""},"categories":[1888],"tags":[17,11,10639,11720,1777,674,1011,27,9103,884,12,149,626,25],"class_list":{"0":"post-318945","1":"post","2":"type-post","3":"status-publish","4":"format-standard","5":"has-post-thumbnail","7":"category-paris","8":"tag-17","9":"tag-actualites","10":"tag-allo","11":"tag-billet","12":"tag-eu","13":"tag-europe","14":"tag-fr","15":"tag-france","16":"tag-ici","17":"tag-marseille","18":"tag-news","19":"tag-om","20":"tag-paris","21":"tag-republique-francaise"},"share_on_mastodon":{"url":"https:\/\/pubeurope.com\/@fr\/115027972515880311","error":""},"_links":{"self":[{"href":"https:\/\/www.europesays.com\/fr\/wp-json\/wp\/v2\/posts\/318945","targetHints":{"allow":["GET"]}}],"collection":[{"href":"https:\/\/www.europesays.com\/fr\/wp-json\/wp\/v2\/posts"}],"about":[{"href":"https:\/\/www.europesays.com\/fr\/wp-json\/wp\/v2\/types\/post"}],"author":[{"embeddable":true,"href":"https:\/\/www.europesays.com\/fr\/wp-json\/wp\/v2\/users\/2"}],"replies":[{"embeddable":true,"href":"https:\/\/www.europesays.com\/fr\/wp-json\/wp\/v2\/comments?post=318945"}],"version-history":[{"count":0,"href":"https:\/\/www.europesays.com\/fr\/wp-json\/wp\/v2\/posts\/318945\/revisions"}],"wp:featuredmedia":[{"embeddable":true,"href":"https:\/\/www.europesays.com\/fr\/wp-json\/wp\/v2\/media\/318946"}],"wp:attachment":[{"href":"https:\/\/www.europesays.com\/fr\/wp-json\/wp\/v2\/media?parent=318945"}],"wp:term":[{"taxonomy":"category","embeddable":true,"href":"https:\/\/www.europesays.com\/fr\/wp-json\/wp\/v2\/categories?post=318945"},{"taxonomy":"post_tag","embeddable":true,"href":"https:\/\/www.europesays.com\/fr\/wp-json\/wp\/v2\/tags?post=318945"}],"curies":[{"name":"wp","href":"https:\/\/api.w.org\/{rel}","templated":true}]}}