{"id":31895,"date":"2025-04-17T14:48:19","date_gmt":"2025-04-17T14:48:19","guid":{"rendered":"https:\/\/www.europesays.com\/fr\/31895\/"},"modified":"2025-04-17T14:48:19","modified_gmt":"2025-04-17T14:48:19","slug":"reze-cine-debat-autour-des-relations-familiales-au-saint-paul","status":"publish","type":"post","link":"https:\/\/www.europesays.com\/fr\/31895\/","title":{"rendered":"Rez\u00e9. Cin\u00e9 d\u00e9bat autour des relations familiales au Saint-Paul"},"content":{"rendered":"<p>Mercredi, le cin\u00e9ma Saint-Paul tiendra sa soir\u00e9e d\u00e9bat cin\u00e9-syst\u00e9mie. Elle d\u00e9bute par la projection du film Ma m\u00e8re, Dieu et Sylvie Vartan. Pour sensibiliser \u00e0 l\u2019approche syst\u00e9mique et au d\u00e9cryptage des situations, un d\u00e9bat autour de la hi\u00e9rarchie familiale et des enjeux relationnels au sein de la famille sera anim\u00e9 par les intervenants de Forsyfa, Jean-Luc Bay et Yohan Houssais. \u00ab\u00a0<strong>Au-del\u00e0 du film, cette s\u00e9ance est une invitation \u00e0 r\u00e9fl\u00e9chir ensemble \u00e0 la place qu\u2019occupe l\u2019injustice dans une famille (un handicap qui frappe un membre de la famille dans le film) et comment les \u00e9nergies se mobilisent pour compenser l\u2019iniquit\u00e9. Cela impacte de fait les relations, les places de chacun, rajoutant parfois de l\u2019injustice \u00e0 l\u2019injustice. Au travers\u00a0du film, nous percevons la volont\u00e9 infaillible de cette m\u00e8re de permettre \u00e0 son enfant de d\u00e9passer son handicap. Et ce, quoi qu\u2019il en co\u00fbte\u00a0<\/strong>\u00bb, pr\u00e9cise Marie Baldo, directrice du cin\u00e9ma.<\/p>\n<p><strong>Mercredi 23\u00a0avril,<\/strong> 20\u00a0h, au cin\u00e9ma Saint-Paul. 4\u00a0\u20ac. R\u00e9servations\u00a0: www.cinemasaintpaul.fr\u00a0; contact@cinemastpaul.fr.<\/p>\n<p>\u00a0<\/p>\n","protected":false},"excerpt":{"rendered":"Mercredi, le cin\u00e9ma Saint-Paul tiendra sa soir\u00e9e d\u00e9bat cin\u00e9-syst\u00e9mie. Elle d\u00e9bute par la projection du film Ma m\u00e8re,&hellip;\n","protected":false},"author":2,"featured_media":31896,"comment_status":"","ping_status":"","sticky":false,"template":"","format":"standard","meta":{"footnotes":""},"categories":[2818],"tags":[1111,11,7051,1345,1292,1777,674,10812,1011,27,766,12,2636,10811,25,3740,5290],"class_list":{"0":"post-31895","1":"post","2":"type-post","3":"status-publish","4":"format-standard","5":"has-post-thumbnail","7":"category-nantes","8":"tag-actu","9":"tag-actualites","10":"tag-autour","11":"tag-cine","12":"tag-debat","13":"tag-eu","14":"tag-europe","15":"tag-familiales","16":"tag-fr","17":"tag-france","18":"tag-nantes","19":"tag-news","20":"tag-pays-de-la-loire","21":"tag-relations","22":"tag-republique-francaise","23":"tag-reze","24":"tag-saint-paul"},"share_on_mastodon":{"url":"https:\/\/pubeurope.com\/@fr\/114353858365352260","error":""},"_links":{"self":[{"href":"https:\/\/www.europesays.com\/fr\/wp-json\/wp\/v2\/posts\/31895","targetHints":{"allow":["GET"]}}],"collection":[{"href":"https:\/\/www.europesays.com\/fr\/wp-json\/wp\/v2\/posts"}],"about":[{"href":"https:\/\/www.europesays.com\/fr\/wp-json\/wp\/v2\/types\/post"}],"author":[{"embeddable":true,"href":"https:\/\/www.europesays.com\/fr\/wp-json\/wp\/v2\/users\/2"}],"replies":[{"embeddable":true,"href":"https:\/\/www.europesays.com\/fr\/wp-json\/wp\/v2\/comments?post=31895"}],"version-history":[{"count":0,"href":"https:\/\/www.europesays.com\/fr\/wp-json\/wp\/v2\/posts\/31895\/revisions"}],"wp:featuredmedia":[{"embeddable":true,"href":"https:\/\/www.europesays.com\/fr\/wp-json\/wp\/v2\/media\/31896"}],"wp:attachment":[{"href":"https:\/\/www.europesays.com\/fr\/wp-json\/wp\/v2\/media?parent=31895"}],"wp:term":[{"taxonomy":"category","embeddable":true,"href":"https:\/\/www.europesays.com\/fr\/wp-json\/wp\/v2\/categories?post=31895"},{"taxonomy":"post_tag","embeddable":true,"href":"https:\/\/www.europesays.com\/fr\/wp-json\/wp\/v2\/tags?post=31895"}],"curies":[{"name":"wp","href":"https:\/\/api.w.org\/{rel}","templated":true}]}}