{"id":318952,"date":"2025-08-14T16:08:17","date_gmt":"2025-08-14T16:08:17","guid":{"rendered":"https:\/\/www.europesays.com\/fr\/318952\/"},"modified":"2025-08-14T16:08:17","modified_gmt":"2025-08-14T16:08:17","slug":"eli-lilly-va-augmenter-le-prix-du-mounjaro-au-royaume-uni-a-partir-de-septembre","status":"publish","type":"post","link":"https:\/\/www.europesays.com\/fr\/318952\/","title":{"rendered":"Eli Lilly va augmenter le prix du Mounjaro au Royaume-Uni \u00e0 partir de septembre"},"content":{"rendered":"<p><img decoding=\"async\" class=\"pr-5\" height=\"30\" alt=\"Logo Eli Lilly and Company\" onerror=\"this.onerror=null;this.style.display = 'none'\" src=\"https:\/\/www.europesays.com\/fr\/wp-content\/uploads\/2025\/08\/instruments-squared-13401.png\"\/><br \/>\n        Eli Lilly and Company figure parmi les principaux groupes pharmaceutiques mondiaux. Le CA par domaine th\u00e9rapeutique se r\u00e9partit comme suit :<\/p>\n<p>&#8211; endocrinologie (65,5%) : produits pour le traitement de l&rsquo;ost\u00e9oporose, du diab\u00e8te et des probl\u00e8mes de croissance ;<\/p>\n<p>&#8211; oncologie (19,4%) ;<\/p>\n<p>&#8211; maladies immunitaires (9,8%) ;<\/p>\n<p>&#8211; neurologie (3,3%) : essentiellement m\u00e9dicaments destin\u00e9s au traitement de la d\u00e9pression et de la schizophr\u00e9nie ;<\/p>\n<p>&#8211; autres (2%).<\/p>\n<p>La r\u00e9partition g\u00e9ographique du CA est la suivante : Etats-Unis (67,4%), Europe (15,4%), Japon (4%), Chine (3,7%) et autres (9,5%).<\/p>\n","protected":false},"excerpt":{"rendered":"Eli Lilly and Company figure parmi les principaux groupes pharmaceutiques mondiaux. Le CA par domaine th\u00e9rapeutique se r\u00e9partit&hellip;\n","protected":false},"author":2,"featured_media":2490,"comment_status":"","ping_status":"","sticky":false,"template":"","format":"standard","meta":{"footnotes":""},"categories":[1588],"tags":[11,340,1777,674,12,473,1853,1851,1850,1852],"class_list":{"0":"post-318952","1":"post","2":"type-post","3":"status-publish","4":"format-standard","5":"has-post-thumbnail","7":"category-royaume-uni","8":"tag-actualites","9":"tag-bourse","10":"tag-eu","11":"tag-europe","12":"tag-news","13":"tag-royaume-uni","14":"tag-royaume-uni-de-grande-bretagne-et-dirlande-du-nord","15":"tag-uk","16":"tag-united-kingdom","17":"tag-united-kingdom-of-great-britain-and-northern-ireland"},"share_on_mastodon":{"url":"https:\/\/pubeurope.com\/@fr\/115027988376634719","error":""},"_links":{"self":[{"href":"https:\/\/www.europesays.com\/fr\/wp-json\/wp\/v2\/posts\/318952","targetHints":{"allow":["GET"]}}],"collection":[{"href":"https:\/\/www.europesays.com\/fr\/wp-json\/wp\/v2\/posts"}],"about":[{"href":"https:\/\/www.europesays.com\/fr\/wp-json\/wp\/v2\/types\/post"}],"author":[{"embeddable":true,"href":"https:\/\/www.europesays.com\/fr\/wp-json\/wp\/v2\/users\/2"}],"replies":[{"embeddable":true,"href":"https:\/\/www.europesays.com\/fr\/wp-json\/wp\/v2\/comments?post=318952"}],"version-history":[{"count":0,"href":"https:\/\/www.europesays.com\/fr\/wp-json\/wp\/v2\/posts\/318952\/revisions"}],"wp:featuredmedia":[{"embeddable":true,"href":"https:\/\/www.europesays.com\/fr\/wp-json\/wp\/v2\/media\/2490"}],"wp:attachment":[{"href":"https:\/\/www.europesays.com\/fr\/wp-json\/wp\/v2\/media?parent=318952"}],"wp:term":[{"taxonomy":"category","embeddable":true,"href":"https:\/\/www.europesays.com\/fr\/wp-json\/wp\/v2\/categories?post=318952"},{"taxonomy":"post_tag","embeddable":true,"href":"https:\/\/www.europesays.com\/fr\/wp-json\/wp\/v2\/tags?post=318952"}],"curies":[{"name":"wp","href":"https:\/\/api.w.org\/{rel}","templated":true}]}}