{"id":318953,"date":"2025-08-14T16:09:14","date_gmt":"2025-08-14T16:09:14","guid":{"rendered":"https:\/\/www.europesays.com\/fr\/318953\/"},"modified":"2025-08-14T16:09:14","modified_gmt":"2025-08-14T16:09:14","slug":"pendant-la-canicule-les-francais-savent-mieux-prendre-soin-les-uns-des-autres","status":"publish","type":"post","link":"https:\/\/www.europesays.com\/fr\/318953\/","title":{"rendered":"Pendant la canicule, les Fran\u00e7ais savent mieux \u201cprendre soin les uns des autres\u201d"},"content":{"rendered":"\n<p>En Allemagne, \u201cles dangers de la chaleur sont \u00e0 peine pr\u00e9sents dans la conscience collective\u201d, <a class=\"ithalc\" data-ithal=\"lien_externe\" data-ithalc=\"[nav_article]\" target=\"_blank\" href=\"https:\/\/taz.de\/Hitzeschutz-Frankreich-zeigt-wie-es-besser-geht\/!6104462\/\" rel=\"noopener\">regrette <strong>Die<\/strong> <strong>Tageszeitung<\/strong> (Taz)<\/a>. Quelque 1\u00a0660\u00a0personnes sont pourtant mortes pour cette raison depuis le d\u00e9but de l\u2019\u00e9t\u00e9, selon l\u2019institut Robert-Koch, et, \u201clors des deux \u00e9t\u00e9s caniculaires de 2018 et\u00a02019, le nombre total de d\u00e9c\u00e8s avait d\u00e9pass\u00e9 les 15\u00a0000\u201d. C\u2019est ce constat d\u2019\u00e9chec qui a pouss\u00e9 la Taz \u00e0 regarder ce qui se passe de l\u2019autre c\u00f4t\u00e9 du Rhin. \u201cLibert\u00e9, \u00e9galit\u00e9, prot\u00e9g\u00e9s [de la chaleur]\u00a0!\u201d s\u2019exclame le titre (presque) en fran\u00e7ais dans le texte. La France, estime la Taz, \u201cmontre l\u2019exemple\u201d en mati\u00e8re de canicule.<\/p>\n<p>Pour le journal berlinois, c\u2019est l\u2019\u00e9lectrochoc caus\u00e9 par la grande canicule de l\u2019\u00e9t\u00e9 2003\u00a0qui a transform\u00e9 l\u2019approche fran\u00e7aise, apr\u00e8s que 15\u00a0000\u00a0personnes ont perdu la vie\u00a0:<\/p>\n<blockquote><p>\u201cLa France n\u2019\u00e9tait pas pr\u00e9par\u00e9e \u00e0 cette catastrophe sanitaire, et la pression politique a \u00e9t\u00e9 telle apr\u00e8s coup qu\u2019\u00e0 peine un an plus tard un plan canicule national \u00e9tait mis en place \u2212 obligatoire pour toutes les communes du pays.\u201d<\/p><\/blockquote>\n<p>Depuis lors, poursuit le m\u00e9dia, \u201cun syst\u00e8me d\u2019alerte \u00e0 plusieurs niveaux est en vigueur de juin \u00e0 la mi-septembre\u201d et les pompiers sont pr\u00e9par\u00e9s \u00e0 \u201cune augmentation du nombre d\u2019interventions\u201d en raison de la chaleur.<\/p>\n<p>L\u2019Allemagne n\u2019a pas \u00e9t\u00e9 touch\u00e9e si durement par la chaleur au d\u00e9but des ann\u00e9es 2000, explique la Taz, et elle a donc tard\u00e9 \u00e0 r\u00e9aliser l\u2019importance de mettre en place des mesures de protection. De plus, sous ce r\u00e9gime f\u00e9d\u00e9ral dans lequel les communes n\u2019ont pas l\u2019obligation de mettre en \u0153uvre un tel plan, certaines n\u2019ont pas les ressources n\u00e9cessaires pour le faire en raison d\u2019importants d\u00e9ficits budg\u00e9taires.<\/p>\n<p>               \u201cL\u2019aspect social\u201d, pour \u00e9viter l\u2019isolement       <\/p>\n<p>En raison de la \u201cg\u00e9n\u00e9ralisation\u201d des mesures de pr\u00e9vention, \u201cla protection contre la chaleur est devenue partie int\u00e9grante de la vie des Fran\u00e7ais\u201d ces vingt derni\u00e8res ann\u00e9es, souligne Moritz Ochsmann, urbaniste interrog\u00e9 par la Taz. Et cela tiendrait selon lui \u00e0 une prise de conscience qui se r\u00e9sumerait en \u201cdeux mots-cl\u00e9s\u201d\u00a0: \u201cl\u2019ignorance et l\u2019isolement\u201d. Au d\u00e9but des ann\u00e9es 2000, \u201cles Fran\u00e7ais partaient en vacances d\u2019\u00e9t\u00e9, tandis que de nombreuses personnes \u00e2g\u00e9es restaient seules chez elles et mouraient dans leurs appartements surchauff\u00e9s\u201d, explique-t-il, si bien que les d\u00e9c\u00e8s li\u00e9s \u00e0 la canicule \u201c\u00e9taient per\u00e7us en France comme une catastrophe sociale, un \u00e9chec collectif\u201d.<\/p>\n<p>D\u00e9sormais, \u201cl\u2019aspect social de la protection contre la chaleur\u201d est mieux connu et \u201cun r\u00e9seau de solidarit\u00e9\u201d s\u2019est tiss\u00e9 au sein de la soci\u00e9t\u00e9, salue le journal, qui liste plusieurs exemples. En cas de fortes chaleurs, \u201cles postiers ou les caissiers demandent aux personnes \u00e2g\u00e9es comment elles vont\u201d, et \u201cdans les pharmacies on prend leur tension art\u00e9rielle et on leur propose un verre d\u2019eau, un endroit pour se reposer\u201d. M\u00eame les enfants sont devenus \u201cdes relais\u201d, car ces questions sont abord\u00e9es en classe.<\/p>\n<p>Cela ne veut pas dire pour autant que la protection des plus fragiles peut reposer uniquement sur les initiatives citoyennes, temp\u00e8re le sp\u00e9cialiste\u00a0: \u201cOn m\u2019a accus\u00e9 de minimiser l\u2019importance des mesures d\u2019urbanisme, mais ce n\u2019est pas ce que je veux dire.\u201d Comme l\u2019\u00e9crit la Tageszeitung\u00a0:<br \/>\u201cNous avons besoin des deux\u00a0: plus d\u2019arbres et plus d\u2019interactions sociales en p\u00e9riode de chaleur.\u201d<\/p>\n","protected":false},"excerpt":{"rendered":"En Allemagne, \u201cles dangers de la chaleur sont \u00e0 peine pr\u00e9sents dans la conscience collective\u201d, regrette Die Tageszeitung&hellip;\n","protected":false},"author":2,"featured_media":318954,"comment_status":"","ping_status":"","sticky":false,"template":"","format":"standard","meta":{"footnotes":""},"categories":[1587],"tags":[11,672,1804,6698,4734,1129,1805,1803,436,1777,674,27,1801,3821,12,1802,8755],"class_list":{"0":"post-318953","1":"post","2":"type-post","3":"status-publish","4":"format-standard","5":"has-post-thumbnail","7":"category-allemagne","8":"tag-actualites","9":"tag-allemagne","10":"tag-bundesrepublik-deutschland","11":"tag-canicule","12":"tag-changement-climatique","13":"tag-climat","14":"tag-de","15":"tag-deutschland","16":"tag-environnement","17":"tag-eu","18":"tag-europe","19":"tag-france","20":"tag-germany","21":"tag-la-france-vue-de-lu2019u00e9tranger","22":"tag-news","23":"tag-republique-federale-dallemagne","24":"tag-santu00e9"},"share_on_mastodon":{"url":"https:\/\/pubeurope.com\/@fr\/115027991934229930","error":""},"_links":{"self":[{"href":"https:\/\/www.europesays.com\/fr\/wp-json\/wp\/v2\/posts\/318953","targetHints":{"allow":["GET"]}}],"collection":[{"href":"https:\/\/www.europesays.com\/fr\/wp-json\/wp\/v2\/posts"}],"about":[{"href":"https:\/\/www.europesays.com\/fr\/wp-json\/wp\/v2\/types\/post"}],"author":[{"embeddable":true,"href":"https:\/\/www.europesays.com\/fr\/wp-json\/wp\/v2\/users\/2"}],"replies":[{"embeddable":true,"href":"https:\/\/www.europesays.com\/fr\/wp-json\/wp\/v2\/comments?post=318953"}],"version-history":[{"count":0,"href":"https:\/\/www.europesays.com\/fr\/wp-json\/wp\/v2\/posts\/318953\/revisions"}],"wp:featuredmedia":[{"embeddable":true,"href":"https:\/\/www.europesays.com\/fr\/wp-json\/wp\/v2\/media\/318954"}],"wp:attachment":[{"href":"https:\/\/www.europesays.com\/fr\/wp-json\/wp\/v2\/media?parent=318953"}],"wp:term":[{"taxonomy":"category","embeddable":true,"href":"https:\/\/www.europesays.com\/fr\/wp-json\/wp\/v2\/categories?post=318953"},{"taxonomy":"post_tag","embeddable":true,"href":"https:\/\/www.europesays.com\/fr\/wp-json\/wp\/v2\/tags?post=318953"}],"curies":[{"name":"wp","href":"https:\/\/api.w.org\/{rel}","templated":true}]}}