{"id":318957,"date":"2025-08-14T16:12:14","date_gmt":"2025-08-14T16:12:14","guid":{"rendered":"https:\/\/www.europesays.com\/fr\/318957\/"},"modified":"2025-08-14T16:12:14","modified_gmt":"2025-08-14T16:12:14","slug":"laccord-ue-etats-unis-quel-espoir-pour-relancer-les-echanges-de-vins-et-spiritueux","status":"publish","type":"post","link":"https:\/\/www.europesays.com\/fr\/318957\/","title":{"rendered":"L\u2019accord UE\u2013\u00c9tats-Unis : quel espoir pour relancer les \u00e9changes de vins et spiritueux ?"},"content":{"rendered":"<p>Le 27 juillet, Ursula von der Leyen, pr\u00e9sidente de la <strong>Commission europ\u00e9enne<\/strong>, et Donald Trump, pr\u00e9sident am\u00e9ricain, ont conclu un <strong>accord commercial fixant un droit de douane unique de 15 %<\/strong> sur une grande partie des \u00e9changes entre les deux zones, appliqu\u00e9 depuis le 7 ao\u00fbt. Pr\u00e9sent\u00e9 comme un plafond absolu, ce taux ne pr\u00e9voit ni surtaxe ni condition additionnelle. Un syst\u00e8me \u00ab z\u00e9ro pour z\u00e9ro \u00bb a \u00e9galement \u00e9t\u00e9 instaur\u00e9 sur une premi\u00e8re liste de produits strat\u00e9giques, incluant plusieurs <strong>produits agricoles <\/strong>(ndlr : liste encore non divulgu\u00e9e alors que l\u2019accord doit encore \u00eatre valid\u00e9 par les Etats membres de l\u2019UE).\u00a0<\/p>\n<p class=\"lireaussi\">Lire aussi : <a href=\"https:\/\/www.reussir.fr\/vigne\/les-etats-unis-taxent-les-vins-et-les-spiritueux-europeens-15?utm_source=article&amp;utm_medium=body&amp;utm_campaign=5072adcc-4139-47ea-af33-1dcc8365c1f5\" target=\"_blank\" rel=\"nofollow noopener\">Les \u00c9tats-Unis taxent les vins et les spiritueux europ\u00e9ens \u00e0 15 %\u00a0<\/a><\/p>\n<p>Le n\u00e9goce de vin aux Etats-Unis mobilis\u00e9 contre les droits de douane\u00a0<\/p>\n<p>L\u2019<strong>U.S. Wine Trade Alliance (USWTA)<\/strong>, qui regroupe l\u2019ensemble des acteurs am\u00e9ricains du commerce de<strong> vin et de spiritueux,<\/strong> m\u00e8ne une campagne active contre <strong>les droits de douane sur les vins import\u00e9s. <\/strong>Le pr\u00e9sident de la l\u2019USWTA, Benjamin Aneff, avait d\u00e9clar\u00e9 \u00e0 suite de la signature de l\u2019accord entre les \u00c9tats-Unis et l\u2019UE, esp\u00e9rer \u00ab\u00a0que le vin sera prioritaire dans l\u2019accord final\u00a0\u00bb. En effet, les professionnels de l\u2019USWTA, militent depuis lors aupr\u00e8s des autorit\u00e9s am\u00e9ricaines pour que les vins fassent partie de la liste des produits exempt\u00e9s de droits de douanes.\u00a0<\/p>\n<p>Interrog\u00e9e sur ce point lors de la conf\u00e9rence de presse suivant la signature de l\u2019accord, Ursula von der Leyen a pr\u00e9cis\u00e9 que la liste des produits exempt\u00e9s serait communiqu\u00e9e \u00ab dans les semaines \u00e0 venir \u00bb.<\/p>\n<p class=\"lireaussi\">Lire aussi : \u00a0<a href=\"https:\/\/www.reussir.fr\/lesmarches\/agroalimentaire-les-exportateurs-europeens-face-limprevisibilite-de-donald-trump?utm_source=article&amp;utm_medium=body&amp;utm_campaign=5072adcc-4139-47ea-af33-1dcc8365c1f5\" target=\"_blank\" rel=\"nofollow noopener\">Agroalimentaire : les exportateurs europ\u00e9ens face \u00e0 l\u2019impr\u00e9visibilit\u00e9 de Donald Trump\u00a0<\/a><\/p>\n<p>Une lettre ouverte \u00e0 Donald Trump pour sauver les ventes de vins aux \u00c9tats-Unis<\/p>\n<p>L\u2019<strong>USWTA<\/strong> s\u2019\u00e9tait d\u00e9j\u00e0 mobilis\u00e9e bien avant l\u2019accord au mois de juillet, et s\u2019\u00e9tait associ\u00e9e \u00e0 d\u2019autres collectifs de professionnels du vin afin d\u2019adresser une lettre commune \u00e0 Donald Trump pour r\u00e9clamer le <strong>retrait du vin de la liste des produits tax\u00e9s<\/strong>. \u00c0 l\u2019\u00e9poque, le pr\u00e9sident mena\u00e7ait d\u2019<strong>imposer un tarif de 30 %<\/strong>, ce qui est bien sup\u00e9rieur aux 10 % instaur\u00e9s en avril 2025 et largement au-dessus du taux moyen de 1,2 % appliqu\u00e9 avant sa r\u00e9\u00e9lection en 2024.<br \/>Dans leur courrier, les signataires alertaient sur les cons\u00e9quences \u00e9conomiques de tels tarifs. Selon l\u2019USWTA, rien qu\u2019en mai dernier,<strong> la chute des importations de vin europ\u00e9en <\/strong>aurait entra\u00een\u00e9 une perte de 479 millions de dollars pour les <strong>entreprises am\u00e9ricaines de la distribution<\/strong>, de l\u2019h\u00f4tellerie et de la restauration. Dans le m\u00eame temps, les <strong>exportations am\u00e9ricaines de vin<\/strong> ont recul\u00e9 de 41 % en un an, ce qui constitue un signal alarmant de perturbation des \u00e9changes des deux c\u00f4t\u00e9s de l\u2019Atlantique. Selon le pr\u00e9sident de la conf\u00e9d\u00e9ration, <strong>un accord global \u00ab\u00a0z\u00e9ro pour z\u00e9ro\u00a0\u00bb<\/strong> est une n\u00e9cessit\u00e9 \u00e9conomique pour pr\u00e9server la fili\u00e8re et les emplois am\u00e9ricains.<\/p>\n<p class=\"lireaussi\">Lire aussi : <a href=\"https:\/\/www.reussir.fr\/vigne\/les-etats-unis-taxent-les-vins-et-les-spiritueux-europeens-15?utm_source=article&amp;utm_medium=body&amp;utm_campaign=5072adcc-4139-47ea-af33-1dcc8365c1f5\" rel=\"nofollow noopener\" target=\"_blank\">Les \u00c9tats-Unis taxent les vins et les spiritueux europ\u00e9ens \u00e0 15 %<\/a><\/p>\n<p>Un accord qui \u00e9claircit la vision des exportateurs europ\u00e9ens<\/p>\n<p>Pour les<strong> exportateurs europ\u00e9ens<\/strong>, cet accord conclu fin juillet apporte enfin un cadre clair \u00e0 court terme et il \u00a0met fin \u00e0 la menace d\u2019une escalade des <strong>droits de douane<\/strong>, mais la comp\u00e9titivit\u00e9 europ\u00e9enne reste en suspens. \u00ab On ne sait pas si les exportateurs absorberont ce surco\u00fbt ou s\u2019ils le r\u00e9percuteront sur leurs clients \u00bb, analyse un consultant du CELCAA (Comit\u00e9 europ\u00e9en de liaison du commerce agroalimentaire), qui \u00e9voque aussi la possibilit\u00e9 pour certaines entreprises de r\u00e9organiser leurs cha\u00eenes d\u2019approvisionnement via des pays \u00e0 faible fiscalit\u00e9 douani\u00e8re, comme le Mexique.<\/p>\n<p class=\"accroche\">On ne sait pas si les exportateurs absorberont ce surco\u00fbt ou s\u2019ils le r\u00e9percuteront sur leurs clients<\/p>\n<p>Le march\u00e9 des vins europ\u00e9ens aux \u00c9tats-Unis<\/p>\n<p>Les<strong> \u00c9tats-Unis <\/strong>sont le deuxi\u00e8me <strong>d\u00e9bouch\u00e9 agroalimentaire de l\u2019UE, <\/strong>repr\u00e9sentant 12 % des exportations (25,8 milliards d\u2019euros), et la premi\u00e8re destination pour les <strong>boissons alcoolis\u00e9es<\/strong>. En 2024, l\u2019UE y a exp\u00e9di\u00e9 pour 8,9 milliards d\u2019euros d\u2019alcools, dont 60 % provenaient de France et d\u2019Italie. Le march\u00e9 am\u00e9ricain du vin et des spiritueux, \u00e9valu\u00e9 \u00e0 15,5 milliards d\u2019euros en 2023, d\u00e9pend pour un tiers de l\u2019importation.\u00a0<\/p>\n<p class=\"lireaussi\">Lire aussi : <a href=\"https:\/\/www.reussir.fr\/lesmarches\/viande-la-guerre-commerciale-plombe-les-exportations-americaines-en-avril?utm_source=article&amp;utm_medium=body&amp;utm_campaign=5072adcc-4139-47ea-af33-1dcc8365c1f5\" target=\"_blank\" rel=\"nofollow noopener\">Viande : la guerre commerciale a plomb\u00e9 les exportations am\u00e9ricaines de porc et de b\u0153uf en avril\u00a0<\/a><\/p>\n<p>Les volumes de vins fran\u00e7ais export\u00e9s chutent depuis le d\u00e9but 2025<\/p>\n<p>Les <strong>exportations de vins fran\u00e7ais vers les \u00c9tats-Unis <\/strong>reculent de 5 % en volume sur les quatre premiers mois de 2025 par rapport \u00e0 la m\u00eame p\u00e9riode en 2024 selon les donn\u00e9es de FranceAgriMer.\u00a0<\/p>\n<p>Cette contraction survient apr\u00e8s un second semestre 2024 particuli\u00e8rement actif, marqu\u00e9 par une baisse de l\u2019inflation et par la constitution de stocks de pr\u00e9caution aux \u00c9tats-Unis.\u00a0<\/p>\n<p class=\"lireaussi\">Lire aussi : <a href=\"https:\/\/www.reussir.fr\/lesmarches\/accord-etats-unis-royaume-uni-quels-produits-agricoles-sont-concernes?utm_source=article&amp;utm_medium=body&amp;utm_campaign=5072adcc-4139-47ea-af33-1dcc8365c1f5\" target=\"_blank\" rel=\"nofollow noopener\">Accord \u00c9tats-Unis \/ Royaume-Uni : quels produits agricoles sont concern\u00e9s\u00a0<\/a><\/p>\n<p>Le ralentissement des volumes export\u00e9s de ce d\u00e9but d\u2019ann\u00e9e 2025 s\u2019explique par l\u2019arr\u00eat de la constitution de stocks, d\u00e8s le mois de f\u00e9vrier. De plus, en mars, l\u2019instabilit\u00e9 l\u00e9gislative relative \u00e0 l\u2019application \u00e9ventuelle de tarifs douaniers aux marchandises en transit, a fortement frein\u00e9 les exportations. Puis au mois d\u2019avril, l\u2019application des droits de douane annonc\u00e9s lors du \u00ab\u00a0Liberation Day\u00a0\u00bb a entra\u00een\u00e9 un d\u00e9crochage de pr\u00e8s de 11 % des exportations, principalement au niveau des vins en bouteille (- 16 %).<\/p>\n<p>La valeur des exportations de vins progresse<\/p>\n<p>Bien que les volumes reculent, la valeur des exportations s\u2019oriente \u00e0 la hausse : +8 % sur le totale des exportations vers les \u00c9tats-Unis entre janvier-avril 2025 compar\u00e9 \u00e0 la m\u00eame p\u00e9riode en 2024. Cette progression est port\u00e9e par l\u2019augmentation des prix moyens de 13 % des vins exp\u00e9di\u00e9s sur la m\u00eame p\u00e9riode.<\/p>\n<p class=\"lireaussi\">Lire aussi : <a href=\"https:\/\/www.reussir.fr\/lesmarches\/quel-potentiel-pour-les-exportations-agricoles-et-agroalimentaires-vers-le-continent-americain-en?utm_source=article&amp;utm_medium=body&amp;utm_campaign=5072adcc-4139-47ea-af33-1dcc8365c1f5\" target=\"_blank\" rel=\"nofollow noopener\">Quel potentiel pour les exportations agricoles et agroalimentaires vers le continent am\u00e9ricain en 2025 ?\u00a0<\/a><\/p>\n","protected":false},"excerpt":{"rendered":"Le 27 juillet, Ursula von der Leyen, pr\u00e9sidente de la Commission europ\u00e9enne, et Donald Trump, pr\u00e9sident am\u00e9ricain, ont&hellip;\n","protected":false},"author":2,"featured_media":318958,"comment_status":"","ping_status":"","sticky":false,"template":"","format":"standard","meta":{"footnotes":""},"categories":[1586],"tags":[11,1777,674,1779,1011,27,12,25,1778,364],"class_list":{"0":"post-318957","1":"post","2":"type-post","3":"status-publish","4":"format-standard","5":"has-post-thumbnail","7":"category-europe","8":"tag-actualites","9":"tag-eu","10":"tag-europe","11":"tag-european-union","12":"tag-fr","13":"tag-france","14":"tag-news","15":"tag-republique-francaise","16":"tag-ue","17":"tag-union-europeenne"},"share_on_mastodon":{"url":"https:\/\/pubeurope.com\/@fr\/115028003567597416","error":""},"_links":{"self":[{"href":"https:\/\/www.europesays.com\/fr\/wp-json\/wp\/v2\/posts\/318957","targetHints":{"allow":["GET"]}}],"collection":[{"href":"https:\/\/www.europesays.com\/fr\/wp-json\/wp\/v2\/posts"}],"about":[{"href":"https:\/\/www.europesays.com\/fr\/wp-json\/wp\/v2\/types\/post"}],"author":[{"embeddable":true,"href":"https:\/\/www.europesays.com\/fr\/wp-json\/wp\/v2\/users\/2"}],"replies":[{"embeddable":true,"href":"https:\/\/www.europesays.com\/fr\/wp-json\/wp\/v2\/comments?post=318957"}],"version-history":[{"count":0,"href":"https:\/\/www.europesays.com\/fr\/wp-json\/wp\/v2\/posts\/318957\/revisions"}],"wp:featuredmedia":[{"embeddable":true,"href":"https:\/\/www.europesays.com\/fr\/wp-json\/wp\/v2\/media\/318958"}],"wp:attachment":[{"href":"https:\/\/www.europesays.com\/fr\/wp-json\/wp\/v2\/media?parent=318957"}],"wp:term":[{"taxonomy":"category","embeddable":true,"href":"https:\/\/www.europesays.com\/fr\/wp-json\/wp\/v2\/categories?post=318957"},{"taxonomy":"post_tag","embeddable":true,"href":"https:\/\/www.europesays.com\/fr\/wp-json\/wp\/v2\/tags?post=318957"}],"curies":[{"name":"wp","href":"https:\/\/api.w.org\/{rel}","templated":true}]}}