{"id":318959,"date":"2025-08-14T16:14:12","date_gmt":"2025-08-14T16:14:12","guid":{"rendered":"https:\/\/www.europesays.com\/fr\/318959\/"},"modified":"2025-08-14T16:14:12","modified_gmt":"2025-08-14T16:14:12","slug":"qui-est-mayckel-lahdo-la-nouvelle-recrue-offensive-des-jaune-et-vert","status":"publish","type":"post","link":"https:\/\/www.europesays.com\/fr\/318959\/","title":{"rendered":"qui est Mayckel Lahdo, la nouvelle recrue offensive des Jaune et Vert\u00a0?"},"content":{"rendered":"<p>            Par<br \/>\n        <strong><br \/>\n            <a href=\"https:\/\/actu.fr\/auteur\/thomas-bernard\" title=\"Consulter tous les articles de Thomas Bernard\" rel=\"nofollow noopener\" target=\"_blank\">Thomas Bernard<\/a><br \/>\n        <\/strong><\/p>\n<p>        Publi\u00e9 le<\/p>\n<p>            14 ao\u00fbt 2025 \u00e0 16h29        <\/p>\n<p>Le renouveau de l\u2019effectif du <strong>FC Nantes<\/strong> version 2025-2026 se poursuit. Mercredi 13 ao\u00fbt 2025, le FCN a officialis\u00e9 l\u2019arriv\u00e9e de l\u2019ailier su\u00e9dois Mayckel Lahdo, en provenance du club n\u00e9erlandais de l\u2019AZ Alkmaar. L\u2019attaquant a \u00e9t\u00e9 <strong>pr\u00eat\u00e9 avec option d\u2019achat aux Canaris<\/strong>.\u00a0<\/p>\n<p class=\" wall-content\">\n<p>International espoirs su\u00e9dois<\/p>\n<p class=\" wall-content\">\u00ab\u00a0Attaquant droitier, Mayckel Lahdo peut \u00e9voluer dans le couloir droit et gauche de l\u2019attaque. Au FC Nantes, il portera le n\u00b015\u00a0\u00bb, explique le club sur son <a href=\"https:\/\/www.fcnantes.com\/articles\/article2809.php?num=47623\" rel=\"nofollow noopener\" target=\"_blank\">site officiel<\/a>.\u00a0<\/p>\n<p class=\" wall-content\">Form\u00e9 en Su\u00e8de \u00e0 Djugarden et \u00e0 l\u2019Hammarby IF, l\u2019attaquant d\u2019origine syrienne fait ses d\u00e9buts en professionnel en 2020 \u00e0 l\u2019Ik Frej, alors en troisi\u00e8me division su\u00e9doise. En 2021, le joueur de 22 ans revient \u00e0 l\u2019Hammarby, club avec lequel il d\u00e9couvrira la premi\u00e8re division.\u00a0<\/p>\n<p class=\" wall-content\">L\u2019international espoirs su\u00e9dois (7 s\u00e9lections) s\u2019envole ensuite aux Pays-Bas pour rejoindre l\u2019AZ Alkmaar, club avec lequel il dispute<strong> 98 rencontres<\/strong> (14 buts et 9 passes d\u00e9cisives). La saison pass\u00e9e, Lahdo a disput\u00e9 21 matchs en Eredivise (3 buts et une passe d\u00e9cisive) et 10 rencontres en Europa League.\u00a0<\/p>\n<p class=\" wall-content\">Mercredi, le Su\u00e9dois a particip\u00e9 \u00e0 son premier entra\u00eenement sous ses nouvelles couleurs et a d\u00e9couvert ses nouveaux co\u00e9quipiers.\u00a0<\/p>\n<p class=\" wall-content\">Suivez toute l\u2019actualit\u00e9 de vos villes et m\u00e9dias favoris en vous inscrivant \u00e0 <a href=\"https:\/\/moncompte.actu.fr\" title=\"D\u00e9couvez Mon Actu\" rel=\"nofollow noopener\" data-trk=\"{&quot;cta&quot;:{&quot;action&quot;:&quot;https:\\\/\\\/moncompte.actu.fr&quot;,&quot;category&quot;:&quot;mon compte&quot;,&quot;from&quot;:&quot;article footer&quot;,&quot;name&quot;:&quot;Mon actu&quot;,&quot;type&quot;:&quot;cta&quot;}}\" target=\"_blank\">Mon Actu<\/a>.<\/p>\n","protected":false},"excerpt":{"rendered":"Par Thomas Bernard Publi\u00e9 le 14 ao\u00fbt 2025 \u00e0 16h29 Le renouveau de l\u2019effectif du FC Nantes version&hellip;\n","protected":false},"author":2,"featured_media":318960,"comment_status":"","ping_status":"","sticky":false,"template":"","format":"standard","meta":{"footnotes":""},"categories":[2],"tags":[11,462,63,1011,27,1434,12,25,60],"class_list":{"0":"post-318959","1":"post","2":"type-post","3":"status-publish","4":"format-standard","5":"has-post-thumbnail","7":"category-actualites","8":"tag-actualites","9":"tag-fc-nantes","10":"tag-football","11":"tag-fr","12":"tag-france","13":"tag-mercato","14":"tag-news","15":"tag-republique-francaise","16":"tag-sports"},"share_on_mastodon":{"url":"https:\/\/pubeurope.com\/@fr\/115028011505486181","error":""},"_links":{"self":[{"href":"https:\/\/www.europesays.com\/fr\/wp-json\/wp\/v2\/posts\/318959","targetHints":{"allow":["GET"]}}],"collection":[{"href":"https:\/\/www.europesays.com\/fr\/wp-json\/wp\/v2\/posts"}],"about":[{"href":"https:\/\/www.europesays.com\/fr\/wp-json\/wp\/v2\/types\/post"}],"author":[{"embeddable":true,"href":"https:\/\/www.europesays.com\/fr\/wp-json\/wp\/v2\/users\/2"}],"replies":[{"embeddable":true,"href":"https:\/\/www.europesays.com\/fr\/wp-json\/wp\/v2\/comments?post=318959"}],"version-history":[{"count":0,"href":"https:\/\/www.europesays.com\/fr\/wp-json\/wp\/v2\/posts\/318959\/revisions"}],"wp:featuredmedia":[{"embeddable":true,"href":"https:\/\/www.europesays.com\/fr\/wp-json\/wp\/v2\/media\/318960"}],"wp:attachment":[{"href":"https:\/\/www.europesays.com\/fr\/wp-json\/wp\/v2\/media?parent=318959"}],"wp:term":[{"taxonomy":"category","embeddable":true,"href":"https:\/\/www.europesays.com\/fr\/wp-json\/wp\/v2\/categories?post=318959"},{"taxonomy":"post_tag","embeddable":true,"href":"https:\/\/www.europesays.com\/fr\/wp-json\/wp\/v2\/tags?post=318959"}],"curies":[{"name":"wp","href":"https:\/\/api.w.org\/{rel}","templated":true}]}}