{"id":318965,"date":"2025-08-14T16:18:21","date_gmt":"2025-08-14T16:18:21","guid":{"rendered":"https:\/\/www.europesays.com\/fr\/318965\/"},"modified":"2025-08-14T16:18:21","modified_gmt":"2025-08-14T16:18:21","slug":"les-electros-de-quiberon-vont-electriser-le-golf-samedi-soir","status":"publish","type":"post","link":"https:\/\/www.europesays.com\/fr\/318965\/","title":{"rendered":"Les \u00c9lectros de Quiberon vont \u00e9lectriser le golf samedi soir\u00a0!"},"content":{"rendered":"<p>Jouer au golf, c\u2019est bien\u2026 Mais d\u00e9couvrir le golf de mani\u00e8re ludique, et pourquoi pas en musique, c\u2019est encore mieux. Et c\u2019est ce que vont proposer Yann Le Tallec et Math\u00e9o Qu\u00e9m\u00e9neur, du Golf de Quiberon, en partenariat avec les \u00c9lectros de Quiberon, qui sont d\u00e9cid\u00e9ment de toutes les f\u00eates de l\u2019\u00e9t\u00e9 sur la presqu\u2019\u00eele (le r\u00e9cent <a href=\"https:\/\/www.letelegramme.fr\/morbihan\/auray-56400\/ecume-festival-une-edition-solaire-en-plein-coeur-de-quiberon-en-images-6869368.php\" target=\"_blank\" rel=\"noopener\">\u00c9cume Festival<\/a>, ce sont eux)\u00a0! L\u2019\u00e9v\u00e8nement aura lieu sur le terrain de golf, ce samedi 16 ao\u00fbt, de 18\u00a0h \u00e0 minuit\u2026 Et il a \u00e9t\u00e9 baptis\u00e9 la soir\u00e9e Golf \u00e9lectronique.<\/p>\n<p>Gratuite et ouverte \u00e0 tous, cette soir\u00e9e m\u00ealera des animations golf, avec des jeux et concours pour d\u00e9couvrir ce sport de mani\u00e8re ludique, et une ambiance musicale avec des DJ sets en plein air (Wally Stryk, Man\u00a0: R et Banbz).<\/p>\n<p>L\u2019objectif est double pour le club local\u00a0: faire d\u00e9couvrir le golf \u00e0 un public plus large, en d\u00e9montrant la modernit\u00e9, tout en proposant un moment de rencontre et de partage sur la presqu\u2019\u00eele de Quiberon. Avec ou sans club, ne manquez pas ce rendez-vous samedi soir\u00a0!<\/p>\n<p><b>Pratique<\/b><\/p>\n<p class=\"tech\">Soir\u00e9e Golf \u00e9lectronique\u00a0: samedi 16 ao\u00fbt, de 18\u00a0h \u00e0 minuit, au golf de Quiberon au Conguel. Gratuit. Sur place, buvette, stands food et animations diverses.<\/p>\n","protected":false},"excerpt":{"rendered":"Jouer au golf, c\u2019est bien\u2026 Mais d\u00e9couvrir le golf de mani\u00e8re ludique, et pourquoi pas en musique, c\u2019est&hellip;\n","protected":false},"author":2,"featured_media":318966,"comment_status":"","ping_status":"","sticky":false,"template":"","format":"standard","meta":{"footnotes":""},"categories":[1418],"tags":[1011,27,1472,8912,60],"class_list":{"0":"post-318965","1":"post","2":"type-post","3":"status-publish","4":"format-standard","5":"has-post-thumbnail","7":"category-golf","8":"tag-fr","9":"tag-france","10":"tag-golf","11":"tag-quiberon","12":"tag-sports"},"share_on_mastodon":{"url":"https:\/\/pubeurope.com\/@fr\/115028027181855054","error":""},"_links":{"self":[{"href":"https:\/\/www.europesays.com\/fr\/wp-json\/wp\/v2\/posts\/318965","targetHints":{"allow":["GET"]}}],"collection":[{"href":"https:\/\/www.europesays.com\/fr\/wp-json\/wp\/v2\/posts"}],"about":[{"href":"https:\/\/www.europesays.com\/fr\/wp-json\/wp\/v2\/types\/post"}],"author":[{"embeddable":true,"href":"https:\/\/www.europesays.com\/fr\/wp-json\/wp\/v2\/users\/2"}],"replies":[{"embeddable":true,"href":"https:\/\/www.europesays.com\/fr\/wp-json\/wp\/v2\/comments?post=318965"}],"version-history":[{"count":0,"href":"https:\/\/www.europesays.com\/fr\/wp-json\/wp\/v2\/posts\/318965\/revisions"}],"wp:featuredmedia":[{"embeddable":true,"href":"https:\/\/www.europesays.com\/fr\/wp-json\/wp\/v2\/media\/318966"}],"wp:attachment":[{"href":"https:\/\/www.europesays.com\/fr\/wp-json\/wp\/v2\/media?parent=318965"}],"wp:term":[{"taxonomy":"category","embeddable":true,"href":"https:\/\/www.europesays.com\/fr\/wp-json\/wp\/v2\/categories?post=318965"},{"taxonomy":"post_tag","embeddable":true,"href":"https:\/\/www.europesays.com\/fr\/wp-json\/wp\/v2\/tags?post=318965"}],"curies":[{"name":"wp","href":"https:\/\/api.w.org\/{rel}","templated":true}]}}