{"id":318967,"date":"2025-08-14T16:20:29","date_gmt":"2025-08-14T16:20:29","guid":{"rendered":"https:\/\/www.europesays.com\/fr\/318967\/"},"modified":"2025-08-14T16:20:29","modified_gmt":"2025-08-14T16:20:29","slug":"world-rugby-league-la-federation-portugaise-a-la-recherche-de-joueurs-rugby-a-xiii","status":"publish","type":"post","link":"https:\/\/www.europesays.com\/fr\/318967\/","title":{"rendered":"World Rugby League &#8211; La f\u00e9d\u00e9ration portugaise \u00e0 la recherche de joueurs &#8211; Rugby \u00e0 XIII"},"content":{"rendered":"<p style=\"text-align: justify;\"><strong>En vue de jouer une rencontre internationale sur ses terres en 2026, la f\u00e9d\u00e9ration portugaise de rugby \u00e0 XIII est \u00e0 la recherche de joueurs pour constituer sa s\u00e9lection.<\/strong><\/p>\n<p style=\"text-align: justify;\">Tandis que les d\u00e9marches administratives sont en cours afin de pouvoir devenir membre de la f\u00e9d\u00e9ration europ\u00e9enne, le Portugal souhaiterait organiser une rencontre internationale d\u00e8s la saison prochaine. Pour cela, et comme l\u2019Espagne ou plus r\u00e9cemment le Maroc l\u2019a fait, la f\u00e9d\u00e9ration portugaise lance un appel aux joueurs \u00e9voluant dans les championnats fran\u00e7ais afin de compl\u00e9ter son effectif.<\/p>\n<p style=\"text-align: justify;\">Pour \u00eatre \u00e9ligible, il faut pouvoir remplir l\u2019une des conditions suivantes :<\/p>\n<ul>\n<li style=\"text-align: justify;\">\u00eatre n\u00e9 au Portugal<\/li>\n<li style=\"text-align: justify;\">avoir un parent ou un parent adoptif qui soit n\u00e9 au Portugal<\/li>\n<li style=\"text-align: justify;\">avoir un grand-parent qui soit n\u00e9 au Portugal<\/li>\n<li style=\"text-align: justify;\">r\u00e9sid\u00e9 au Portugal de fa\u00e7on cons\u00e9cutive depuis 5 ans<\/li>\n<\/ul>\n<p style=\"text-align: justify;\">L\u2019objectif \u00e0 court terme \u00e9tant de participer aux qualifications de la Coupe du monde 2030.<\/p>\n<p style=\"text-align: justify;\">Si vous \u00eates \u00e9ligible et int\u00e9ress\u00e9 par le projet, vous pouvez cliquer sur le lien ci-dessous et remplir le formulaire pour \u00eatre recontact\u00e9.<\/p>\n","protected":false},"excerpt":{"rendered":"En vue de jouer une rencontre internationale sur ses terres en 2026, la f\u00e9d\u00e9ration portugaise de rugby \u00e0&hellip;\n","protected":false},"author":2,"featured_media":318968,"comment_status":"","ping_status":"","sticky":false,"template":"","format":"standard","meta":{"footnotes":""},"categories":[1416],"tags":[30452,1011,27,45708,6996,45709,479,2228,1468,2229,60],"class_list":{"0":"post-318967","1":"post","2":"type-post","3":"status-publish","4":"format-standard","5":"has-post-thumbnail","7":"category-rugby","8":"tag-european-rugby-league","9":"tag-fr","10":"tag-france","11":"tag-international-rugby-league","12":"tag-portugal","13":"tag-portugal-rugby-league","14":"tag-rugby","15":"tag-rugby-a-xiii","16":"tag-rugby-football","17":"tag-rugby-league","18":"tag-sports"},"share_on_mastodon":{"url":"https:\/\/pubeurope.com\/@fr\/115028035126408181","error":""},"_links":{"self":[{"href":"https:\/\/www.europesays.com\/fr\/wp-json\/wp\/v2\/posts\/318967","targetHints":{"allow":["GET"]}}],"collection":[{"href":"https:\/\/www.europesays.com\/fr\/wp-json\/wp\/v2\/posts"}],"about":[{"href":"https:\/\/www.europesays.com\/fr\/wp-json\/wp\/v2\/types\/post"}],"author":[{"embeddable":true,"href":"https:\/\/www.europesays.com\/fr\/wp-json\/wp\/v2\/users\/2"}],"replies":[{"embeddable":true,"href":"https:\/\/www.europesays.com\/fr\/wp-json\/wp\/v2\/comments?post=318967"}],"version-history":[{"count":0,"href":"https:\/\/www.europesays.com\/fr\/wp-json\/wp\/v2\/posts\/318967\/revisions"}],"wp:featuredmedia":[{"embeddable":true,"href":"https:\/\/www.europesays.com\/fr\/wp-json\/wp\/v2\/media\/318968"}],"wp:attachment":[{"href":"https:\/\/www.europesays.com\/fr\/wp-json\/wp\/v2\/media?parent=318967"}],"wp:term":[{"taxonomy":"category","embeddable":true,"href":"https:\/\/www.europesays.com\/fr\/wp-json\/wp\/v2\/categories?post=318967"},{"taxonomy":"post_tag","embeddable":true,"href":"https:\/\/www.europesays.com\/fr\/wp-json\/wp\/v2\/tags?post=318967"}],"curies":[{"name":"wp","href":"https:\/\/api.w.org\/{rel}","templated":true}]}}