{"id":318969,"date":"2025-08-14T16:21:14","date_gmt":"2025-08-14T16:21:14","guid":{"rendered":"https:\/\/www.europesays.com\/fr\/318969\/"},"modified":"2025-08-14T16:21:14","modified_gmt":"2025-08-14T16:21:14","slug":"atp-cincinnati-en-realite-si-jannik-sinner-est-capable-de-se-deplacer-aussi-bien-depuis-le-fond-du-court-sur-dur-cest-grace-a-la-pratique-du-ski-depuis-son-plus-jeune-age","status":"publish","type":"post","link":"https:\/\/www.europesays.com\/fr\/318969\/","title":{"rendered":"ATP &#8211; Cincinnati > \u00ab En r\u00e9alit\u00e9, si Jannik Sinner est capable de se d\u00e9placer aussi bien depuis le fond du court sur dur, c\u2019est gr\u00e2ce \u00e0 la pratique du ski depuis son plus jeune \u00e2ge \u00bb, affirme Jos\u00e9 Moron"},"content":{"rendered":"<p>V\u00e9ritable m\u00e9tro\u00adnome sur le court, Jannik Sinner est diffi\u00adci\u00adle\u00adment d\u00e9bor\u00addable gr\u00e2ce \u00e0 sa couver\u00adture de terrain excep\u00adtionnel. Pour Jos\u00e9 Moron, r\u00e9dac\u00adteur en chef de Punto de Break, le num\u00e9ro un mondial a cette aisance de d\u00e9pla\u00adce\u00adment en fond de court gr\u00e2ce \u00e0 son passif de skieur.<\/p>\n<p>\u00c0 noter que le quadruple cham\u00adpion en Grand Chelem \u00e0 jongler entre le tennis et le ski alpin jusqu\u2019\u00e0 l\u2019\u00e2ge de 13 ans, avant de se consa\u00adcrer plei\u00adne\u00adment \u00e0 la petite balle\u00a0jaune.<\/p>\n<blockquote class=\"twitter-tweet\">\n<p lang=\"es\" dir=\"ltr\">La verdad es que Sinner es capaz de moverse as\u00ed de bien desde el fondo en pista dura gracias a esa pr\u00e1c\u00adtica que tiene esquiando desde peque\u00f1ito.<\/p>\n<p>Es impre\u00adsio\u00adnante c\u00f3mo se apoya y cambia direc\u00adciones gracias a esa manera de balan\u00adcear su cuerpo.<\/p>\n<p><a href=\"https:\/\/t.co\/nRq7fvlQ6G\" data-wpel-link=\"external\" target=\"_blank\" rel=\"nofollow external noopener\">pic.twitter.com\/nRq7fvlQ6G<\/a><\/p>\n<p>\u2014 Jos\u00e9 Mor\u00f3n (@jmgmoron) <a href=\"https:\/\/twitter.com\/jmgmoron\/status\/1955698465624801760?ref_src=twsrc%5Etfw\" data-wpel-link=\"external\" target=\"_blank\" rel=\"nofollow external noopener\">August 13,\u00a02025<\/a><\/p><\/blockquote>\n<p><strong>\u00ab\u202fEn r\u00e9alit\u00e9, si Sinner est capable de se d\u00e9placer aussi bien depuis le fond du court en dur gr\u00e2ce \u00e0 la pratique du ski depuis son plus jeune \u00e2ge. Il est impres\u00adsion\u00adnant de voir comment il s\u2019ap\u00adpuie et change de direc\u00adtion gr\u00e2ce \u00e0 cette fa\u00e7on de balancer son\u00a0corps\u202f\u00bb.<\/strong><\/p>\n<p class=\"post-published-date\" style=\"color: silver; font-size: 75%; text-align: left;\">Publi\u00e9 le jeudi 14 ao\u00fbt 2025 \u00e0 17:15<\/p>\n<p><script async src=\"https:\/\/platform.twitter.com\/widgets.js\" charset=\"utf-8\"><\/script><\/p>\n","protected":false},"excerpt":{"rendered":"V\u00e9ritable m\u00e9tro\u00adnome sur le court, Jannik Sinner est diffi\u00adci\u00adle\u00adment d\u00e9bor\u00addable gr\u00e2ce \u00e0 sa couver\u00adture de terrain excep\u00adtionnel. Pour&hellip;\n","protected":false},"author":2,"featured_media":318970,"comment_status":"","ping_status":"","sticky":false,"template":"","format":"standard","meta":{"footnotes":""},"categories":[1415],"tags":[1011,27,2127,60,1467],"class_list":{"0":"post-318969","1":"post","2":"type-post","3":"status-publish","4":"format-standard","5":"has-post-thumbnail","7":"category-tennis","8":"tag-fr","9":"tag-france","10":"tag-sinner","11":"tag-sports","12":"tag-tennis"},"share_on_mastodon":{"url":"https:\/\/pubeurope.com\/@fr\/115028038948802479","error":""},"_links":{"self":[{"href":"https:\/\/www.europesays.com\/fr\/wp-json\/wp\/v2\/posts\/318969","targetHints":{"allow":["GET"]}}],"collection":[{"href":"https:\/\/www.europesays.com\/fr\/wp-json\/wp\/v2\/posts"}],"about":[{"href":"https:\/\/www.europesays.com\/fr\/wp-json\/wp\/v2\/types\/post"}],"author":[{"embeddable":true,"href":"https:\/\/www.europesays.com\/fr\/wp-json\/wp\/v2\/users\/2"}],"replies":[{"embeddable":true,"href":"https:\/\/www.europesays.com\/fr\/wp-json\/wp\/v2\/comments?post=318969"}],"version-history":[{"count":0,"href":"https:\/\/www.europesays.com\/fr\/wp-json\/wp\/v2\/posts\/318969\/revisions"}],"wp:featuredmedia":[{"embeddable":true,"href":"https:\/\/www.europesays.com\/fr\/wp-json\/wp\/v2\/media\/318970"}],"wp:attachment":[{"href":"https:\/\/www.europesays.com\/fr\/wp-json\/wp\/v2\/media?parent=318969"}],"wp:term":[{"taxonomy":"category","embeddable":true,"href":"https:\/\/www.europesays.com\/fr\/wp-json\/wp\/v2\/categories?post=318969"},{"taxonomy":"post_tag","embeddable":true,"href":"https:\/\/www.europesays.com\/fr\/wp-json\/wp\/v2\/tags?post=318969"}],"curies":[{"name":"wp","href":"https:\/\/api.w.org\/{rel}","templated":true}]}}