{"id":318981,"date":"2025-08-14T16:28:12","date_gmt":"2025-08-14T16:28:12","guid":{"rendered":"https:\/\/www.europesays.com\/fr\/318981\/"},"modified":"2025-08-14T16:28:12","modified_gmt":"2025-08-14T16:28:12","slug":"pres-du-caire-une-maison-darchitecte-digne-dun-palais-oriental","status":"publish","type":"post","link":"https:\/\/www.europesays.com\/fr\/318981\/","title":{"rendered":"Pr\u00e8s du Caire, une maison d&rsquo;architecte digne d&rsquo;un palais oriental"},"content":{"rendered":"<p>L\u2019impressionnante piscine int\u00e9rieure, construite en tenant compte de cette peinture de Gilles Ballini, sert aussi de salle \u00e0 manger. De chaque c\u00f4t\u00e9, les vitres s\u2019ouvrent sur des jardins luxuriants.<\/p>\n<p>Felix SpellerUn lieu inspir\u00e9 des temples pharaoniques<\/p>\n<p>D\u00e8s l\u2019entr\u00e9e, les invit\u00e9s sont accueillis par un atrium \u00e0 double hauteur, rev\u00eatu de marbre et baign\u00e9 de soleil gr\u00e2ce au puits de lumi\u00e8re ; des <a href=\"https:\/\/www.admagazine.fr\/advisitesprivees\/galerie\/en-floride-une-villa-nichee-dans-une-plantation-de-palmiers\" target=\"_blank\" rel=\"noopener\">palmiers<\/a> Washingtonia tr\u00f4nent en son centre. Ici, l\u2019\u00e9chelle de la maison se fait clairement sentir. Elle impressionne par son ex\u00e9cution impeccable et la mani\u00e8re naturelle dont elle relie les diff\u00e9rents espaces. \u00c0 partir de cet atrium, une pi\u00e8ce rectangulaire abrite la piscine int\u00e9rieure, o\u00f9 des vitres s\u2019ouvrent pour r\u00e9v\u00e9ler des jardins luxuriants. Sur la droite s\u2019encha\u00eenent les espaces de vie, la chambre de l\u2019architecte, ainsi que d\u2019autres chambres \u00e0 l\u2019\u00e9tage. \u00ab Nous aimons les temples <a href=\"https:\/\/www.admagazine.fr\/galerie\/edifices-fascinants-architecture-rupestre\" target=\"_blank\" rel=\"noopener\">pharaoniques<\/a> \u00bb, explique-t-il au sujet de la taille des espaces, passant du plus grand au plus petit \u00e0 mesure que l\u2019on s\u2019aventure \u00e0 l\u2019int\u00e9rieur.<\/p>\n<p>\u00ab Il ne s\u2019agit pas d\u2019\u00eatre ostentatoire mais de privil\u00e9gier le volume et la lumi\u00e8re plut\u00f4t que de multiplier les mat\u00e9riaux et les ornements. \u00bb<\/p>\n<p>L\u2019architecte Tarek Shamma<\/p>\n<p>Dans la salle r\u00e9serv\u00e9e \u00e0 la t\u00e9l\u00e9, un plafond d\u00e9cor\u00e9 par la famille avec des portes anciennes et une chemin\u00e9e en pierre locale de Hashmi. Sur des tables d\u2019appoint con\u00e7ues par Tarek Shamma, des bustes de la grand-m\u00e8re de l\u2019architecte r\u00e9alis\u00e9s par Mahmoud Mokhtar.<\/p>\n<p>Felix Speller\u00ab Nous aimons \u00eatre entour\u00e9s d&rsquo;objets \u00bb<\/p>\n<p>\u00ab Ce qui est important ici, c\u2019est cette id\u00e9e de progression et de mouvement. Il ne s\u2019agit pas d\u2019\u00eatre ostentatoire, mais de privil\u00e9gier le volume et la lumi\u00e8re plut\u00f4t que de multiplier les mat\u00e9riaux et les ornements. \u00bb Contrastant avec <a href=\"https:\/\/www.admagazine.fr\/galerie\/maison-minimaliste-architecture-japonaise\" target=\"_blank\" rel=\"noopener\">l\u2019architecture minimaliste<\/a>, les int\u00e9rieurs, plus g\u00e9n\u00e9reux, sont garnis de meubles anciens, de coffres chinois du XVIIe si\u00e8cle, de canap\u00e9s anglais du XIXe si\u00e8cle, d\u2019\u0153uvres d\u2019art arabes modernes et de tapisseries, qui contribuent \u00e0 l\u2019intimit\u00e9 et \u00e0 la convivialit\u00e9 du lieu. \u00ab Je pense que c\u2019est typique du <a href=\"https:\/\/www.admagazine.fr\/article\/epicon-gratte-ciel-arabie-saoudite-gravite-2\" target=\"_blank\" rel=\"noopener\">Moyen-Orient<\/a>, confie Tarek Shamma en riant. Nous aimons \u00eatre entour\u00e9s d\u2019objets. Nous sommes incapables de nous contenter d\u2019un pot, d\u2019une sculpture ou d\u2019une peinture. \u00bb<\/p>\n<p>Dans la salle d\u2019eau, une sculpture en bois sign\u00e9e Mahmoud El Dewihi.<\/p>\n<p>Felix Speller<\/p>\n<p>Dans la chambre de Tarek Shamma, un lampadaire qu\u2019il a dessin\u00e9, des coffres turcs antiques et un tapis ancien Kerman (Ubuntu art gallery).<\/p>\n<p>Felix Speller<\/p>\n<p>Pour donner de la personnalit\u00e9 \u00e0 la maison, la famille l\u2019a d\u00e9cor\u00e9e avec des objets issus de ses nombreux voyages et des pi\u00e8ces plus anciennes ayant appartenu \u00e0 diff\u00e9rents membres. \u00ab Nous n\u2019avons jamais consid\u00e9r\u00e9 un objet comme un troph\u00e9e. Mon grand-p\u00e8re, par exemple, avait une affinit\u00e9 pour les vieilles portes. Nous en avons trouv\u00e9 sur place, les avons restaur\u00e9es, encadr\u00e9es et install\u00e9es partout, se souvient l\u2019architecte. Il est important que tout dans la maison soit <a href=\"https:\/\/www.admagazine.fr\/article\/luxueux-voilier-nil-sauna\" target=\"_blank\" rel=\"noopener\">\u00e9gyptien<\/a>, car nous sommes fiers de l\u2019\u00eatre. Mais nous avons aussi la chance d\u2019avoir beaucoup voyag\u00e9 et d\u2019\u00eatre ouverts sur le monde. La maison raconte donc cette histoire. \u00bb<\/p>\n<p>\u00ab Le jardin a toujours \u00e9t\u00e9 une source d\u2019inspiration. J\u2019aime y aller et \u00eatre au calme pour lire et dessiner. \u00bb<\/p>\n<p>L\u2019architecte Tarek Shamma<\/p>\n<p>Dans le patio-salle \u00e0 manger, les tables ont \u00e9t\u00e9 d\u00e9cor\u00e9es avec les fleurs des bougainvilliers du jardin.<\/p>\n<p>Felix SpellerLe jardin luxuriant \u2014 et ses mangues<\/p>\n<p>Le b\u00e2timent est situ\u00e9 sur une ancienne plantation de mangues que la famille a d\u00e9cid\u00e9 de pr\u00e9server, en gardant la plupart des arbres intacts : \u00ab Nous avons tellement de mangues que nous les offrons ! Nous en faisons des conserves \u00e9galement. Il en va de m\u00eame pour les autres fruits qui poussent sur ces vastes terres, comme les dattes. \u00bb Et si Tarek Shamma aime naturellement recevoir \u2013 \u00ab c\u2019est presque un passe-temps familial \u00bb \u2013, l\u2019abondance des lieux s\u2019y pr\u00eate, entre les feuilles de palmier ou encore les fleurs de frangipanier et de bougainvillier qui servent \u00e0 d\u00e9corer les tables. Le <a href=\"https:\/\/www.admagazine.fr\/article\/idees-amenagement-jardin\" target=\"_blank\" rel=\"noopener\">jardin<\/a> \u00e9tait la fiert\u00e9 de sa m\u00e8re.<\/p>\n","protected":false},"excerpt":{"rendered":"L\u2019impressionnante piscine int\u00e9rieure, construite en tenant compte de cette peinture de Gilles Ballini, sert aussi de salle \u00e0&hellip;\n","protected":false},"author":2,"featured_media":318982,"comment_status":"","ping_status":"","sticky":false,"template":"","format":"standard","meta":{"footnotes":""},"categories":[1358],"tags":[1348,1384,1385,1386,58,59,1011,27,6997,3892,3257],"class_list":{"0":"post-318981","1":"post","2":"type-post","3":"status-publish","4":"format-standard","5":"has-post-thumbnail","7":"category-arts-et-design","8":"tag-arts","9":"tag-arts-and-design","10":"tag-arts-et-design","11":"tag-design","12":"tag-divertissement","13":"tag-entertainment","14":"tag-fr","15":"tag-france","16":"tag-maison-darchitecte","17":"tag-maisons-de-campagne","18":"tag-moyen-orient"},"share_on_mastodon":{"url":"https:\/\/pubeurope.com\/@fr\/115028066556111671","error":""},"_links":{"self":[{"href":"https:\/\/www.europesays.com\/fr\/wp-json\/wp\/v2\/posts\/318981","targetHints":{"allow":["GET"]}}],"collection":[{"href":"https:\/\/www.europesays.com\/fr\/wp-json\/wp\/v2\/posts"}],"about":[{"href":"https:\/\/www.europesays.com\/fr\/wp-json\/wp\/v2\/types\/post"}],"author":[{"embeddable":true,"href":"https:\/\/www.europesays.com\/fr\/wp-json\/wp\/v2\/users\/2"}],"replies":[{"embeddable":true,"href":"https:\/\/www.europesays.com\/fr\/wp-json\/wp\/v2\/comments?post=318981"}],"version-history":[{"count":0,"href":"https:\/\/www.europesays.com\/fr\/wp-json\/wp\/v2\/posts\/318981\/revisions"}],"wp:featuredmedia":[{"embeddable":true,"href":"https:\/\/www.europesays.com\/fr\/wp-json\/wp\/v2\/media\/318982"}],"wp:attachment":[{"href":"https:\/\/www.europesays.com\/fr\/wp-json\/wp\/v2\/media?parent=318981"}],"wp:term":[{"taxonomy":"category","embeddable":true,"href":"https:\/\/www.europesays.com\/fr\/wp-json\/wp\/v2\/categories?post=318981"},{"taxonomy":"post_tag","embeddable":true,"href":"https:\/\/www.europesays.com\/fr\/wp-json\/wp\/v2\/tags?post=318981"}],"curies":[{"name":"wp","href":"https:\/\/api.w.org\/{rel}","templated":true}]}}