{"id":318983,"date":"2025-08-14T16:29:38","date_gmt":"2025-08-14T16:29:38","guid":{"rendered":"https:\/\/www.europesays.com\/fr\/318983\/"},"modified":"2025-08-14T16:29:38","modified_gmt":"2025-08-14T16:29:38","slug":"lavaur-le-pari-litteraire-dun-ancien-cadre-du-luxe","status":"publish","type":"post","link":"https:\/\/www.europesays.com\/fr\/318983\/","title":{"rendered":"Lavaur\u00a0: le pari litt\u00e9raire d\u2019un ancien cadre du luxe"},"content":{"rendered":"<p>\n                                                                    l&rsquo;essentiel<br \/>\n                                                                Quitter Singapour pour rouvrir une librairie \u00e0 Lavaur\u00a0? C\u2019est le pari audacieux de Yannis Casse revenu \u00e0 ses racines, avec pour seuls bagages un amour immod\u00e9r\u00e9 des livres\u2026 et une solide exp\u00e9rience dans l\u2019industrie du luxe.\n                            <\/p>\n<p>Il a bourlingu\u00e9 de Duba\u00ef \u00e0 Singapour, arpent\u00e9 les salons feutr\u00e9s du commerce international apr\u00e8s un master \u00e0 l\u2019ESSEC. Mais c\u2019est \u00e0 Lavaur, petite ville du Tarn, que ce cadre a choisi de poser ses valises en 2019. En ligne de mire\u00a0: offrir \u00e0 son fils une vie au rythme des saisons, renouer avec la famille puis\u2026 faire des livres non plus un refuge, mais une profession.<\/p>\n<p>L\u2019aventure commence \u00e0 l\u2019initiative de Sarah et Yves Lagier, propri\u00e9taires de l\u2019enseigne @ttitude et cousins \u00e9loign\u00e9s du repreneur. Ils lui proposent de reprendre leur r\u00e9seau de librairies (Lavaur, Gaillac, Graulhet et Albi). Mais les difficult\u00e9s financi\u00e8res de l\u2019entreprise pr\u00e9cipitent sa mise en liquidation avant la signature. \u00ab\u00a0J\u2019aurais pr\u00e9f\u00e9r\u00e9 \u00e9viter cette issue, garder les \u00e9quipes en place, assurer une transition en douceur, mais les chiffres ne suivaient pas\u00a0\u00bb, confie-t-il.<\/p>\n<p>La liquidation, paradoxalement, va devenir une opportunit\u00e9. Elle permet d\u2019assainir les comptes et d\u2019\u00e9carter le site d\u2019Albi, trop lourd \u00e0 porter. La nouvelle structure \u2014 Les Ailes du Papillon \u2014 a \u00e9t\u00e9 cr\u00e9\u00e9e\u2026 La machine red\u00e9marre.<br \/>Loin d\u2019\u00eatre un coup de c\u0153ur na\u00eff, ce projet est un v\u00e9ritable \u00ab\u00a0gros pari personnel\u00a0\u00bb, reconna\u00eet l\u2019int\u00e9ress\u00e9. Investir dans un secteur r\u00e9put\u00e9 peu rentable, sans \u00eatre libraire de formation, peut sembler d\u00e9raisonnable. \u00ab\u00a0Mais entrer dans une librairie, pour moi, c\u2019est comme pour un enfant dans un magasin de bonbons.\u00a0\u00bb<\/p>\n<p>La strat\u00e9gie se veut ambitieuse mais r\u00e9aliste\u00a0: renforcer les fonds de stock en incluant classiques et essais, responsabiliser chaque \u00e9quipe locale dans la gestion de ses commandes, rompre avec la centralisation d\u2019hier pour mieux coller aux attentes de chaque territoire. Seuls les emplois d\u2019Albi sont sacrifi\u00e9s.<\/p>\n<p>Les trois librairies devraient rouvrir leurs portes sous peu. \u00ab\u00a0Une librairie qui ferme, c\u2019est un cr\u00e8ve-c\u0153ur pour une ville\u00a0\u00bb, affirme-t-il. En la rouvrant, il esp\u00e8re non seulement sauver des emplois, mais aussi offrir un lieu vivant, curieux, ouvert \u2014 o\u00f9 les livres ne seront pas que des produits, mais des passerelles entre les \u00eatres.<\/p>\n","protected":false},"excerpt":{"rendered":"l&rsquo;essentiel Quitter Singapour pour rouvrir une librairie \u00e0 Lavaur\u00a0? C\u2019est le pari audacieux de Yannis Casse revenu \u00e0&hellip;\n","protected":false},"author":2,"featured_media":318984,"comment_status":"","ping_status":"","sticky":false,"template":"","format":"standard","meta":{"footnotes":""},"categories":[1357],"tags":[1379,58,59,1011,27,1380],"class_list":{"0":"post-318983","1":"post","2":"type-post","3":"status-publish","4":"format-standard","5":"has-post-thumbnail","7":"category-livres","8":"tag-books","9":"tag-divertissement","10":"tag-entertainment","11":"tag-fr","12":"tag-france","13":"tag-livres"},"share_on_mastodon":{"url":"https:\/\/pubeurope.com\/@fr\/115028070700425905","error":""},"_links":{"self":[{"href":"https:\/\/www.europesays.com\/fr\/wp-json\/wp\/v2\/posts\/318983","targetHints":{"allow":["GET"]}}],"collection":[{"href":"https:\/\/www.europesays.com\/fr\/wp-json\/wp\/v2\/posts"}],"about":[{"href":"https:\/\/www.europesays.com\/fr\/wp-json\/wp\/v2\/types\/post"}],"author":[{"embeddable":true,"href":"https:\/\/www.europesays.com\/fr\/wp-json\/wp\/v2\/users\/2"}],"replies":[{"embeddable":true,"href":"https:\/\/www.europesays.com\/fr\/wp-json\/wp\/v2\/comments?post=318983"}],"version-history":[{"count":0,"href":"https:\/\/www.europesays.com\/fr\/wp-json\/wp\/v2\/posts\/318983\/revisions"}],"wp:featuredmedia":[{"embeddable":true,"href":"https:\/\/www.europesays.com\/fr\/wp-json\/wp\/v2\/media\/318984"}],"wp:attachment":[{"href":"https:\/\/www.europesays.com\/fr\/wp-json\/wp\/v2\/media?parent=318983"}],"wp:term":[{"taxonomy":"category","embeddable":true,"href":"https:\/\/www.europesays.com\/fr\/wp-json\/wp\/v2\/categories?post=318983"},{"taxonomy":"post_tag","embeddable":true,"href":"https:\/\/www.europesays.com\/fr\/wp-json\/wp\/v2\/tags?post=318983"}],"curies":[{"name":"wp","href":"https:\/\/api.w.org\/{rel}","templated":true}]}}