{"id":318985,"date":"2025-08-14T16:30:13","date_gmt":"2025-08-14T16:30:13","guid":{"rendered":"https:\/\/www.europesays.com\/fr\/318985\/"},"modified":"2025-08-14T16:30:13","modified_gmt":"2025-08-14T16:30:13","slug":"illa-jeune-chanteuse-et-ancienne-participante-a-the-voice-affirme-avoir-ete-agressee-par-trois-policiers","status":"publish","type":"post","link":"https:\/\/www.europesays.com\/fr\/318985\/","title":{"rendered":"Illa, jeune chanteuse et ancienne participante \u00e0 \u00ab\u00a0The Voice\u00a0\u00bb affirme avoir \u00e9t\u00e9 agress\u00e9e par trois policiers"},"content":{"rendered":"<p>Il a fallu beaucoup de courage \u00e0 Illa pour poster ce long t\u00e9moignage sur les <a href=\"https:\/\/www.20minutes.fr\/dossier\/reseaux_sociaux\" class=\"c-link c-link--is-underlined\" target=\"_blank\" rel=\"noopener\">r\u00e9seaux sociaux<\/a>. La jeune femme, pass\u00e9e par \u00ab\u00a0<a href=\"https:\/\/www.20minutes.fr\/television\/the-voice\/\" class=\"c-link c-link--is-underlined\" target=\"_blank\" rel=\"noopener\">The Voice<\/a>\u00a0\u00bb en\u00a02022, a \u00e9t\u00e9 plac\u00e9e dans une cellule pendant plus de 14 heures. Sur son compte <a href=\"https:\/\/www.20minutes.fr\/high-tech\/instagram\/\" class=\"c-link c-link--is-underlined\" target=\"_blank\" rel=\"noopener\">Instagram<\/a> elle d\u00e9nonce les <a href=\"https:\/\/www.20minutes.fr\/monde\/violences-policieres\/\" class=\"c-link c-link--is-underlined\" target=\"_blank\" rel=\"noopener\">violences polici\u00e8res<\/a> qu\u2019elle affirme avoir subies.<\/p>\n<p class=\"mb-xxl@xs color-ultramarine font-weight-semi-bold@xs font-source-serif-pro heading-s@xs\">L\u2019acc\u00e8s \u00e0 ce contenu a \u00e9t\u00e9 bloqu\u00e9 afin de respecter votre choix de consentement<\/p>\n<p class=\"mb-m@xs text-l@xs\">En cliquant sur\u00ab J\u2019accepte \u00bb, vous acceptez le d\u00e9p\u00f4t de cookies par des services externes et aurez ainsi acc\u00e8s aux contenus de nos partenaires.<\/p>\n<p class=\"mb-xl@xs text-s@xs\">Plus d\u2019informations sur la page<a href=\"https:\/\/www.20minutes.fr\/gestion-cookies\" class=\"mx-xxs@xs color-ultramarine\" target=\"_blank\" rel=\"noopener\">Politique de gestion des cookies<\/a><\/p>\n<p>J\u2019accepte\u00ab\u00a0Je me suis demand\u00e9 ce qu\u2019ils allaient me faire\u00a0\u00bb<\/p>\n<p>\u00ab\u00a0Il y a quelques mois, j\u2019ai \u00e9t\u00e9 agress\u00e9e par trois hommes, trois policiers, alors que je rentrais chez moi en <a href=\"https:\/\/www.20minutes.fr\/dossier\/velib\" class=\"c-link c-link--is-underlined\" target=\"_blank\" rel=\"noopener\">V\u00e9lib<\/a>. J\u2019\u00e9tais en train de rouler quand, au loin, sur ma gauche, je vois une voiture de police. Pas d\u2019avertisseur lumineux, pas d\u2019avertisseur sonore. Elle route lentement, je suis assez loin\u2026 Donc je maintiens ma priorit\u00e9, puisque je venais de la droite. Je continue un peu plus loin dans la rue, et l\u00e0, je vois les avertisseurs lumineux s\u2019allumer. Je me d\u00e9cale imm\u00e9diatement sur le c\u00f4t\u00e9 pour les laisser passer, puisque \u00e0 ce moment-l\u00e0, c\u2019est une voiture prioritaire. Sauf qu\u2019au lieu de passer, ils s\u2019arr\u00eatent \u00e0 ma hauteur et trois hommes arm\u00e9s sortent et s\u2019avancent vers moi\u00a0\u00bb, d\u00e9bute le t\u00e9moignage d\u2019Illa.<\/p>\n<p>Habitu\u00e9e \u00e0 rouler \u00e0 v\u00e9lo dans Paris, elle jure ne pas avoir fait d\u2019infraction au <a href=\"https:\/\/www.20minutes.fr\/dossier\/code_de_la_route\" class=\"c-link c-link--is-underlined\" target=\"_blank\" rel=\"noopener\">Code de la route<\/a>, \u00ab\u00a0j\u2019ai eu 40\/40 au code, donc je leur dis poliment que non\u2026 Ils commencent \u00e0 s\u2019\u00e9nerver, me demandent mes papiers que je leur donne\u00a0\u00bb. C\u2019est \u00e0 partir de ce moment que la discussion d\u00e9g\u00e9n\u00e8re. \u00ab\u00a0J\u2019entends un des policiers dire \u00e0 l\u2019autre\u00a0: Prends-lui son t\u00e9l\u00e9phone. Et l\u00e0, tout bascule. L\u2019un m\u2019arrache le t\u00e9l\u00e9phone\u00a0: Tu n\u2019appelleras personne. Il jette mon v\u00e9lo au sol, m\u2019attrape violemment les bras, me menotte derri\u00e8re le dos. Les menottes sont tellement serr\u00e9es que j\u2019aurai des bleus aux poignets. Ils me jettent \u00e0 l\u2019arri\u00e8re de la voiture, encercl\u00e9e par ces trois hommes\u00a0\u00bb, \u00e9crit la chanteuse. Le chemin va se passer sous les remarques sexistes et la peur, \u00ab\u00a0\u00e7a a \u00e9t\u00e9 les minutes les plus longues de ma vie, o\u00f9 je me suis demand\u00e9 ce qu\u2019ils allaient me faire\u00a0\u00bb.<\/p>\n<p>\u00ab\u00a0Ce sera toujours votre parole contre celle des policiers\u00a0\u00bb<\/p>\n<p>Arriv\u00e9e au commissariat, Illa trouve un peu de r\u00e9confort aupr\u00e8s d\u2019une polici\u00e8re qui n\u2019a pas l\u2019air surprise de son arrestation. \u00ab\u00a0Elle me demande \u00e0 voix basse\u00a0: Ils t\u2019ont touch\u00e9e\u00a0? Je lui r\u00e9ponds que non. Elle me dit d\u2019un regard triste\u00a0: Je suis d\u00e9sol\u00e9e\u2026 Ce sont mes coll\u00e8gues. Ils font \u00e7a pour t\u2019emmerder. Ils vont te rel\u00e2cher, il ne va rien se passer. Et elle me remet \u00e0 eux.\u00a0\u00bb Le supplice de l\u2019ancienne participante du concours de <a href=\"https:\/\/www.20minutes.fr\/dossier\/chant\" class=\"c-link c-link--is-underlined\" target=\"_blank\" rel=\"noopener\">chant<\/a> va durer 14 heures dans une cellule mixte, entour\u00e9e d\u2019hommes drogu\u00e9s et ivres qui vont lui faire subir des insultes \u00e0 caract\u00e8res racistes et la menacer de mort. Les policiers vont refuser de la prot\u00e9ger et qu\u2019elle puisse changer sa protection hygi\u00e9nique, affirme-t-elle\u00a0: \u00ab\u00a0T\u2019as qu\u2019\u00e0 te changer devant nous\u00a0\u00bb, auraient lanc\u00e9 les forces de l\u2019ordre.<\/p>\n<p>Une fois libre, Illa va revenir sur place avec son p\u00e8re pour demander des explications. Le commissaire va alors s\u2019excuser mais les dissuader de porter plainte\u00a0: \u00ab\u00a0Vous pouvez porter plainte \u00e0 l\u2019<a href=\"https:\/\/www.20minutes.fr\/dossier\/igpn\" class=\"c-link c-link--is-underlined\" target=\"_blank\" rel=\"noopener\">IGPN<\/a>, mais ce sera toujours votre parole contre celle des policiers. Et la parole de policiers est acte de v\u00e9rit\u00e9, sauf si vous prouvez qu\u2019ils mentent\u00a0\u00bb, assure le fonctionnaire. Pour prouver les dires de la chanteuse, elle et son papa vont demander \u00e0 r\u00e9cup\u00e9rer les images des cam\u00e9ras de surveillance, mais le commissaire aurait assur\u00e9 \u00ab\u00a0qu\u2019elles ne marchaient pas\u00a0\u00bb et aurait aussi refus\u00e9 de lui communiquer les images des cam\u00e9ras embarqu\u00e9es.<\/p>\n<p>Aujourd\u2019hui la chanteuse prend la parole sur ses r\u00e9seaux sociaux pour sensibiliser et \u00e9viter que les arrestations abusives deviennent monnaie courante.<\/p>\n","protected":false},"excerpt":{"rendered":"Il a fallu beaucoup de courage \u00e0 Illa pour poster ce long t\u00e9moignage sur les r\u00e9seaux sociaux. La&hellip;\n","protected":false},"author":2,"featured_media":318986,"comment_status":"","ping_status":"","sticky":false,"template":"","format":"standard","meta":{"footnotes":""},"categories":[1356],"tags":[47,1695,58,59,118,1011,27,35088,662,2440,626,252,240,3074,1364,7374],"class_list":{"0":"post-318985","1":"post","2":"type-post","3":"status-publish","4":"format-standard","5":"has-post-thumbnail","7":"category-television","8":"tag-actualite","9":"tag-chanson","10":"tag-divertissement","11":"tag-entertainment","12":"tag-faits-divers","13":"tag-fr","14":"tag-france","15":"tag-igpn","16":"tag-ile-de-france","17":"tag-instagram","18":"tag-paris","19":"tag-television","20":"tag-temoignage","21":"tag-the-voice","22":"tag-tv","23":"tag-violences-policieres"},"share_on_mastodon":{"url":"https:\/\/pubeurope.com\/@fr\/115028075013483995","error":""},"_links":{"self":[{"href":"https:\/\/www.europesays.com\/fr\/wp-json\/wp\/v2\/posts\/318985","targetHints":{"allow":["GET"]}}],"collection":[{"href":"https:\/\/www.europesays.com\/fr\/wp-json\/wp\/v2\/posts"}],"about":[{"href":"https:\/\/www.europesays.com\/fr\/wp-json\/wp\/v2\/types\/post"}],"author":[{"embeddable":true,"href":"https:\/\/www.europesays.com\/fr\/wp-json\/wp\/v2\/users\/2"}],"replies":[{"embeddable":true,"href":"https:\/\/www.europesays.com\/fr\/wp-json\/wp\/v2\/comments?post=318985"}],"version-history":[{"count":0,"href":"https:\/\/www.europesays.com\/fr\/wp-json\/wp\/v2\/posts\/318985\/revisions"}],"wp:featuredmedia":[{"embeddable":true,"href":"https:\/\/www.europesays.com\/fr\/wp-json\/wp\/v2\/media\/318986"}],"wp:attachment":[{"href":"https:\/\/www.europesays.com\/fr\/wp-json\/wp\/v2\/media?parent=318985"}],"wp:term":[{"taxonomy":"category","embeddable":true,"href":"https:\/\/www.europesays.com\/fr\/wp-json\/wp\/v2\/categories?post=318985"},{"taxonomy":"post_tag","embeddable":true,"href":"https:\/\/www.europesays.com\/fr\/wp-json\/wp\/v2\/tags?post=318985"}],"curies":[{"name":"wp","href":"https:\/\/api.w.org\/{rel}","templated":true}]}}