{"id":318987,"date":"2025-08-14T16:31:16","date_gmt":"2025-08-14T16:31:16","guid":{"rendered":"https:\/\/www.europesays.com\/fr\/318987\/"},"modified":"2025-08-14T16:31:16","modified_gmt":"2025-08-14T16:31:16","slug":"bruce-dickinson-promet-un-album-lourd-a-vous-broyer-les-os-pour-2027-approuve-par-steve-harris-iron-maiden","status":"publish","type":"post","link":"https:\/\/www.europesays.com\/fr\/318987\/","title":{"rendered":"Bruce Dickinson promet un album \u00ab\u00a0lourd \u00e0 vous broyer les os\u00a0\u00bb pour 2027, approuv\u00e9 par Steve Harris (Iron Maiden)"},"content":{"rendered":"<p><strong><a href=\"https:\/\/www.metalzone.fr\/bruce-dickinson\/\" rel=\"nofollow noopener\" target=\"_blank\">Bruce Dickinson<\/a> pr\u00e9pare un nouveau chapitre de sa carri\u00e8re solo avec un album annonc\u00e9 pour 2027, qui m\u00ealera des passages d\u2019une lourdeur \u00e9crasante \u00e0 des instants plus intimistes, d\u00e9j\u00e0 valid\u00e9s par Steve Harris en personne.<\/strong><\/p>\n<p>Un disque qui s\u2019annonce massif<\/p>\n<p>Dans un entretien accord\u00e9 \u00e0 <a href=\"https:\/\/www.loudersound.com\/news\/iron-maiden-bruce-dickinson-details-new-solo-album-steve-harris-loves-it-2025\" target=\"_blank\" rel=\"nofollow noopener\">Metal Hammer<\/a>, le chanteur d\u2019<a href=\"https:\/\/www.metalzone.fr\/iron-maiden\/\" rel=\"nofollow noopener\" target=\"_blank\">Iron Maiden<\/a> a confirm\u00e9 avoir enregistr\u00e9 18 d\u00e9mos en avril dernier pour son prochain album solo. L\u2019enregistrement est pr\u00e9vu en janvier 2026 avec le producteur Brendan Duffey, pour une sortie fix\u00e9e \u00e0 2027. L\u2019artiste promet des morceaux \u201clourds \u00e0 vous broyer les os\u201d, mais aussi des passages capables de \u201ctoucher en plein c\u0153ur\u201d. Il pr\u00e9cise : \u201cSi c\u2019est heavy, c\u2019est heavy. Si c\u2019est acoustique, c\u2019est acoustique. C\u2019est l\u2019histoire que raconte la chanson qui compte\u201d.<\/p>\n<p>Parmi les premiers auditeurs, Steve Harris, bassiste et leader d\u2019Iron Maiden, n\u2019a pas cach\u00e9 son enthousiasme. Apr\u00e8s avoir \u00e9cout\u00e9 les d\u00e9mos, il aurait d\u00e9clar\u00e9 : \u201cC\u2019est le meilleur [mat\u00e9riel solo] que tu aies jamais fait\u201d. Un avis qui ne manquera pas d\u2019attiser la curiosit\u00e9 des fans.<\/p>\n<p>La continuit\u00e9 apr\u00e8s The Mandrake Project<\/p>\n<p>Sorti en mars 2024, The Mandrake Project marquait le retour discographique solo de Dickinson apr\u00e8s pr\u00e8s de vingt ans. Salu\u00e9 pour sa production et sa richesse musicale, l\u2019album avait donn\u00e9 lieu \u00e0 une tourn\u00e9e europ\u00e9enne remarqu\u00e9e, avant de s\u2019exporter aux \u00c9tats-Unis. Le prochain disque reprendra une partie de la m\u00eame \u00e9quipe, incluant Dave Moreno \u00e0 la batterie, Mistheria aux claviers et Tanya O\u2019Callaghan \u00e0 la basse.<\/p>\n<p>Entre ce nouvel album solo prometteur et les perspectives d\u2019avenir de Maiden, d\u00e9j\u00e0 \u00e9voqu\u00e9es <a href=\"https:\/\/www.metalzone.fr\/news\/217669-bruce-dickinson-tease-avenir-iron-maiden\/\" target=\"_blank\" rel=\"noopener nofollow\">dans cet article<\/a>, Bruce Dickinson s\u2019appr\u00eate \u00e0 vivre des ann\u00e9es intenses.<\/p>\n","protected":false},"excerpt":{"rendered":"Bruce Dickinson pr\u00e9pare un nouveau chapitre de sa carri\u00e8re solo avec un album annonc\u00e9 pour 2027, qui m\u00ealera&hellip;\n","protected":false},"author":2,"featured_media":13083,"comment_status":"","ping_status":"","sticky":false,"template":"","format":"standard","meta":{"footnotes":""},"categories":[1355],"tags":[58,59,1011,27,1361,873],"class_list":{"0":"post-318987","1":"post","2":"type-post","3":"status-publish","4":"format-standard","5":"has-post-thumbnail","7":"category-musique","8":"tag-divertissement","9":"tag-entertainment","10":"tag-fr","11":"tag-france","12":"tag-music","13":"tag-musique"},"share_on_mastodon":{"url":"https:\/\/pubeurope.com\/@fr\/115028078994646812","error":""},"_links":{"self":[{"href":"https:\/\/www.europesays.com\/fr\/wp-json\/wp\/v2\/posts\/318987","targetHints":{"allow":["GET"]}}],"collection":[{"href":"https:\/\/www.europesays.com\/fr\/wp-json\/wp\/v2\/posts"}],"about":[{"href":"https:\/\/www.europesays.com\/fr\/wp-json\/wp\/v2\/types\/post"}],"author":[{"embeddable":true,"href":"https:\/\/www.europesays.com\/fr\/wp-json\/wp\/v2\/users\/2"}],"replies":[{"embeddable":true,"href":"https:\/\/www.europesays.com\/fr\/wp-json\/wp\/v2\/comments?post=318987"}],"version-history":[{"count":0,"href":"https:\/\/www.europesays.com\/fr\/wp-json\/wp\/v2\/posts\/318987\/revisions"}],"wp:featuredmedia":[{"embeddable":true,"href":"https:\/\/www.europesays.com\/fr\/wp-json\/wp\/v2\/media\/13083"}],"wp:attachment":[{"href":"https:\/\/www.europesays.com\/fr\/wp-json\/wp\/v2\/media?parent=318987"}],"wp:term":[{"taxonomy":"category","embeddable":true,"href":"https:\/\/www.europesays.com\/fr\/wp-json\/wp\/v2\/categories?post=318987"},{"taxonomy":"post_tag","embeddable":true,"href":"https:\/\/www.europesays.com\/fr\/wp-json\/wp\/v2\/tags?post=318987"}],"curies":[{"name":"wp","href":"https:\/\/api.w.org\/{rel}","templated":true}]}}