{"id":318988,"date":"2025-08-14T16:32:30","date_gmt":"2025-08-14T16:32:30","guid":{"rendered":"https:\/\/www.europesays.com\/fr\/318988\/"},"modified":"2025-08-14T16:32:30","modified_gmt":"2025-08-14T16:32:30","slug":"dix-tres-bons-films-a-voir-gratuitement-avant-quils-ne-quittent-arte-tv","status":"publish","type":"post","link":"https:\/\/www.europesays.com\/fr\/318988\/","title":{"rendered":"Dix tr\u00e8s bons films \u00e0 voir gratuitement avant qu\u2019ils ne quittent Arte.tv"},"content":{"rendered":"<p>      Du classique, de l\u2019intemporel, du magique, du m\u00e9connu\u2026 le point commun de ces films\u00a0? Ils valent tous le coup d\u2019\u00eatre regard\u00e9s avant qu\u2019il ne soit trop tard\u00a0!              <a href=\"https:\/\/www.europesays.com\/fr\/wp-content\/uploads\/2025\/08\/67ddc0e_upload-1-9xwsudvghr9i-priscillafolledudesert.jpg\" data-pswp-width=\"\" data-pswp-height=\"\" class=\"media__hd\" target=\"_blank\">      <img decoding=\"async\" fetchpriority=\"high\" src=\"https:\/\/www.europesays.com\/fr\/wp-content\/uploads\/2025\/08\/67ddc0e_upload-1-9xwsudvghr9i-priscillafolledudesert.jpg\" class=\"media__picture js-media-zoom-main \" alt=\"\u00ab\u00a0Priscilla, folle du d\u00e9sert\u00a0\u00bb, un hymne \u00e0 la tol\u00e9rance d\u00e9licieusement excentrique devenu culte.\" title=\"Photo Screen Australia\/Orion Pictures Corporation\"\/>      <\/p>\n<p class=\"media__legend\"> \u00ab\u00a0Priscilla, folle du d\u00e9sert\u00a0\u00bb, un hymne \u00e0 la tol\u00e9rance d\u00e9licieusement excentrique devenu culte.  Photo Screen Australia\/Orion Pictures Corporation  <\/p>\n<p>     <\/a>                    <\/p>\n<p class=\"author author--simple\">Par  <a class=\"author author--link\" href=\"https:\/\/www.telerama.fr\/recherche\/articles?q=Macha+Dussart+avec+le+service+cin%C3%A9ma\" target=\"_blank\" rel=\"noopener\"> Macha Dussart avec le service cin\u00e9ma <\/a>    <\/p>\n<p class=\"publication__date\">Publi\u00e9 le 14 ao\u00fbt 2025 \u00e0 17h30<\/p>\n<p>   Partager   <\/p>\n<ul class=\"sharing-popin--results\">\n<li class=\"sharing-popin--item sharing-popin--item-container\"> Partage  <\/li>\n<li data-share=\"linkedin\" class=\"sharing-popin--item\">  LinkedIn <\/li>\n<li data-share=\"facebook\" class=\"sharing-popin--item\">  Facebook <\/li>\n<li data-share=\"mail\" data-social=\"mail\" class=\"sharing-popin--item\">  Envoyer par email <\/li>\n<li data-share=\"copy\" class=\"sharing-popin--item\">  Copier le lien <\/li>\n<\/ul>\n<p>        Favoris       <\/p>\n<p>                <a class=\"openapp__link\" data-event=\"click-open-app\" data-deep-link=\"tlrm:\/\/element?id=\/cinema\/dix-tres-bons-films-a-voir-gratuitement-avant-qu-ils-ne-quittent-arte-tv-7026953.php&amp;source=deeplink_site\">  Lire dans l&rsquo;application<br \/>\n  <\/a>                               <\/p>\n<p class=\"paragraph\">Plus que quelques jours pour embrasser des histoires incroyables qui feront battre le c\u0153ur. Le catalogue d\u2019<a target=\"_blank\" href=\"http:\/\/arte.tv\" rel=\"noopener\">Arte.tv<\/a> s\u2019enrichit chaque mois de nouveaux tr\u00e9sors du cin\u00e9ma fran\u00e7ais et international, mais pas pour toute la vie, droits de diffusion obligent. Alors, avant qu\u2019il ne soit trop tard \u2014 certains films ne sont disponibles que quelques jours seulement \u2014 T\u00e9l\u00e9rama a s\u00e9lectionn\u00e9 pour vous les dix \u0153uvres offertes par Arte qu\u2019il serait \u00ab\u00a0criminel\u00a0\u00bb de rater juste parce qu\u2019on ne les a pas regard\u00e9es \u00e0 temps. D\u2019ici la fin du mois, vous pourrez vous faire une toile d\u2019exception gratuitement tous les soirs. En solo ou \u00e0 plusieurs, avec un spritz ou un th\u00e9 glac\u00e9, en maillot ou en polo, laissez-vous emporter par la magie du cin\u00e9ma\u00a0!<\/p>\n<p>                                    Historique\u00a0: \u201cLili Marleen\u201d                              <a href=\"https:\/\/www.europesays.com\/fr\/wp-content\/uploads\/2025\/08\/16cc1f8_upload-1-fpejivdwznoq-lili-marleen-1981-05.jpg\" data-pswp-width=\"\" data-pswp-height=\"\" class=\"media__hd\" target=\"_blank\">      <img decoding=\"async\" loading=\"lazy\" src=\"https:\/\/www.europesays.com\/fr\/wp-content\/uploads\/2025\/08\/16cc1f8_upload-1-fpejivdwznoq-lili-marleen-1981-05.jpg\" class=\"media__picture js-media-zoom  media__size--large\" alt=\"\" title=\"Rialto films\"\/>      <\/p>\n<p class=\"media__legend\">   Rialto films  <\/p>\n<p>     <\/a>                          <\/p>\n<p class=\"paragraph\">Rainer Werner Fassbinder magnifiait Hanna Schygulla dans cet \u00e9l\u00e9gant film de guerre tout en chansons sur une artiste de cabaret allemande, devenue malgr\u00e9 elle la coqueluche des nazis.<\/p>\n<p class=\"edito__prefixe\">   D\u00e9couvrir la note et la critique   <\/p>\n<p class=\"edito__text-container\">       <a alt=\"Lire aussi\" href=\"https:\/\/www.telerama.fr\/cinema\/lili-marleen-subtil-le-melodrame-de-fassbinder-fait-avant-tout-le-portrait-d-une-femme-flouee-0921_cri-7012598.php\" class=\"article__title--edito\" target=\"_blank\" rel=\"noopener\">\u201cLili Marleen\u201d sur Arte\u00a0: subtil, le m\u00e9lodrame de Fassbinder fait avant tout le portrait d\u2019une femme flou\u00e9e<\/a>  <\/p>\n<p>                                        Intemporel\u00a0: \u201cLe Roi et l\u2019Oiseau\u201d                              <a href=\"https:\/\/www.europesays.com\/fr\/wp-content\/uploads\/2025\/08\/0067098_1715697384673-christophel-photo-bf-le-roi-et-l-oiseau-1980-12.jpg\" data-pswp-width=\"\" data-pswp-height=\"\" class=\"media__hd\" target=\"_blank\">      <img decoding=\"async\" loading=\"lazy\" src=\"https:\/\/www.europesays.com\/fr\/wp-content\/uploads\/2025\/08\/0067098_1715697384673-christophel-photo-bf-le-roi-et-l-oiseau-1980-12.jpg\" class=\"media__picture js-media-zoom  media__size--large\" alt=\"\" title=\"Photo COLLECTION CHRISTOPHEL\"\/>      <\/p>\n<p class=\"media__legend\">   Photo COLLECTION CHRISTOPHEL  <\/p>\n<p>     <\/a>                          <\/p>\n<p class=\"paragraph\">Une berg\u00e8re amoureuse d\u2019un ramoneur, un roi tyrannique et un oiseau philosophe\u2026 Grimault et Pr\u00e9vert s\u2019inspirent d\u2019Andersen. Un tendre hommage qui a la magie immortelle d\u2019un chef-d\u2019\u0153uvre.<\/p>\n<p class=\"edito__prefixe\">   D\u00e9couvrir la note et la critique   <\/p>\n<p class=\"edito__text-container\">       <a alt=\"Lire aussi\" href=\"https:\/\/www.telerama.fr\/cinema\/le-roi-et-l-oiseau-de-paul-grimault-la-declaration-d-amour-d-un-poete-au-monde_cri-7040163.php\" class=\"article__title--edito\" target=\"_blank\" rel=\"noopener\">\u201cLe Roi et l\u2019Oiseau\u201d, de Paul Grimault\u00a0: la d\u00e9claration d\u2019amour d\u2019un po\u00e8te au monde<\/a>  <\/p>\n<p>                                        D\u00e9senchant\u00e9\u00a0: \u201cLe Canardeur\u201d                              <a href=\"https:\/\/www.europesays.com\/fr\/wp-content\/uploads\/2025\/08\/aae3211_upload-1-7vwrabdztl0q-lecanardeur.jpg\" data-pswp-width=\"\" data-pswp-height=\"\" class=\"media__hd\" target=\"_blank\">      <img decoding=\"async\" loading=\"lazy\" src=\"https:\/\/www.europesays.com\/fr\/wp-content\/uploads\/2025\/08\/aae3211_upload-1-7vwrabdztl0q-lecanardeur.jpg\" class=\"media__picture js-media-zoom  media__size--large\" alt=\"\" title=\"Malpaso Productions\"\/>      <\/p>\n<p class=\"media__legend\">   Malpaso Productions  <\/p>\n<p>     <\/a>                          <\/p>\n<p class=\"paragraph\">Premier film de Cimino\u00a0: une belle balade picaresque en tr\u00e8s bonne compagnie (Clint Eastwood, Jeff Bridges), entre bi\u00e8res, poursuites et amiti\u00e9 dans l\u2019Am\u00e9rique des ann\u00e9es\u00a01970.<\/p>\n<p class=\"edito__prefixe\">   D\u00e9couvrir la note et la critique   <\/p>\n<p class=\"edito__text-container\">       <a alt=\"Lire aussi\" href=\"https:\/\/www.telerama.fr\/cinema\/le-canardeur-clint-eastwood-et-jeff-bridges-dans-un-road-movie-electrisant_cri-7039907.php\" class=\"article__title--edito\" target=\"_blank\" rel=\"noopener\">\u201cLe\u00a0Canardeur\u201d\u00a0: Clint Eastwood et Jeff Bridges dans un road-movie \u00e9lectrisant<\/a>  <\/p>\n<p>                                        Remarquable\u00a0: \u201cPlan 75\u201d                              <a href=\"https:\/\/www.europesays.com\/fr\/wp-content\/uploads\/2025\/08\/366226a_upload-1-rbqtbss1ee75-plan-75-2022-12.jpg\" data-pswp-width=\"\" data-pswp-height=\"\" class=\"media__hd\" target=\"_blank\">      <img decoding=\"async\" loading=\"lazy\" src=\"https:\/\/www.europesays.com\/fr\/wp-content\/uploads\/2025\/08\/366226a_upload-1-rbqtbss1ee75-plan-75-2022-12.jpg\" class=\"media__picture js-media-zoom  media__size--large\" alt=\"\" title=\"Happinet Phantom Studios\/Loade\"\/>      <\/p>\n<p class=\"media__legend\">   Happinet Phantom Studios\/Loade  <\/p>\n<p>     <\/a>                          <\/p>\n<p class=\"paragraph\">En imaginant un plan d\u2019euthanasie g\u00e9n\u00e9ralis\u00e9 pour les plus de 75\u00a0ans, ce film s\u2019attaque avec brio \u00e0 un sujet br\u00fblant\u00a0: le vieillissement de la population japonaise. Aussi d\u00e9licat que terrifiant et aur\u00e9ol\u00e9 de la mention sp\u00e9ciale de la Cam\u00e9ra d\u2019or \u00e0 Cannes en\u00a02022.<\/p>\n<p class=\"edito__prefixe\">   D\u00e9couvrir la note et la critique   <\/p>\n<p class=\"edito__text-container\">       <a alt=\"Lire aussi\" href=\"https:\/\/www.telerama.fr\/cinema\/films\/plan-75-1-215076840.php\" class=\"article__title--edito\" target=\"_blank\" rel=\"noopener\">\u201cPlan 75\u201d\u00a0: une dystopie sur la fin de vie qui fait froid dans le dos<\/a>  <\/p>\n<p>                                        Classique\u00a0: \u201cManon\u201d                              <a href=\"https:\/\/www.europesays.com\/fr\/wp-content\/uploads\/2025\/08\/800a3a0_upload-1-proodjpv28l2-manon.jpg\" data-pswp-width=\"\" data-pswp-height=\"\" class=\"media__hd\" target=\"_blank\">      <img decoding=\"async\" loading=\"lazy\" src=\"https:\/\/www.europesays.com\/fr\/wp-content\/uploads\/2025\/08\/800a3a0_upload-1-proodjpv28l2-manon.jpg\" class=\"media__picture js-media-zoom  media__size--large\" alt=\"\" title=\"Alcina\"\/>      <\/p>\n<p class=\"media__legend\">   Alcina  <\/p>\n<p>     <\/a>                          <\/p>\n<p class=\"paragraph\">1944\u00a0: Desgrieux est un jeune FFI et Manon fr\u00e9quente les maisons closes. On retrouve la noirceur et la complexit\u00e9 des personnages, typiques du style de Clouzot, entre fascination, pulsions et violence.<\/p>\n<p class=\"edito__prefixe\">   D\u00e9couvrir la note et la critique   <\/p>\n<p class=\"edito__text-container\">       <a alt=\"Lire aussi\" href=\"https:\/\/www.telerama.fr\/cinema\/manon-d-henri-georges-clouzot-modernisation-parfaitement-reussie-du-roman-de-l-abbe-prevost_cri-7039914.php\" class=\"article__title--edito\" target=\"_blank\" rel=\"noopener\">\u201cManon\u201d, d\u2019Henri-Georges Clouzot\u00a0: modernisation parfaitement r\u00e9ussie du roman de l\u2019abb\u00e9 Pr\u00e9vost<\/a>  <\/p>\n<p>                                        Mafieux\u00a0: \u201cNostalgia\u201d                              <a href=\"https:\/\/www.europesays.com\/fr\/wp-content\/uploads\/2025\/08\/556d7c2_upload-1-3e1h8qgvzjdg-nostalgia.jpg\" data-pswp-width=\"\" data-pswp-height=\"\" class=\"media__hd\" target=\"_blank\">      <img decoding=\"async\" loading=\"lazy\" src=\"https:\/\/www.europesays.com\/fr\/wp-content\/uploads\/2025\/08\/556d7c2_upload-1-3e1h8qgvzjdg-nostalgia.jpg\" class=\"media__picture js-media-zoom  media__size--large\" alt=\"\" title=\"Photo Mario Spada\/Picomedia\"\/>      <\/p>\n<p class=\"media__legend\">   Photo Mario Spada\/Picomedia  <\/p>\n<p>     <\/a>                          <\/p>\n<p class=\"paragraph\">De retour dans son Naples natal, un homme affronte ses souvenirs, ses manquements et la Camorra. Un film envo\u00fbtant aux r\u00e9sonances mystiques.<\/p>\n<p class=\"edito__prefixe\">   D\u00e9couvrir la note et la critique   <\/p>\n<p class=\"edito__text-container\">       <a alt=\"Lire aussi\" href=\"https:\/\/www.telerama.fr\/cinema\/nostalgia-dolce-vita-delinquance-et-violence-a-naples-5830_cri-7021996.php\" class=\"article__title--edito\" target=\"_blank\" rel=\"noopener\">\u201cNostalgia\u201d\u00a0sur Arte : dolce vita, d\u00e9linquance et violence \u00e0 Naples<\/a>  <\/p>\n<p>                                        M\u00e9lancolique\u00a0: \u201c<strong>Don\u2019t Come Knocking<\/strong>\u201d                              <a href=\"https:\/\/www.europesays.com\/fr\/wp-content\/uploads\/2025\/08\/7074694_upload-1-lk0z8gubes5r-don27tcomeknocking-5546189don27tcomeknocking.jpg\" data-pswp-width=\"\" data-pswp-height=\"\" class=\"media__hd\" target=\"_blank\">      <img decoding=\"async\" loading=\"lazy\" src=\"https:\/\/www.europesays.com\/fr\/wp-content\/uploads\/2025\/08\/7074694_upload-1-lk0z8gubes5r-don27tcomeknocking-5546189don27tcomeknocking.jpg\" class=\"media__picture js-media-zoom  media__size--large\" alt=\"\" title=\"Wim Wenders Stiftung\"\/>      <\/p>\n<p class=\"media__legend\">   Wim Wenders Stiftung  <\/p>\n<p>     <\/a>                          <\/p>\n<p class=\"paragraph\">Vingt ans apr\u00e8s Paris, Texas, Wim Wenders renouait avec Sam Shepard pour ce film boud\u00e9 \u00e0 sa sortie et pourtant travers\u00e9 par des dialogues vibrants sur le temps qui passe et les regrets qui subsistent.<\/p>\n<p class=\"edito__prefixe\">   D\u00e9couvrir la note et la critique   <\/p>\n<p class=\"edito__text-container\">       <a alt=\"Lire aussi\" href=\"https:\/\/www.telerama.fr\/cinema\/films\/don-t-come-knocking,232009.php\" class=\"article__title--edito\" target=\"_blank\" rel=\"noopener\">\u201cDon\u2019t Come Knocking\u201d, de Wim Wenders\u00a0: beau road-movie aux accents cr\u00e9pusculaires<\/a>  <\/p>\n<p>                                        Pictural\u00a0: \u201cMr Turner\u201d                              <a href=\"https:\/\/www.europesays.com\/fr\/wp-content\/uploads\/2025\/08\/222e6c3_upload-1-wlibqbzcackc-mr-turner.jpg\" data-pswp-width=\"\" data-pswp-height=\"\" class=\"media__hd\" target=\"_blank\">      <img decoding=\"async\" loading=\"lazy\" src=\"https:\/\/www.europesays.com\/fr\/wp-content\/uploads\/2025\/08\/222e6c3_upload-1-wlibqbzcackc-mr-turner.jpg\" class=\"media__picture js-media-zoom  media__size--large\" alt=\"\" title=\"Channel Four Television\"\/>      <\/p>\n<p class=\"media__legend\">   Channel Four Television  <\/p>\n<p>     <\/a>                          <\/p>\n<p class=\"paragraph\">Autoportrait impressionniste de l\u2019artiste en cochon grognon\u00a0: Turner (1775-1851), peintre paysagiste port\u00e9 peu \u00e0 peu jusqu\u2019aux limites du figuratif, devient pour Mike Leigh le chroniqueur \u00e9l\u00e9giaque d\u2019un monde perdu. Timothy Spall est g\u00e9nial.<\/p>\n<p class=\"edito__prefixe\">   D\u00e9couvrir la note et la critique   <\/p>\n<p class=\"edito__text-container\">       <a alt=\"Lire aussi\" href=\"https:\/\/www.telerama.fr\/cinema\/films\/mr-turner,491810.php\" class=\"article__title--edito\" target=\"_blank\" rel=\"noopener\">\u201cMr. Turner\u201d, un film comme une toile de ma\u00eetre<\/a>  <\/p>\n<p>                                        Br\u00fblant\u00a0: \u201cLes Amandiers\u201d                              <a href=\"https:\/\/www.europesays.com\/fr\/wp-content\/uploads\/2025\/08\/edc08ef_upload-1-cago1ffzo86l-lesamandiers.jpg\" data-pswp-width=\"\" data-pswp-height=\"\" class=\"media__hd\" target=\"_blank\">      <img decoding=\"async\" loading=\"lazy\" src=\"https:\/\/www.europesays.com\/fr\/wp-content\/uploads\/2025\/08\/edc08ef_upload-1-cago1ffzo86l-lesamandiers.jpg\" class=\"media__picture js-media-zoom  media__size--large\" alt=\"\" title=\"Photo J\u00e9rome Pr\u00e9bois\/Ad Vitam\"\/>      <\/p>\n<p class=\"media__legend\">   Photo J\u00e9rome Pr\u00e9bois\/Ad Vitam  <\/p>\n<p>     <\/a>                          <\/p>\n<p class=\"paragraph\">Aspirants com\u00e9diens, ils br\u00fblent les planches, et leur vie. L\u2019actrice-cin\u00e9aste fait revivre la passion de ses ann\u00e9es de formation aux Amandiers. \u00c9lectrisant.<\/p>\n<p class=\"edito__prefixe\">   D\u00e9couvrir la note et la critique   <\/p>\n<p class=\"edito__text-container\">       <a alt=\"Lire aussi\" href=\"https:\/\/www.telerama.fr\/cinema\/films\/les-amandiers-1-213223799.php\" class=\"article__title--edito\" target=\"_blank\" rel=\"noopener\"> \u201cLes Amandiers\u201d, ou la jeunesse passionn\u00e9e de Valeria Bruni Tedeschi<\/a>  <\/p>\n<p>                                        Culte\u00a0: \u201cPriscilla, folle du d\u00e9sert\u201d                              <a href=\"https:\/\/www.europesays.com\/fr\/wp-content\/uploads\/2025\/08\/218f219_upload-1-ao5hqxjxnl6g-priscillafolledudesert-2.jpg\" data-pswp-width=\"\" data-pswp-height=\"\" class=\"media__hd\" target=\"_blank\">      <img decoding=\"async\" loading=\"lazy\" src=\"https:\/\/www.europesays.com\/fr\/wp-content\/uploads\/2025\/08\/218f219_upload-1-ao5hqxjxnl6g-priscillafolledudesert-2.jpg\" class=\"media__picture js-media-zoom  media__size--large\" alt=\"\" title=\"Screen Australia\/Orion Pictures Corporation\"\/>      <\/p>\n<p class=\"media__legend\">   Screen Australia\/Orion Pictures Corporation  <\/p>\n<p>     <\/a>                          <\/p>\n<p class=\"paragraph\">Trois drag-queens traversent l\u2019Australie en bus pour participer \u00e0 une revue dans une salle de spectacle qui se situe en plein milieu du d\u00e9sert. Un v\u00e9ritable plaidoyer pour la tol\u00e9rance et la fantaisie.<\/p>\n<p class=\"edito__prefixe\">   D\u00e9couvrir la note et la critique   <\/p>\n<p class=\"edito__text-container\">       <a alt=\"Lire aussi\" href=\"https:\/\/www.telerama.fr\/cinema\/priscilla-folle-du-desert-un-road-movie-queer-kitsch-et-azimute_cri-7040033.php\" class=\"article__title--edito\" target=\"_blank\" rel=\"noopener\">\u201cPriscilla, folle du d\u00e9sert\u201d\u00a0: un road-movie queer, kitsch et azimut\u00e9<\/a>  <\/p>\n<p class=\"edito__prefixe\">   \u00c0 lire aussi :   <\/p>\n<p class=\"edito__text-container\">   <a alt=\"Lire aussi\" href=\"https:\/\/www.telerama.fr\/plateformes\/sur-netflix-10-tres-bons-films-a-voir-avant-la-fin-du-mois-d-aout-0233-7021642.php\" class=\"article__title--edito\" target=\"_blank\" rel=\"noopener\">Sur Netflix, 10 (tr\u00e8s) bons films \u00e0 voir avant la fin du mois d\u2019ao\u00fbt<\/a>  <\/p>\n<p class=\"edito__prefixe\">   Besoin d\u2019une id\u00e9e\u00a0?\u00a0   <\/p>\n<p class=\"edito__text-container\">   <a alt=\"Besoin d\u2019une id\u00e9e\u00a0?\u00a0\" href=\"https:\/\/www.telerama.fr\/series-tv\/les-vingt-meilleures-series-a-voir-gratuitement-sur-arte-tv-france-tv-et-m6-5204-7023235.php\" class=\"article__title--edito\" target=\"_blank\" rel=\"noopener\">Les vingt meilleures s\u00e9ries \u00e0 voir gratuitement sur Arte.tv, France.tv et M6+<\/a>  <\/p>\n<p class=\"paragraph\">Et pour encore plus de recommandations s\u00e9ries, films ou documentaires \u00e0 ne pas manquer, laissez notre guide Plateformes vous proposer le meilleur de Netflix, Arte, Max\u2026 En moins de cinq minutes chrono, il trouvera le programme parfait pour vous.<\/p>\n<p>        <img decoding=\"async\" class=\"snippet-generic__img\" src=\"https:\/\/www.europesays.com\/fr\/wp-content\/uploads\/2025\/04\/e7b7817_1729070628687-2.png\"\/><\/p>\n<p class=\"snippet-generic__title\">Enfin un guide Plateformes<\/p>\n<p class=\"snippet-generic__text\">Arr\u00eatez de perdre du temps \u00e0 chercher et d\u00e9couvrez les films, les s\u00e9ries et les documentaires recommand\u00e9s par T\u00e9l\u00e9rama sur toutes les plateformes SVOD. <\/p>\n<p>    <a href=\"https:\/\/www.telerama.fr\/plateformes\/\" target=\"_blank\" rel=\"noopener\"><\/p>\n<p>            Je d\u00e9couvre<\/p>\n<p>    <\/a><\/p>\n","protected":false},"excerpt":{"rendered":"Du classique, de l\u2019intemporel, du magique, du m\u00e9connu\u2026 le point commun de ces films\u00a0? Ils valent tous le&hellip;\n","protected":false},"author":2,"featured_media":318989,"comment_status":"","ping_status":"","sticky":false,"template":"","format":"standard","meta":{"footnotes":""},"categories":[1354],"tags":[58,59,1346,1011,27,1360],"class_list":{"0":"post-318988","1":"post","2":"type-post","3":"status-publish","4":"format-standard","5":"has-post-thumbnail","7":"category-films","8":"tag-divertissement","9":"tag-entertainment","10":"tag-films","11":"tag-fr","12":"tag-france","13":"tag-movies"},"share_on_mastodon":{"url":"https:\/\/pubeurope.com\/@fr\/115028083298457994","error":""},"_links":{"self":[{"href":"https:\/\/www.europesays.com\/fr\/wp-json\/wp\/v2\/posts\/318988","targetHints":{"allow":["GET"]}}],"collection":[{"href":"https:\/\/www.europesays.com\/fr\/wp-json\/wp\/v2\/posts"}],"about":[{"href":"https:\/\/www.europesays.com\/fr\/wp-json\/wp\/v2\/types\/post"}],"author":[{"embeddable":true,"href":"https:\/\/www.europesays.com\/fr\/wp-json\/wp\/v2\/users\/2"}],"replies":[{"embeddable":true,"href":"https:\/\/www.europesays.com\/fr\/wp-json\/wp\/v2\/comments?post=318988"}],"version-history":[{"count":0,"href":"https:\/\/www.europesays.com\/fr\/wp-json\/wp\/v2\/posts\/318988\/revisions"}],"wp:featuredmedia":[{"embeddable":true,"href":"https:\/\/www.europesays.com\/fr\/wp-json\/wp\/v2\/media\/318989"}],"wp:attachment":[{"href":"https:\/\/www.europesays.com\/fr\/wp-json\/wp\/v2\/media?parent=318988"}],"wp:term":[{"taxonomy":"category","embeddable":true,"href":"https:\/\/www.europesays.com\/fr\/wp-json\/wp\/v2\/categories?post=318988"},{"taxonomy":"post_tag","embeddable":true,"href":"https:\/\/www.europesays.com\/fr\/wp-json\/wp\/v2\/tags?post=318988"}],"curies":[{"name":"wp","href":"https:\/\/api.w.org\/{rel}","templated":true}]}}