{"id":318995,"date":"2025-08-14T16:36:13","date_gmt":"2025-08-14T16:36:13","guid":{"rendered":"https:\/\/www.europesays.com\/fr\/318995\/"},"modified":"2025-08-14T16:36:13","modified_gmt":"2025-08-14T16:36:13","slug":"apple-preparerait-au-moins-7-nouveaux-produits-chocs-pour-la-rentree-2025","status":"publish","type":"post","link":"https:\/\/www.europesays.com\/fr\/318995\/","title":{"rendered":"Apple pr\u00e9parerait au moins 7 nouveaux produits chocs pour la rentr\u00e9e 2025"},"content":{"rendered":"<p>                    <a aria-label=\"Apple iPhone 17 Air\" href=\"https:\/\/www.lesnumeriques.com\/telephone-portable\/apple-iphone-17-air-p76292.html\" rel=\"nofollow noopener\" target=\"_blank\">Apple iPhone 17 Air<\/a><\/p>\n<p>                                                <a href=\"https:\/\/www.lesnumeriques.com\/telephone-portable\/apple-iphone-17-air-p76292.html\" title=\"Apple iPhone 17 Air\" rel=\"nofollow noopener\" target=\"_blank\"><\/p>\n<p>            <img loading=\"lazy\" decoding=\"async\" src=\"data:image\/svg+xml,%3Csvg xmlns='http:\/\/www.w3.org\/2000\/svg'%3E%3C\/svg%3E\" draggable=\"false\" width=\"452\" height=\"254\" class=\"ed__title-xxs\" alt=\"Apple iPhone 17 Air\"\/><\/p>\n<p>                <\/a><\/p>\n<p>            En l&rsquo;absence d&rsquo;offres d\u00e9couvrez<\/p>\n<p>                Voir plus d&rsquo;offres\n        <\/p>\n<p>\n\tLes liens pr\u00e9sent\u00e9s ci-dessus pourraient ne pas fonctionner en pr\u00e9sence d&rsquo;un bloqueur de publicit\u00e9s.\n<\/p>\n<p class=\"ed__a-p ed__bdy__l\">La rentr\u00e9e est toujours un moment phare pour Apple, \u00e9tant donn\u00e9 qu\u2019elle y annonce ses nouveaux smartphones et accessoires. <a href=\"https:\/\/www.lesnumeriques.com\/telephone-portable\/iphone-17-17-air-17-pro-17-pro-max-apple-les-annoncerait-a-cette-date-n239855.html\" title=\"iPhone 17, 17\u00a0Air, 17\u00a0Pro &amp; 17\u00a0Pro Max\u00a0: voici quand Apple les annoncerait\" rel=\"nofollow noopener\" target=\"_blank\">\u00c0 un mois de l\u2019\u00e9v\u00e9nement<\/a>, on sait d\u00e9j\u00e0 presque tout des produits attendus et de leurs nouveaut\u00e9s \u2014 entre iPhone 17, Apple Watch Ultra 3, AirTag 2\u2026<\/p>\n<p class=\"ed__a-p ed__bdy__l\"><img loading=\"lazy\" decoding=\"async\" src=\"data:image\/svg+xml,%3Csvg xmlns='http:\/\/www.w3.org\/2000\/svg'%3E%3C\/svg%3E\" draggable=\"false\" width=\"6000\" height=\"4000\" class=\"ed__title-xxs\" alt=\"Logo de l'Apple Store du centre commercial InconSiam (Tha\u00eflande)\" style=\"background-color: #f2f2f2; aspect-ratio:6000\/4000;\"\/><\/p>\n<p>Logo de l&rsquo;Apple Store du centre commercial InconSiam (Tha\u00eflande)<\/p>\n<p>\u00a9 Thanes.Op\/Shutterstock<\/p>\n<\/p>\n<p>            Publicit\u00e9, votre contenu continue ci-dessous<\/p>\n<p>        Publicit\u00e9<\/p>\n<p>Les iPhone 17, 17 Air, 17 Pro et 17 Pro Max<\/p>\n<p class=\"ed__a-p ed__bdy__l\">Pour commencer, parlons des rois du spectacle : les <a href=\"https:\/\/www.lesnumeriques.com\/telephone-portable\/iphone-17-les-trois-nouveautes-majeures-envisagees-par-apple-en-2025-n238092.html\" title=\"iPhone 17 : les trois nouveaut\u00e9s majeures envisag\u00e9es par Apple en 2025\" rel=\"nofollow noopener\" target=\"_blank\">iPhone 17<\/a>. Toujours au nombre de quatre, cette g\u00e9n\u00e9ration op\u00e9rerait tout de m\u00eame un tournant avec l\u2019abandon de la d\u00e9clinaison Plus.<\/p>\n<p class=\"ed__a-p ed__bdy__l\">\u00c0 la place, Apple miserait sur l\u2019ultra-finesse avec <a href=\"https:\/\/www.lesnumeriques.com\/telephone-portable\/iphone-17-air-4-raisons-qui-vont-en-faire-le-prochain-incontournable-d-apple-n236635.html\" title=\"iPhone 17 Air : 4 raisons qui vont en faire le prochain incontournable d\u2019Apple\" rel=\"nofollow noopener\" target=\"_blank\">iPhone 17 Air<\/a>, mais pas sans concessions. En effet, cette variante abandonnerait l\u2019ultra grand-angle des autres mod\u00e8les et un haut-parleur, tout en limitant beaucoup son autonomie \u00e0 cause de son design.<\/p>\n<p class=\"ed__a-p ed__bdy__l\">De son c\u00f4t\u00e9, l\u2019iPhone 17 passerait \u00e0 la vitesse sup\u00e9rieure avec un grand \u00e9cran de 6,3 pouces \u00e9quip\u00e9 (enfin) d\u2019un taux de rafra\u00eechissement de 120 Hz.<\/p>\n<p class=\"ed__a-p ed__bdy__l\">L\u2019<a href=\"https:\/\/www.lesnumeriques.com\/telephone-portable\/iphone-17-pro-pro-max-4-bonnes-raisons-d-attendre-les-futurs-modeles-premium-d-apple-n238323.html\" title=\"iPhone 17 Pro &amp; Pro Max\u00a0: 4\u00a0bonnes raisons d\u2019attendre les futurs mod\u00e8les premium d\u2019Apple\" rel=\"nofollow noopener\" target=\"_blank\">iPhone 17 Pro<\/a> adopterait quant \u00e0 lui un nouveau design pour le module photo, tout en adoptant un t\u00e9l\u00e9objectif bien plus \u00e9volu\u00e9 \u2014 alors que l\u2019iPhone 17 Pro Max gagnerait en \u00e9paisseur pour embarquer une plus grosse batterie.<\/p>\n<p class=\"ed__a-p ed__bdy__l\">En plus de cela, tous les mod\u00e8les auraient droit \u00e0 plus de puissance gr\u00e2ce \u00e0 l\u2019arriv\u00e9e des puces A19 et A19 Pro, avec en prime une cam\u00e9ra selfie deux fois mieux d\u00e9finie (24 Mpx au lieu de 12 Mpx).<\/p>\n<p class=\"ed__a-p ed__bdy__l\"><img loading=\"lazy\" decoding=\"async\" src=\"data:image\/svg+xml,%3Csvg xmlns='http:\/\/www.w3.org\/2000\/svg'%3E%3C\/svg%3E\" draggable=\"false\" width=\"2133\" height=\"1200\" class=\"ed__title-xxs\" alt=\"Maquettes d'iPhone 17\" style=\"background-color: #f2f2f2; aspect-ratio:2133\/1200;\"\/><\/p>\n<p>Maquettes d&rsquo;iPhone 17<\/p>\n<p>\u00a9 AppleTrack<\/p>\n<\/p>\n<p>Les Apple Watch Series 11, Ultra 3 et SE 3<\/p>\n<p class=\"ed__a-p ed__bdy__l\">Pour les montres connect\u00e9es de la firme \u00e0 la pomme, les nouveaut\u00e9s seraient assez l\u00e9g\u00e8res. L\u2019Apple Watch Series 11 se contenterait de gagner en performances et en efficacit\u00e9 \u00e9nerg\u00e9tique gr\u00e2ce \u00e0 un nouveau processeur, tout en adoptant un modem 5G.<\/p>\n<p class=\"ed__a-p ed__bdy__l\">L\u2019<a href=\"https:\/\/www.lesnumeriques.com\/montre-connectee\/l-apple-watch-ultra-3-s-annonce-mieux-connectee-et-plus-riche-en-fonctions-sante-n230708.html\" title=\"L&#039;Apple Watch Ultra\u00a03 s&#039;annonce mieux connect\u00e9e et plus riche en fonctions sant\u00e9\" rel=\"nofollow noopener\" target=\"_blank\">Apple Watch Ultra 3<\/a> partagerait les m\u00eames nouveaut\u00e9s, tout en ajoutant quelques arguments de vente \u00e0 sa besace. On aurait en effet droit \u00e0 un \u00e9cran plus grand \u2014 410 x 502 pixels au lieu de 422 x 514 \u2014 gr\u00e2ce \u00e0 des bordures plus fines, et donc sans agrandir le gabarit de ce mod\u00e8le. Second bonus pr\u00e9vu : la prise en charge de la connectivit\u00e9 satellitaire.<\/p>\n<p class=\"ed__a-p ed__bdy__l\">\u00c0 noter, ces deux tocantes pourraient aussi profiter d&rsquo;une fonction de mesure de la pression art\u00e9rielle, toujours en cours de d\u00e9veloppement chez Apple.<\/p>\n<p class=\"ed__a-p ed__bdy__l\">Pour finir dans le domaine des montres connect\u00e9es, la rentr\u00e9e 2025 signerait l\u2019arriv\u00e9e d\u2019un nouveau mod\u00e8le abordable : l\u2019<a href=\"https:\/\/www.lesnumeriques.com\/montre-connectee\/apple-watch-se-3-vers-un-changement-de-taille-pour-la-future-montre-connectee-abordable-d-apple-n236251.html\" title=\"Apple Watch SE 3 : vers un changement de taille pour la future montre connect\u00e9e abordable d\u2019Apple\" rel=\"nofollow noopener\" target=\"_blank\">Apple Watch SE 3<\/a>. \u00c0 cette occasion, la firme \u00e0 la pomme ferait des efforts un peu partout, avec un design en plastique pour garder des prix serr\u00e9s, une puce plus performante et des \u00e9crans plus grands \u2014 1,6 pouce et 1,8 pouce, comme pour les Apple Watch Series 7 aux Series 9.<\/p>\n<p class=\"ed__a-p ed__bdy__l\"><img loading=\"lazy\" decoding=\"async\" src=\"data:image\/svg+xml,%3Csvg xmlns='http:\/\/www.w3.org\/2000\/svg'%3E%3C\/svg%3E\" draggable=\"false\" width=\"1400\" height=\"932\" class=\"ed__title-xxs\" alt=\"Montre connect\u00e9e Apple Watch Ultra 2\" style=\"background-color: #f2f2f2; aspect-ratio:1400\/932;\"\/><\/p>\n<p>Apple Watch Ultra 2<\/p>\n<p>\u00a9 Les Num\u00e9riques<\/p>\n<\/p>\n<p>Les autres surprises Apple attendues pour la rentr\u00e9e 2025<\/p>\n<p class=\"ed__a-p ed__bdy__l\">D\u2019autres produits pourraient aussi tirer leur \u00e9pingle du jeu durant la keynote de septembre :<\/p>\n<ul class=\"ed__lists ed__bdy__l\">\n<li>L\u2019<a href=\"https:\/\/www.lesnumeriques.com\/accessoire-pour-smartphone\/airtag-2-les-3-grosses-nouveautes-apple-qui-vont-tout-changer-pour-les-utilisateurs-n240502.html\" title=\"AirTag 2 : les 3 grosses nouveaut\u00e9s Apple qui vont tout changer pour les utilisateurs\" rel=\"nofollow noopener\" target=\"_blank\">AirTag 2<\/a>, avec une port\u00e9e et une confidentialit\u00e9 am\u00e9lior\u00e9e<\/li>\n<li>L\u2019Apple TV 4K, encore plus puissante et avec une puce wifi\/Bluetooth maison<\/li>\n<li>L\u2019<a href=\"https:\/\/www.lesnumeriques.com\/enceintes-sans-fil\/apple-le-homepod-mini-et-l-apple-tv-4k-feront-peau-neuve-en-2025-n230885.html\" title=\"Apple : le HomePod mini et l&#039;Apple TV\u00a04K feront peau neuve en 2025\" rel=\"nofollow noopener\" target=\"_blank\">HomePod mini 2<\/a>, compatible wifi 6 et avec une connectivit\u00e9 am\u00e9lior\u00e9e<\/li>\n<li>L\u2019Apple Vision Pro 2, embarquant une puce M4 ou M5, bien plus puissante que la M2 du premier mod\u00e8le<\/li>\n<\/ul>\n<p class=\"ed__a-p ed__bdy__l\">C\u00f4t\u00e9 \u00e9couteurs, il faudrait attendre 2026 pour avoir de la nouveaut\u00e9 gr\u00e2ce \u00e0 la sortie des <a href=\"https:\/\/www.lesnumeriques.com\/ecouteurs-sans-fil\/airpods-pro-3-apple-miserait-sur-5-evolutions-majeures-pour-ses-prochains-ecouteurs-n239591.html\" title=\"AirPods Pro 3 : Apple miserait sur 5 \u00e9volutions majeures pour ses prochains \u00e9couteurs\" rel=\"nofollow noopener\" target=\"_blank\">AirPods Pro 3<\/a>.<\/p>\n<p>            Publicit\u00e9, votre contenu continue ci-dessous<\/p>\n<p>        Publicit\u00e9<\/p>\n<p class=\"ed__a-p ed__bdy__l\">Envie de faire encore plus d&rsquo;\u00e9conomies ? D\u00e9couvrez <a href=\"https:\/\/www.lesnumeriques.com\/codes-promo.html\" rel=\"nofollow noopener\" target=\"_blank\">nos codes promo<\/a> s\u00e9lectionn\u00e9s pour vous.<\/p>\n","protected":false},"excerpt":{"rendered":"Apple iPhone 17 Air En l&rsquo;absence d&rsquo;offres d\u00e9couvrez Voir plus d&rsquo;offres Les liens pr\u00e9sent\u00e9s ci-dessus pourraient ne pas&hellip;\n","protected":false},"author":2,"featured_media":318996,"comment_status":"","ping_status":"","sticky":false,"template":"","format":"standard","meta":{"footnotes":""},"categories":[7],"tags":[1011,27,43,40,41,39,42,44],"class_list":{"0":"post-318995","1":"post","2":"type-post","3":"status-publish","4":"format-standard","5":"has-post-thumbnail","7":"category-sciences-et-technologies","8":"tag-fr","9":"tag-france","10":"tag-science","11":"tag-science-and-technology","12":"tag-sciences","13":"tag-sciences-et-technologies","14":"tag-technologies","15":"tag-technology"},"share_on_mastodon":{"url":"https:\/\/pubeurope.com\/@fr\/115028098105500591","error":""},"_links":{"self":[{"href":"https:\/\/www.europesays.com\/fr\/wp-json\/wp\/v2\/posts\/318995","targetHints":{"allow":["GET"]}}],"collection":[{"href":"https:\/\/www.europesays.com\/fr\/wp-json\/wp\/v2\/posts"}],"about":[{"href":"https:\/\/www.europesays.com\/fr\/wp-json\/wp\/v2\/types\/post"}],"author":[{"embeddable":true,"href":"https:\/\/www.europesays.com\/fr\/wp-json\/wp\/v2\/users\/2"}],"replies":[{"embeddable":true,"href":"https:\/\/www.europesays.com\/fr\/wp-json\/wp\/v2\/comments?post=318995"}],"version-history":[{"count":0,"href":"https:\/\/www.europesays.com\/fr\/wp-json\/wp\/v2\/posts\/318995\/revisions"}],"wp:featuredmedia":[{"embeddable":true,"href":"https:\/\/www.europesays.com\/fr\/wp-json\/wp\/v2\/media\/318996"}],"wp:attachment":[{"href":"https:\/\/www.europesays.com\/fr\/wp-json\/wp\/v2\/media?parent=318995"}],"wp:term":[{"taxonomy":"category","embeddable":true,"href":"https:\/\/www.europesays.com\/fr\/wp-json\/wp\/v2\/categories?post=318995"},{"taxonomy":"post_tag","embeddable":true,"href":"https:\/\/www.europesays.com\/fr\/wp-json\/wp\/v2\/tags?post=318995"}],"curies":[{"name":"wp","href":"https:\/\/api.w.org\/{rel}","templated":true}]}}