{"id":318997,"date":"2025-08-14T16:37:37","date_gmt":"2025-08-14T16:37:37","guid":{"rendered":"https:\/\/www.europesays.com\/fr\/318997\/"},"modified":"2025-08-14T16:37:37","modified_gmt":"2025-08-14T16:37:37","slug":"une-enquete-lancee-par-le-ministere-des-transports-apres-une-serie-daccidents","status":"publish","type":"post","link":"https:\/\/www.europesays.com\/fr\/318997\/","title":{"rendered":"une enqu\u00eate lanc\u00e9e par le minist\u00e8re des Transports apr\u00e8s une s\u00e9rie d&rsquo;accidents"},"content":{"rendered":"<p>Des centaines d&rsquo;automobilistes expliquent avoir v\u00e9cu un freinage brutal de leur v\u00e9hicule sans action de leur part, avec des cons\u00e9quences qui peuvent aller jusqu&rsquo;\u00e0 l&rsquo;accident mortel. Le minist\u00e8re des Transports s&rsquo;est saisi du dossier.<\/p>\n<p>Une voiture qui freine toute seule et brutalement sur l&rsquo;autoroute: c&rsquo;est le sc\u00e9nario v\u00e9cu par Joanna, une habitante du d\u00e9partement du Rh\u00f4ne, en avril dernier. Alors qu&rsquo;elle roulait sur l&rsquo;A40 \u00e0 bord de sa Peugeot 208 r\u00e9cente et au rythme de croisi\u00e8re entre 110 et 130 km\/h, sa voiture pile sans qu&rsquo;elle appuie sur la p\u00e9dale de frein.<\/p>\n<p>Pas de bip d&rsquo;alerte, ni d&rsquo;obstacle pr\u00e9sent sur la route, c&rsquo;est ce qu&rsquo;on appelle un \u00ab\u00a0freinage fant\u00f4me\u00a0\u00bb, qui peut a priori s&rsquo;expliquer par un dysfonctionnement des assistants \u00e0 la conduite et du freinage d&rsquo;urgence. Plusieurs cas recens\u00e9s ces derni\u00e8res ann\u00e9es poussent le minist\u00e8re des Transports \u00e0 lancer une enqu\u00eate, a appris <a href=\"https:\/\/www.francebleu.fr\/infos\/transports\/de-130-km-h-a-l-arret-en-3-secondes-ce-que-l-on-sait-des-freinages-fantomes-rapportes-par-certains-automobilistes-5859875\" target=\"_blank\" class=\"external_link\" rel=\"nofollow noopener\">Ici (ex-France Bleu) ce mercredi 13 ao\u00fbt<\/a>.<\/p>\n<p>Plus de 250 t\u00e9moignages<\/p>\n<p>Surprise par ce freinage brutal, la voiture qui roulait derri\u00e8re Joanna l&rsquo;avait en effet percut\u00e9e. Le choc est tr\u00e8s violent, les deux v\u00e9hicules sont bons pour la casse, mais heureusement les deux conducteurs s&rsquo;en sortent juste avec des entorses cervicales et des h\u00e9matomes.<\/p>\n<p>Apr\u00e8s avoir entendu les deux automobilistes, la gendarmerie demande une enqu\u00eate, mais la justice refuse. \u00ab\u00a0Officieusement, je sais que c&rsquo;est parce que c&rsquo;est trop cher et qu&rsquo;il n&rsquo;y a pas eu de d\u00e9c\u00e8s\u00a0\u00bb, confie Joanna <a href=\"https:\/\/www.radiofrance.fr\/franceinter\/podcasts\/l-info-de-france-inter\/l-info-de-france-inter-5400052\" target=\"_blank\" class=\"external_link\" rel=\"nofollow noopener\">au micro de France Inter d\u00e9but ao\u00fbt<\/a>.<\/p>\n<p>Choqu\u00e9e par cet accident, elle avait auparavant racont\u00e9 son exp\u00e9rience dans les colonnes du journal <a href=\"https:\/\/www.leprogres.fr\/economie\/2025\/07\/01\/sa-peugeot-208-freine-brutalement-sur-l-autoroute-la-conductrice-miraculee-attend-des-reponses\" target=\"_blank\" class=\"external_link\" rel=\"nofollow noopener\">Le Progr\u00e8s<\/a> d\u00e9but juillet, cr\u00e9ant au passage une adresse mail (incident.freinage@gmail.com) pour que d&rsquo;autres automobilistes se manifestent s&rsquo;ils avaient v\u00e9cu une situation similaire. En un mois, elle re\u00e7oit plus de 250 t\u00e9moignages.<\/p>\n<p>Des expertises qui ne donnent rien<\/p>\n<p>Toutes les marques seraient concern\u00e9es, avec des accidents plus ou moins graves qui s&rsquo;\u00e9talent sur les quatre derni\u00e8res ann\u00e9es. Au moins un accident mortel est malheureusement recens\u00e9, avec une conductrice, Aur\u00e9lie, qui raconte son exp\u00e9rience v\u00e9cue en d\u00e9cembre 2023 sur l&rsquo;A7 dans la Dr\u00f4me. M\u00eame circonstance, avec un freinage brutal alors qu&rsquo;elle \u00e9tait \u00ab\u00a0en train d&rsquo;acc\u00e9l\u00e9rer\u00a0\u00bb. Percut\u00e9e par l&rsquo;arri\u00e8re, le choc est terrible: c&rsquo;est sa passag\u00e8re qui a perdu la vie, quand Aur\u00e9lie se retrouve, elle, dans le coma.<\/p>\n<p>\u00ab\u00a0Sa voiture, une Skoda, a \u00e9t\u00e9 expertis\u00e9e trois fois, mais aucune d\u00e9faillance n&rsquo;a \u00e9t\u00e9 trouv\u00e9e.\u00a0Selon elle, sa voiture avait pourtant d\u00e9j\u00e0 connu des probl\u00e8mes \u00e9lectroniques les semaines pr\u00e9c\u00e9dant l&rsquo;accident mortel, avec le GPS et la musique. Le concessionnaire avait examin\u00e9 le v\u00e9hicule, sans trouver de dysfonctionnement\u00a0\u00bb, <a href=\"https:\/\/www.francebleu.fr\/infos\/transports\/de-130-km-h-a-l-arret-en-3-secondes-ce-que-l-on-sait-des-freinages-fantomes-rapportes-par-certains-automobilistes-5859875\" target=\"_blank\" class=\"external_link\" rel=\"nofollow noopener\">r\u00e9sume Ici<\/a>.<\/p>\n<p>Les cons\u00e9quences sont tr\u00e8s lourdes pour Aur\u00e9lie, jug\u00e9e en mai dernier et condamn\u00e9e d\u00e9but juillet pour homicide involontaire. Sur les conseils de ses avocats, elle n&rsquo;a pas fait appel, mais souhaiterait \u00ab\u00a0que justice soit rendue, que la v\u00e9rit\u00e9 soit faite\u00a0\u00bb et \u00e9viter de nouveaux drames qui pourraient donc \u00eatre li\u00e9s aux \u00e9quipements r\u00e9cents des v\u00e9hicules.<\/p>\n<p>Le freinage d&rsquo;urgence en cause?<\/p>\n<p>\u00ab\u00a0Le minist\u00e8re va interroger les constructeurs et proc\u00e9der \u00e0 la r\u00e9alisation d\u2019essais\u00a0\u00bb, a indiqu\u00e9 le minist\u00e8re des Transports \u00e0 Ici ce mercredi. L&rsquo;id\u00e9e sera notamment de s&rsquo;assurer du bon fonctionnement des syst\u00e8mes de freinage d&rsquo;urgence, <a href=\"https:\/\/www.bfmtv.com\/auto\/voitures-du-futur\/ces-nouveaux-equipements-de-securite-bientot-obligatoires-dans-votre-voiture_AN-201904170054.html\" title=\"Ces nouveaux \u00e9quipements de s\u00e9curit\u00e9 bient\u00f4t obligatoires dans votre voiture\" class=\"internal_link\" rel=\"nofollow noopener\" target=\"_blank\">obligatoires sur les v\u00e9hicules neufs vendus en Europe depuis 2022<\/a>, mais qui \u00e9tait d\u00e9j\u00e0 propos\u00e9s sur certains v\u00e9hicules depuis plus longtemps.<\/p>\n<p>Gr\u00e2ce aux radars, cam\u00e9ras et diff\u00e9rents capteurs, le v\u00e9hicule peut d\u00e9tecter la pr\u00e9sence d&rsquo;un obstacle, d\u00e9clencher une alerte et actionner les freins si le conducteur ne r\u00e9agit pas. Un syst\u00e8me qui n&rsquo;est pas infaillible et qui peut, comme les r\u00e9gulateurs de vitesse adaptatifs, mal interpr\u00e9ter des \u00e9l\u00e9ments sur la route, jusqu&rsquo;\u00e0 provoquer un freinage inutile et m\u00eame donc dangereux.<\/p>\n<p>On parle aussi de \u00ab\u00a0faux positifs\u00a0\u00bb, lorsque le syst\u00e8me va volontairement ignorer une d\u00e9tection d&rsquo;un potentiel obstacle, laissant au conducteur le fait de prendre la d\u00e9cision de freiner ou non, justement pour \u00e9viter un freinage fant\u00f4me. Un r\u00e9glage fin qui avait \u00e9t\u00e9 d&rsquo;ailleurs point\u00e9 du doigt lors de <a href=\"https:\/\/www.bfmtv.com\/economie\/entreprises\/transports\/uber-ce-que-nous-apprend-la-video-de-l-accident_AV-201803220204.html\" title=\"Uber: ce que nous apprend la vid\u00e9o de l\u2019accident\" class=\"internal_link\" rel=\"nofollow noopener\" target=\"_blank\">l&rsquo;accident mortel survenu en 2018 aux Etats-Unis avec un prototype Uber autonome<\/a>, cette fois pour n&rsquo;avoir pas d\u00e9clench\u00e9 de freinage automatique.<\/p>\n<p>L&rsquo;enqu\u00eate du minist\u00e8re des Transports devra donc faire la lumi\u00e8re sur ces nombreux dysfonctionnements recens\u00e9s en France ces derni\u00e8res ann\u00e9es et sur les mesures \u00e0 prendre.<\/p>\n<p>En attendant, sur les v\u00e9hicules les plus r\u00e9cents, il est possible de d\u00e9sactiver les fonctions de freinage d&rsquo;urgence qui se r\u00e9activent \u00e0 chaque d\u00e9marrage. Des fausses alertes, sans forc\u00e9ment aller jusqu&rsquo;au freinage fant\u00f4me, peuvent aussi pousser \u00e0 contacter un garagiste pour faire une r\u00e9vision des diff\u00e9rents capteurs du v\u00e9hicule.<\/p>\n","protected":false},"excerpt":{"rendered":"Des centaines d&rsquo;automobilistes expliquent avoir v\u00e9cu un freinage brutal de leur v\u00e9hicule sans action de leur part, avec&hellip;\n","protected":false},"author":2,"featured_media":318998,"comment_status":"","ping_status":"","sticky":false,"template":"","format":"standard","meta":{"footnotes":""},"categories":[6],"tags":[35,33,34,1011,27],"class_list":{"0":"post-318997","1":"post","2":"type-post","3":"status-publish","4":"format-standard","5":"has-post-thumbnail","7":"category-economie","8":"tag-business","9":"tag-economie","10":"tag-economy","11":"tag-fr","12":"tag-france"},"share_on_mastodon":{"url":"https:\/\/pubeurope.com\/@fr\/115028102088428225","error":""},"_links":{"self":[{"href":"https:\/\/www.europesays.com\/fr\/wp-json\/wp\/v2\/posts\/318997","targetHints":{"allow":["GET"]}}],"collection":[{"href":"https:\/\/www.europesays.com\/fr\/wp-json\/wp\/v2\/posts"}],"about":[{"href":"https:\/\/www.europesays.com\/fr\/wp-json\/wp\/v2\/types\/post"}],"author":[{"embeddable":true,"href":"https:\/\/www.europesays.com\/fr\/wp-json\/wp\/v2\/users\/2"}],"replies":[{"embeddable":true,"href":"https:\/\/www.europesays.com\/fr\/wp-json\/wp\/v2\/comments?post=318997"}],"version-history":[{"count":0,"href":"https:\/\/www.europesays.com\/fr\/wp-json\/wp\/v2\/posts\/318997\/revisions"}],"wp:featuredmedia":[{"embeddable":true,"href":"https:\/\/www.europesays.com\/fr\/wp-json\/wp\/v2\/media\/318998"}],"wp:attachment":[{"href":"https:\/\/www.europesays.com\/fr\/wp-json\/wp\/v2\/media?parent=318997"}],"wp:term":[{"taxonomy":"category","embeddable":true,"href":"https:\/\/www.europesays.com\/fr\/wp-json\/wp\/v2\/categories?post=318997"},{"taxonomy":"post_tag","embeddable":true,"href":"https:\/\/www.europesays.com\/fr\/wp-json\/wp\/v2\/tags?post=318997"}],"curies":[{"name":"wp","href":"https:\/\/api.w.org\/{rel}","templated":true}]}}