{"id":318999,"date":"2025-08-14T16:38:14","date_gmt":"2025-08-14T16:38:14","guid":{"rendered":"https:\/\/www.europesays.com\/fr\/318999\/"},"modified":"2025-08-14T16:38:14","modified_gmt":"2025-08-14T16:38:14","slug":"quand-le-vice-president-americain-va-pecher-sans-permis-avec-un-ministre-britannique-liberation","status":"publish","type":"post","link":"https:\/\/www.europesays.com\/fr\/318999\/","title":{"rendered":"Quand le vice-pr\u00e9sident am\u00e9ricain va p\u00eacher sans permis avec un ministre britannique &#8211; Lib\u00e9ration"},"content":{"rendered":"<ol>\n<li><a href=\"https:\/\/news.google.com\/rss\/articles\/CBMi_wFBVV95cUxQNDYyVGVUalZJalQ5dDVBdnJDaHVjLWNDM3puWXNVUUZXQXgxR0F3czVEMllDMWZKZXVBUVQ2UmZKel9ycFVXVkEtUmxGOVpTNmlHRTV4WUxVRHdqTm9oOWtfaF9vVHhoN3c4LVRYdmNGMXBnbzFzTWoyNVVXZmJrSHpjaFZPWnE3cFI4NGdUOU9Wcjc4cEtvRDFvaE43MHQ0RWtSVnl6Tlc4MWpPQWJZVDRZSVA4TDhXR3FiOFJlcUltUE1aMjlQU2gycDdOUTJPdnNJV3Ntenp0VWN6Q0l1YjhacC1WYThNU3NVUnZhcjNibkx2MWhpMS1MUlVCamM?oc=5\" target=\"_blank\" rel=\"nofollow noopener\">Quand le vice-pr\u00e9sident am\u00e9ricain va p\u00eacher sans permis avec un ministre britannique<\/a>&nbsp;&nbsp;Lib\u00e9ration<\/li>\n<li><a href=\"https:\/\/news.google.com\/rss\/articles\/CBMi4wFBVV95cUxQNkVNeVcwa0ljZXNaZmQ2bG1JaEJ0TzR4UGNpMmpJbF9KT1RKbHJSNzhla21JZ0pZdXNFczlqUWZ0Q0lKR1BISThqRGJKeG54RVh6XzFDNXZvZEtjWUVMNFZneW4tQU5aLTFTNm1VOWNzc0VfYTI2ZTU0cjZXVGRycHh6X2t1WjFvSXNwakJUSmFBRkdLUkZDdlcxZnJYRDVIakp2bERJVnlHWXBTTkxtdVNKU0ZqT21aUDlmSlp2ZS1sOHVUcmEyamo5UTNlQllWZXJJZ2lOSUtmOFVYTHlEZHdmQQ?oc=5\" target=\"_blank\" rel=\"nofollow noopener\">Trump en \u00c9cosse, Vance pr\u00e8s d\u2019Oxford : que cache l\u2019\u00e9t\u00e9 tr\u00e8s \u201cBritish\u201d de la Maison-Blanche ?<\/a>&nbsp;&nbsp;Courrier international<\/li>\n<li><a href=\"https:\/\/news.google.com\/rss\/articles\/CBMiiAJBVV95cUxPZVJHejRYRDJ2dXFkODN1ZTJ4U0p2NFlTSDJYM2lDWDcyT3RpQTE3Umt2YjJVdUNWVUtkdnBsU2lIYmxXVGRTOTdCeVMwc1lLenhpelFfRDlpY2xTeDBzb0Q2X3l2X3JGcTdyXzVRb05URkt3OTQ2RzR3NW5YU2FIRmZFMnVXVFpacXNjb3AtYjl4Z0NSYWZrb1pSYXpKMkJreUFzZVpHSHFHM2hxMUNETHJvc3dPdFdVY3dQVmpMTkJ1V1hsdXVWUXRoNGpGcFh2T0FSZDNrbHZHSHU1N2lYVDFMWkU0Y1cyNkdiU1VrMV80V19seW5hM1pjMkVDZGpkYXE2RnhwTGo?oc=5\" target=\"_blank\" rel=\"nofollow noopener\">\u00ab\u00a0Fichez le camp !\u00a0\u00bb : des Britanniques manifestent contre le vice-pr\u00e9sident am\u00e9ricain JD Vance, venu passer des vacances dans leur ville<\/a>&nbsp;&nbsp;ladepeche.fr<\/li>\n<li><a href=\"https:\/\/news.google.com\/rss\/articles\/CBMiyAFBVV95cUxOLTZxeFZ5eDNjanJKd0tKdWJqbzFHYmpwaUdwQU1IUE84TWdCSTE3Q1Vob3dVak9URWI2a0ZkSXJJN1NPN2RzZ3RhaEo4cUIxcWQ4T2tlWTNGRTdnRlNaak5VTmJwNTRodE00T0Fpc0tEdnM0Wm1hdlZvUFMwMFNCeV9nZGxXWDNHQmxRS1NUdDJTYnF3R0VKTk81RXhidVN4bEQzb2p1dUlsWHFVMFUyZ2xVVTVKLVNyQ3VJcnRJRHBEM1ItNUlaeQ?oc=5\" target=\"_blank\" rel=\"nofollow noopener\">Eurozapping : les vacances de J.D. Vance au Royaume-Uni cr\u00e9ent la pol\u00e9mique<\/a>&nbsp;&nbsp;France Info<\/li>\n<li><a href=\"https:\/\/news.google.com\/rss\/articles\/CBMixAFBVV95cUxOMHJkNEJoc2tkZDBrblBJQmxrTE9ZZGYzYmhGZzl4bTZzTVFQdkxfeTZNZnNJVnAtb0VwV0tOOTVSU3cya2t5dlZUSk85QXZya25BVnpURVpVcUNjNnFWVW02VnFpUkNmb0NFRlVBTGlOQzJOWHh5Qndrc3VEaVZXMm5jQkN4ajNXTWtDN2pGeDRacVF4ZXF0c0Z3WUc4LTgxSTdTbUtfbXNHTnA4Q1dDa2hCTnlfMTFPSXhOSFBGX0xVeVQz?oc=5\" target=\"_blank\" rel=\"nofollow noopener\">Royaume-Uni : les vacances tr\u00e8s remarqu\u00e9es du vice-pr\u00e9sident am\u00e9ricain, JD Vance<\/a>&nbsp;&nbsp;RTL.fr<\/li>\n<\/ol>\n","protected":false},"excerpt":{"rendered":"Quand le vice-pr\u00e9sident am\u00e9ricain va p\u00eacher sans permis avec un ministre britannique&nbsp;&nbsp;Lib\u00e9ration Trump en \u00c9cosse, Vance pr\u00e8s d\u2019Oxford&hellip;\n","protected":false},"author":2,"featured_media":1445,"comment_status":"","ping_status":"","sticky":false,"template":"","format":"standard","meta":{"footnotes":""},"categories":[5],"tags":[11,1011,27,14,12,28],"class_list":{"0":"post-318999","1":"post","2":"type-post","3":"status-publish","4":"format-standard","5":"has-post-thumbnail","7":"category-international","8":"tag-actualites","9":"tag-fr","10":"tag-france","11":"tag-international","12":"tag-news","13":"tag-world"},"share_on_mastodon":{"url":"https:\/\/pubeurope.com\/@fr\/115028105813272400","error":""},"_links":{"self":[{"href":"https:\/\/www.europesays.com\/fr\/wp-json\/wp\/v2\/posts\/318999","targetHints":{"allow":["GET"]}}],"collection":[{"href":"https:\/\/www.europesays.com\/fr\/wp-json\/wp\/v2\/posts"}],"about":[{"href":"https:\/\/www.europesays.com\/fr\/wp-json\/wp\/v2\/types\/post"}],"author":[{"embeddable":true,"href":"https:\/\/www.europesays.com\/fr\/wp-json\/wp\/v2\/users\/2"}],"replies":[{"embeddable":true,"href":"https:\/\/www.europesays.com\/fr\/wp-json\/wp\/v2\/comments?post=318999"}],"version-history":[{"count":0,"href":"https:\/\/www.europesays.com\/fr\/wp-json\/wp\/v2\/posts\/318999\/revisions"}],"wp:featuredmedia":[{"embeddable":true,"href":"https:\/\/www.europesays.com\/fr\/wp-json\/wp\/v2\/media\/1445"}],"wp:attachment":[{"href":"https:\/\/www.europesays.com\/fr\/wp-json\/wp\/v2\/media?parent=318999"}],"wp:term":[{"taxonomy":"category","embeddable":true,"href":"https:\/\/www.europesays.com\/fr\/wp-json\/wp\/v2\/categories?post=318999"},{"taxonomy":"post_tag","embeddable":true,"href":"https:\/\/www.europesays.com\/fr\/wp-json\/wp\/v2\/tags?post=318999"}],"curies":[{"name":"wp","href":"https:\/\/api.w.org\/{rel}","templated":true}]}}