{"id":319008,"date":"2025-08-14T16:45:13","date_gmt":"2025-08-14T16:45:13","guid":{"rendered":"https:\/\/www.europesays.com\/fr\/319008\/"},"modified":"2025-08-14T16:45:13","modified_gmt":"2025-08-14T16:45:13","slug":"grand-nancy-alcoolisee-elle-agresse-des-pompiers-puis-les-policiers-venus-linterpeller","status":"publish","type":"post","link":"https:\/\/www.europesays.com\/fr\/319008\/","title":{"rendered":"Grand Nancy. Alcoolis\u00e9e, elle agresse des pompiers puis les policiers venus l\u2019interpeller"},"content":{"rendered":"<p>La sc\u00e8ne se passe mercredi 13 ao\u00fbt, vers 12 h 45, rue Carnot \u00e0 Saint-Max. Les sapeurs-pompiers sont appel\u00e9s pour intervenir au laboratoire d\u2019analyses m\u00e9dicales : une femme hurle et se montre agressive. \u00c0 leur arriv\u00e9e, les secours sont pris \u00e0 partie par l\u2019int\u00e9ress\u00e9e, une femme \u00e2g\u00e9e de 25 ans : coups, insultes, menaces.<\/p>\n<p>Appel\u00e9s en renfort, les policiers l\u2019interpellent \u00e0 13 h 10 et la placent en garde \u00e0 vue. \u00c0 l\u2019h\u00f4tel de police, elle poursuit ses violences : injures et outrages envers les fonctionnaires.<\/p>\n<p>Un d\u00e9pistage de l\u2019alcool\u00e9mie est r\u00e9alis\u00e9 plusieurs heures apr\u00e8s l\u2019interpellation : elle pr\u00e9sente un taux de 1 g d\u2019alcool par litre de sang.<\/p>\n<p>Apr\u00e8s une nuit en garde \u00e0 vue, la jeune femme reconna\u00eet les faits. Elle est remise en libert\u00e9 ce jeudi 14 ao\u00fbt et devra compara\u00eetre devant le tribunal correctionnel le 6 janvier 2025.<\/p>\n","protected":false},"excerpt":{"rendered":"La sc\u00e8ne se passe mercredi 13 ao\u00fbt, vers 12 h 45, rue Carnot \u00e0 Saint-Max. Les sapeurs-pompiers sont&hellip;\n","protected":false},"author":2,"featured_media":319009,"comment_status":"","ping_status":"","sticky":false,"template":"","format":"standard","meta":{"footnotes":""},"categories":[9635],"tags":[1111,11,1704,1777,674,274,1011,27,775,11260,3457,1702,12,25,16937],"class_list":{"0":"post-319008","1":"post","2":"type-post","3":"status-publish","4":"format-standard","5":"has-post-thumbnail","7":"category-nancy","8":"tag-actu","9":"tag-actualites","10":"tag-edition-nancy-et-agglomeration","11":"tag-eu","12":"tag-europe","13":"tag-faits-divers-justice","14":"tag-fr","15":"tag-france","16":"tag-grand-est","17":"tag-metropole-du-grand-nancy-54b4","18":"tag-meurthe-et-moselle","19":"tag-nancy","20":"tag-news","21":"tag-republique-francaise","22":"tag-saint-max"},"share_on_mastodon":{"url":"https:\/\/pubeurope.com\/@fr\/115028133362849825","error":""},"_links":{"self":[{"href":"https:\/\/www.europesays.com\/fr\/wp-json\/wp\/v2\/posts\/319008","targetHints":{"allow":["GET"]}}],"collection":[{"href":"https:\/\/www.europesays.com\/fr\/wp-json\/wp\/v2\/posts"}],"about":[{"href":"https:\/\/www.europesays.com\/fr\/wp-json\/wp\/v2\/types\/post"}],"author":[{"embeddable":true,"href":"https:\/\/www.europesays.com\/fr\/wp-json\/wp\/v2\/users\/2"}],"replies":[{"embeddable":true,"href":"https:\/\/www.europesays.com\/fr\/wp-json\/wp\/v2\/comments?post=319008"}],"version-history":[{"count":0,"href":"https:\/\/www.europesays.com\/fr\/wp-json\/wp\/v2\/posts\/319008\/revisions"}],"wp:featuredmedia":[{"embeddable":true,"href":"https:\/\/www.europesays.com\/fr\/wp-json\/wp\/v2\/media\/319009"}],"wp:attachment":[{"href":"https:\/\/www.europesays.com\/fr\/wp-json\/wp\/v2\/media?parent=319008"}],"wp:term":[{"taxonomy":"category","embeddable":true,"href":"https:\/\/www.europesays.com\/fr\/wp-json\/wp\/v2\/categories?post=319008"},{"taxonomy":"post_tag","embeddable":true,"href":"https:\/\/www.europesays.com\/fr\/wp-json\/wp\/v2\/tags?post=319008"}],"curies":[{"name":"wp","href":"https:\/\/api.w.org\/{rel}","templated":true}]}}