{"id":31901,"date":"2025-04-17T14:51:16","date_gmt":"2025-04-17T14:51:16","guid":{"rendered":"https:\/\/www.europesays.com\/fr\/31901\/"},"modified":"2025-04-17T14:51:16","modified_gmt":"2025-04-17T14:51:16","slug":"girondins-saison-terminee-pour-soufiane-bahassa-avec-bordeaux","status":"publish","type":"post","link":"https:\/\/www.europesays.com\/fr\/31901\/","title":{"rendered":"Girondins : saison termin\u00e9e pour Soufiane Bahassa avec Bordeaux"},"content":{"rendered":"<p><img decoding=\"async\" src=\"https:\/\/www.europesays.com\/fr\/wp-content\/uploads\/2025\/04\/671_e7cf3bac81234d388d3bbff6682ffc50.jpg\" alt=\"Girondins : saison termin\u00e9e pour Soufiane Bahassa avec Bordeaux\" class=\"img-responsive mt-3\"\/><\/p>\n<p class=\"text-center mb-3\" style=\"font-size: 14px\">\u00a9 Iconsport<\/p>\n<p>      <strong>Coup de massue pour l&rsquo;attaque bordelaise<\/strong><\/p>\n<p style=\"text-align: justify;\">L&rsquo;ailier des Girondins de Bordeaux, Soufiane Bahassa, souffre d&rsquo;une entorse s\u00e9v\u00e8re \u00e0 la cheville, et sera indisponible jusqu&rsquo;\u00e0 la fin de la saison, indique <a href=\"https:\/\/www.sudouest.fr\/sport\/football\/girondins-de-bordeaux-fin-de-saison-pour-bahassa-trichard-rassure-24062026.php\" target=\"_blank\" rel=\"noopener\">Sud-Ouest<\/a>. <\/p>\n<p>Le quotidien r\u00e9gional pr\u00e9cise m\u00eame qu&rsquo;une intervention chirurgicale est envisag\u00e9e. <\/p>\n<p>On ne reverra donc plus Soufiane Bahassa sur les terrains cette saison, le dernier match de National 2 \u00e9tant le d\u00e9placement \u00e0 Locmin\u00e9 le 17 mai prochain.<\/p>\n<p style=\"text-align: justify;\">C&rsquo;est un coup dur pour Bordeaux qui perd un joueur important sur le plan offensif et aussi dans l&rsquo;engagement. Il a inscrit 4 buts et d\u00e9livr\u00e9 7 passes d\u00e9cisives toutes comp\u00e9titions confondues cette saison.<\/p>\n<p style=\"text-align: justify;\">Pour le remplacer, Bruno Irl\u00e8s peut faire appel \u00e0 Amadou Diallo qui joue le r\u00f4le de doublure habituellement.<\/p>\n<p style=\"text-align: justify;\">\u00c0 lire aussi &gt;&gt; <strong><a href=\"https:\/\/www.webgirondins.com\/actualite-girondins-l-ancien-des-girondins-aaron-boupendza-est-decede-128750\" target=\"_blank\" rel=\"noopener\">L&rsquo;ancien des Girondins Aaron Boupendza est d\u00e9c\u00e9d\u00e9<\/a><\/strong><\/p>\n<p>\u00a0<\/p>\n","protected":false},"excerpt":{"rendered":"\u00a9 Iconsport Coup de massue pour l&rsquo;attaque bordelaise L&rsquo;ailier des Girondins de Bordeaux, Soufiane Bahassa, souffre d&rsquo;une entorse&hellip;\n","protected":false},"author":2,"featured_media":22259,"comment_status":"","ping_status":"","sticky":false,"template":"","format":"standard","meta":{"footnotes":""},"categories":[2817],"tags":[1111,11,150,3396,8251,1431,1997,8845,10815,228,1777,674,2823,1011,27,1987,10816,6073,12,3946,2219,471,10814,25,3213,3242,3686,8250,10813],"class_list":{"0":"post-31901","1":"post","2":"type-post","3":"status-publish","4":"format-standard","5":"has-post-thumbnail","7":"category-bordeaux","8":"tag-actu","9":"tag-actualites","10":"tag-apres","11":"tag-avec","12":"tag-bahassa","13":"tag-blessure","14":"tag-bordeaux","15":"tag-confirme","16":"tag-craindre","17":"tag-diagnostic","18":"tag-eu","19":"tag-europe","20":"tag-face","21":"tag-fr","22":"tag-france","23":"tag-girondins","24":"tag-malheureusement","25":"tag-malo","26":"tag-news","27":"tag-nous","28":"tag-nouvelle-aquitaine","29":"tag-pour","30":"tag-pouvions","31":"tag-republique-francaise","32":"tag-saint","33":"tag-saison","34":"tag-sortie","35":"tag-soufiane","36":"tag-terminee"},"share_on_mastodon":{"url":"https:\/\/pubeurope.com\/@fr\/114353870220738773","error":""},"_links":{"self":[{"href":"https:\/\/www.europesays.com\/fr\/wp-json\/wp\/v2\/posts\/31901","targetHints":{"allow":["GET"]}}],"collection":[{"href":"https:\/\/www.europesays.com\/fr\/wp-json\/wp\/v2\/posts"}],"about":[{"href":"https:\/\/www.europesays.com\/fr\/wp-json\/wp\/v2\/types\/post"}],"author":[{"embeddable":true,"href":"https:\/\/www.europesays.com\/fr\/wp-json\/wp\/v2\/users\/2"}],"replies":[{"embeddable":true,"href":"https:\/\/www.europesays.com\/fr\/wp-json\/wp\/v2\/comments?post=31901"}],"version-history":[{"count":0,"href":"https:\/\/www.europesays.com\/fr\/wp-json\/wp\/v2\/posts\/31901\/revisions"}],"wp:featuredmedia":[{"embeddable":true,"href":"https:\/\/www.europesays.com\/fr\/wp-json\/wp\/v2\/media\/22259"}],"wp:attachment":[{"href":"https:\/\/www.europesays.com\/fr\/wp-json\/wp\/v2\/media?parent=31901"}],"wp:term":[{"taxonomy":"category","embeddable":true,"href":"https:\/\/www.europesays.com\/fr\/wp-json\/wp\/v2\/categories?post=31901"},{"taxonomy":"post_tag","embeddable":true,"href":"https:\/\/www.europesays.com\/fr\/wp-json\/wp\/v2\/tags?post=31901"}],"curies":[{"name":"wp","href":"https:\/\/api.w.org\/{rel}","templated":true}]}}