{"id":319010,"date":"2025-08-14T16:46:15","date_gmt":"2025-08-14T16:46:15","guid":{"rendered":"https:\/\/www.europesays.com\/fr\/319010\/"},"modified":"2025-08-14T16:46:15","modified_gmt":"2025-08-14T16:46:15","slug":"stade-rennais-lancien-de-concarneau-rayan-bamba-prete-en-ligue-2","status":"publish","type":"post","link":"https:\/\/www.europesays.com\/fr\/319010\/","title":{"rendered":"Stade Rennais\u00a0: l\u2019ancien de Concarneau Rayan Bamba pr\u00eat\u00e9 en Ligue\u00a02"},"content":{"rendered":"<p>Apr\u00e8s Concarneau, Rayan Bamba prend la direction de Nancy. Pr\u00eat\u00e9 aux Thoniers la saison pass\u00e9e, le jeune lat\u00e9ral droit de 21 ans, form\u00e9 au Stade Rennais, <a href=\"https:\/\/www.letelegramme.fr\/sports\/football\/mercato\/mercato-stade-rennais\/stade-rennais-rayan-bamba-vers-un-nouveau-pret-en-ligue-2-cette-fois-6870551.php\" target=\"_blank\" rel=\"noopener\">\u00e9voluera cette fois-ci en Ligue 2<\/a>. Le club bretillien a officialis\u00e9, ce jeudi, le pr\u00eat pour la saison \u00e0 venir de son joueur \u00e0 l\u2019AS Nancy Lorraine, promu dans l\u2019antichambre de l\u2019\u00e9lite du football fran\u00e7ais. Le pr\u00eat est sans option d\u2019achat.<\/p>\n<p>\u00c0 Nancy, il retrouvera un autre ancien de Concarneau, le Breton Adrien Julloux, lui aussi lat\u00e9ral droit.<\/p>\n","protected":false},"excerpt":{"rendered":"Apr\u00e8s Concarneau, Rayan Bamba prend la direction de Nancy. Pr\u00eat\u00e9 aux Thoniers la saison pass\u00e9e, le jeune lat\u00e9ral&hellip;\n","protected":false},"author":2,"featured_media":319011,"comment_status":"","ping_status":"","sticky":false,"template":"","format":"standard","meta":{"footnotes":""},"categories":[9635],"tags":[1111,11,3166,1777,674,63,1011,27,775,24138,45711,1702,12,25,60,3087,14656],"class_list":{"0":"post-319010","1":"post","2":"type-post","3":"status-publish","4":"format-standard","5":"has-post-thumbnail","7":"category-nancy","8":"tag-actu","9":"tag-actualites","10":"tag-en-continu-sports","11":"tag-eu","12":"tag-europe","13":"tag-football","14":"tag-fr","15":"tag-france","16":"tag-grand-est","17":"tag-mercato-stade-rennais","18":"tag-mercato-us-concarneau","19":"tag-nancy","20":"tag-news","21":"tag-republique-francaise","22":"tag-sports","23":"tag-stade-rennais","24":"tag-us-concarneau"},"share_on_mastodon":{"url":"https:\/\/pubeurope.com\/@fr\/115028137296047619","error":""},"_links":{"self":[{"href":"https:\/\/www.europesays.com\/fr\/wp-json\/wp\/v2\/posts\/319010","targetHints":{"allow":["GET"]}}],"collection":[{"href":"https:\/\/www.europesays.com\/fr\/wp-json\/wp\/v2\/posts"}],"about":[{"href":"https:\/\/www.europesays.com\/fr\/wp-json\/wp\/v2\/types\/post"}],"author":[{"embeddable":true,"href":"https:\/\/www.europesays.com\/fr\/wp-json\/wp\/v2\/users\/2"}],"replies":[{"embeddable":true,"href":"https:\/\/www.europesays.com\/fr\/wp-json\/wp\/v2\/comments?post=319010"}],"version-history":[{"count":0,"href":"https:\/\/www.europesays.com\/fr\/wp-json\/wp\/v2\/posts\/319010\/revisions"}],"wp:featuredmedia":[{"embeddable":true,"href":"https:\/\/www.europesays.com\/fr\/wp-json\/wp\/v2\/media\/319011"}],"wp:attachment":[{"href":"https:\/\/www.europesays.com\/fr\/wp-json\/wp\/v2\/media?parent=319010"}],"wp:term":[{"taxonomy":"category","embeddable":true,"href":"https:\/\/www.europesays.com\/fr\/wp-json\/wp\/v2\/categories?post=319010"},{"taxonomy":"post_tag","embeddable":true,"href":"https:\/\/www.europesays.com\/fr\/wp-json\/wp\/v2\/tags?post=319010"}],"curies":[{"name":"wp","href":"https:\/\/api.w.org\/{rel}","templated":true}]}}