{"id":319012,"date":"2025-08-14T16:47:14","date_gmt":"2025-08-14T16:47:14","guid":{"rendered":"https:\/\/www.europesays.com\/fr\/319012\/"},"modified":"2025-08-14T16:47:14","modified_gmt":"2025-08-14T16:47:14","slug":"toulon-alerte-renforcee-secheresse-pour-14-communes-du-var","status":"publish","type":"post","link":"https:\/\/www.europesays.com\/fr\/319012\/","title":{"rendered":"TOULON : Alerte renforc\u00e9e s\u00e9cheresse pour 14 communes du Var"},"content":{"rendered":"<p><strong>Passage en alerte renforc\u00e9e s\u00e9cheresse des zones Huveaune amont, Arc amont, Saigne aval et Siagne amont par mesures coordonn\u00e9es avec les d\u00e9partements des Bouches-du-Rh\u00f4ne et des Alpes-Maritimes.<\/strong><\/p>\n<p>S\u00c9CHERESSE \u2013 Alerte renforc\u00e9e s\u00e9cheresse pour les zones Huveaune amont, Arc amont, Siagne amont et Siagne aval.<\/p>\n<p>Par mesure coordonn\u00e9e avec le d\u00e9partement des Bouches-du-Rh\u00f4ne, le pr\u00e9fet du Var place en alerte renforc\u00e9e s\u00e9cheresse la zone Huveaune amont et la zone Arc amont.<br \/>Par mesure coordonn\u00e9e avec le d\u00e9partement des Alpes-Maritimes, les zones Siagne amont et Siagne aval passent \u00e9galement en alerte renforc\u00e9e s\u00e9cheresse.<\/p>\n<p><img decoding=\"async\" src=\"https:\/\/www.europesays.com\/fr\/wp-content\/uploads\/2025\/08\/Alerte-renforcee-secheresse-pour-14-communes-du-Var.png\"\/><\/p>\n<p><strong>Les mesures s\u00e9cheresse dans le Var<\/strong><\/p>\n<p><strong>Situation d\u2019alerte renforc\u00e9e s\u00e9cheresse :<\/strong><\/p>\n<p>\uf06c La zone Siagne amont passe en alerte renforc\u00e9e s\u00e9cheresse pour 9 communes.<br \/>\uf06c La zone Siagne aval passe en alerte renforc\u00e9e s\u00e9cheresse pour 1 commune.<br \/>\uf06c La zone Huveaune amont est en alerte renforc\u00e9e s\u00e9cheresse pour 2 communes.<br \/>\uf06c La zone Arc amont est en alerte renforc\u00e9e s\u00e9cheresse pour 2 communes.<\/p>\n<p><strong>Situation d\u2019alerte s\u00e9cheresse :<\/strong><\/p>\n<p>\uf06c La zone Gapeau est en alerte s\u00e9cheresse pour 15 communes depuis le 30 juillet.<\/p>\n<p><strong>Situation de vigilance s\u00e9cheresse :<\/strong><\/p>\n<p>\uf06c Les autres communes du d\u00e9partement demeurent en vigilance s\u00e9cheresse.<br \/>\uf06c 14 communes sont en ALERTE RENFORC\u00c9E S\u00c9CHERESSE<br \/>\uf06c 15 communes sont en ALERTE S\u00c9CHERESSE.<br \/>\uf06c 124 communes sont en VIGILANCE S\u00c9CHERESSE.<\/p>\n<p><strong>Les arr\u00eat\u00e9s s\u00e9cheresse sont disponibles sur les sites internet suivants :<\/strong><br \/>\u2022 <strong>le portail des services de l\u2019\u00c9tat dans le Var : www.var.gouv.f et directement via le lien suivant :<\/strong> <a href=\"https:\/\/www.var.gouv.fr\/Actions-de-l-Etat\/Secheresse\/Secheresse-2025\" rel=\"nofollow noopener\" target=\"_blank\">https:\/\/www.var.gouv.fr\/Actions-de-l-Etat\/Secheresse\/Secheresse-2025<\/a><br \/>\u2022 sur le moteur de recherche du gouvernement : <a href=\"http:\/\/www.vigieau.gouv.fr\" rel=\"nofollow noopener\" target=\"_blank\">www.vigieau.gouv.fr<\/a><br \/>\u2022 Ils sont \u00e9galement disponibles dans les mairies.<\/p>\n<p>La vigilance et la gestion \u00e9conome de la ressource en eau sont l\u2019affaire de tous.<\/p>\n<p><img decoding=\"async\" src=\"https:\/\/www.europesays.com\/fr\/wp-content\/uploads\/2025\/08\/Alerte-renforcee-secheresse-pour-14-communes-du-Var-a.png\"\/><\/p>\n","protected":false},"excerpt":{"rendered":"Passage en alerte renforc\u00e9e s\u00e9cheresse des zones Huveaune amont, Arc amont, Saigne aval et Siagne amont par mesures&hellip;\n","protected":false},"author":2,"featured_media":319013,"comment_status":"","ping_status":"","sticky":false,"template":"","format":"standard","meta":{"footnotes":""},"categories":[9619],"tags":[1111,11,1777,674,1011,27,12,882,25,2310],"class_list":{"0":"post-319012","1":"post","2":"type-post","3":"status-publish","4":"format-standard","5":"has-post-thumbnail","7":"category-toulon","8":"tag-actu","9":"tag-actualites","10":"tag-eu","11":"tag-europe","12":"tag-fr","13":"tag-france","14":"tag-news","15":"tag-provence-alpes-cote-dazur","16":"tag-republique-francaise","17":"tag-toulon"},"share_on_mastodon":{"url":"https:\/\/pubeurope.com\/@fr\/115028141299505990","error":""},"_links":{"self":[{"href":"https:\/\/www.europesays.com\/fr\/wp-json\/wp\/v2\/posts\/319012","targetHints":{"allow":["GET"]}}],"collection":[{"href":"https:\/\/www.europesays.com\/fr\/wp-json\/wp\/v2\/posts"}],"about":[{"href":"https:\/\/www.europesays.com\/fr\/wp-json\/wp\/v2\/types\/post"}],"author":[{"embeddable":true,"href":"https:\/\/www.europesays.com\/fr\/wp-json\/wp\/v2\/users\/2"}],"replies":[{"embeddable":true,"href":"https:\/\/www.europesays.com\/fr\/wp-json\/wp\/v2\/comments?post=319012"}],"version-history":[{"count":0,"href":"https:\/\/www.europesays.com\/fr\/wp-json\/wp\/v2\/posts\/319012\/revisions"}],"wp:featuredmedia":[{"embeddable":true,"href":"https:\/\/www.europesays.com\/fr\/wp-json\/wp\/v2\/media\/319013"}],"wp:attachment":[{"href":"https:\/\/www.europesays.com\/fr\/wp-json\/wp\/v2\/media?parent=319012"}],"wp:term":[{"taxonomy":"category","embeddable":true,"href":"https:\/\/www.europesays.com\/fr\/wp-json\/wp\/v2\/categories?post=319012"},{"taxonomy":"post_tag","embeddable":true,"href":"https:\/\/www.europesays.com\/fr\/wp-json\/wp\/v2\/tags?post=319012"}],"curies":[{"name":"wp","href":"https:\/\/api.w.org\/{rel}","templated":true}]}}