{"id":319024,"date":"2025-08-14T16:55:26","date_gmt":"2025-08-14T16:55:26","guid":{"rendered":"https:\/\/www.europesays.com\/fr\/319024\/"},"modified":"2025-08-14T16:55:26","modified_gmt":"2025-08-14T16:55:26","slug":"le-point-infirmerie-et-mercato-avant-gf38-stade-lavallois","status":"publish","type":"post","link":"https:\/\/www.europesays.com\/fr\/319024\/","title":{"rendered":"Le point infirmerie et mercato avant GF38 &#8211; Stade Lavallois"},"content":{"rendered":"<p style=\"font-size:20px\"><strong>Pour le compte de la 2\u00e8me journ\u00e9e de Ligue 2, le GF38 accueille le Stade Lavallois au Stade des Alpes ce vendredi 15 ao\u00fbt. Une rencontre pour laquelle Franck Rizzetto devra se passer de plusieurs \u00e9l\u00e9ments, qu\u2019ils soient suspendus, bless\u00e9s ou en instance de d\u00e9part.<\/strong> <\/p>\n<p>Mamady Bangr\u00e9 est suspendu apr\u00e8s son exclusion \u00e0 Troyes. Auteur du but grenoblois et d\u2019une bonne prestation avant son rouge, il se rajoute \u00e0 la liste des absents offensifs puisque Alan K\u00e9rou\u00e9dan et Matt\u00e9o D\u2019Antona sont toujours bless\u00e9s, tout comme le d\u00e9fenseur Ange-Lo\u00efc Ngatta qui est sur le retour (reprise semaine prochaine).<\/p>\n<p>Deux autres \u00e9l\u00e9ments ne seront pas dans le groupe face \u00e0 Laval mais pour d\u2019autres raisons. Bachirou Yameogo est en effet \u00e0 l\u2019essai pour deux semaines dans un club alors qu\u2019Allan Tchaptchet, qui a un bon de sortie, ne sera plus convoqu\u00e9 jusqu\u2019\u00e0 la fin du mercato bien qu\u2019il continue de s\u2019entra\u00eener normalement avec le groupe. <\/p>\n<p>Ga\u00ebtan Paquiez fait lui son retour et viendra compenser num\u00e9riquement l\u2019absence de Bangr\u00e9 dans le groupe.<\/p>\n","protected":false},"excerpt":{"rendered":"Pour le compte de la 2\u00e8me journ\u00e9e de Ligue 2, le GF38 accueille le Stade Lavallois au Stade&hellip;\n","protected":false},"author":2,"featured_media":299883,"comment_status":"","ping_status":"","sticky":false,"template":"","format":"standard","meta":{"footnotes":""},"categories":[9566],"tags":[1111,11,2430,1777,674,1011,27,2731,12,25],"class_list":{"0":"post-319024","1":"post","2":"type-post","3":"status-publish","4":"format-standard","5":"has-post-thumbnail","7":"category-grenoble","8":"tag-actu","9":"tag-actualites","10":"tag-auvergne-rhone-alpes","11":"tag-eu","12":"tag-europe","13":"tag-fr","14":"tag-france","15":"tag-grenoble","16":"tag-news","17":"tag-republique-francaise"},"share_on_mastodon":{"url":"https:\/\/pubeurope.com\/@fr\/115028173386386225","error":""},"_links":{"self":[{"href":"https:\/\/www.europesays.com\/fr\/wp-json\/wp\/v2\/posts\/319024","targetHints":{"allow":["GET"]}}],"collection":[{"href":"https:\/\/www.europesays.com\/fr\/wp-json\/wp\/v2\/posts"}],"about":[{"href":"https:\/\/www.europesays.com\/fr\/wp-json\/wp\/v2\/types\/post"}],"author":[{"embeddable":true,"href":"https:\/\/www.europesays.com\/fr\/wp-json\/wp\/v2\/users\/2"}],"replies":[{"embeddable":true,"href":"https:\/\/www.europesays.com\/fr\/wp-json\/wp\/v2\/comments?post=319024"}],"version-history":[{"count":0,"href":"https:\/\/www.europesays.com\/fr\/wp-json\/wp\/v2\/posts\/319024\/revisions"}],"wp:featuredmedia":[{"embeddable":true,"href":"https:\/\/www.europesays.com\/fr\/wp-json\/wp\/v2\/media\/299883"}],"wp:attachment":[{"href":"https:\/\/www.europesays.com\/fr\/wp-json\/wp\/v2\/media?parent=319024"}],"wp:term":[{"taxonomy":"category","embeddable":true,"href":"https:\/\/www.europesays.com\/fr\/wp-json\/wp\/v2\/categories?post=319024"},{"taxonomy":"post_tag","embeddable":true,"href":"https:\/\/www.europesays.com\/fr\/wp-json\/wp\/v2\/tags?post=319024"}],"curies":[{"name":"wp","href":"https:\/\/api.w.org\/{rel}","templated":true}]}}