{"id":319025,"date":"2025-08-14T16:56:09","date_gmt":"2025-08-14T16:56:09","guid":{"rendered":"https:\/\/www.europesays.com\/fr\/319025\/"},"modified":"2025-08-14T16:56:09","modified_gmt":"2025-08-14T16:56:09","slug":"a-vern-sur-seiche-un-radis-se-dresse-devant-le-volume","status":"publish","type":"post","link":"https:\/\/www.europesays.com\/fr\/319025\/","title":{"rendered":"\u00c0 Vern-sur-Seiche, un radis se dresse devant le Volume"},"content":{"rendered":"<p><strong>\u00ab\u00a0Mon but est de faire un Monument au(x) vivant(s) partout o\u00f9 il y a un monument aux morts\u2026 Il y a du boulot mais selon mes calculs, il me reste encore 46\u00a0ans \u00e0 vivre\u00a0! <\/strong> \u00a0, s\u2019amuse Ar Furlukin. Au d\u00e9but de l\u2019\u00e9t\u00e9, l\u2019artiste un brin monomaniaque a install\u00e9 l\u2019une de ses \u0153uvres devant le Volume, \u00e0 <a href=\"https:\/\/rennes.maville.com\/bretagne\/ille-et-vilaine\/vern-sur-seiche\/\" target=\"_blank\" rel=\"noopener\">Vern-sur-Seiche<\/a> (<a href=\"https:\/\/www.ouest-france.fr\/bretagne\/ille-et-vilaine\/\" target=\"_blank\" rel=\"noopener\">Ille-et-Vilaine<\/a>). Fid\u00e8le \u00e0 lui-m\u00eame, le plasticien s\u2019est fendu d\u2019une sculpture en forme de radis, son mod\u00e8le f\u00e9tiche.<\/p>\n<p>Une sculpture d\u00e9j\u00e0 aper\u00e7ue dans la M\u00e9tropole<\/p>\n<p>L\u2019histoire d\u2019Ar Furlukin avec Vern-sur-Seiche est toute r\u00e9cente puisqu\u2019elle date de juin\u00a02025. <a href=\"https:\/\/rennes.maville.com\/actu\/actudet_-vern-sur-seiche.-une-exposition-a-decouvrir-avec-meltem-_7-6873885_actu.Htm\" target=\"_self\" rel=\"noopener\">Invit\u00e9 par l\u2019association d\u2019arts plastiques Meltem<\/a> pour l\u2019inauguration d\u2019une exposition, l\u2019artiste se rappelle\u00a0: <strong>\u00ab\u00a0J\u2019ai eu l\u2019occasion de rencontrer le maire, avec qui le contact est bien pass\u00e9. Je lui ai logiquement demand\u00e9 s\u2019il voulait son Monument au(x) vivant(s) et tout est parti de l\u00e0.\u00a0\u00bb<\/strong><\/p>\n<p>Quelques semaines plus tard, Ar Furlukin installe sa sculpture iconique devant le Volume. Ou plut\u00f4t, la d\u00e9m\u00e9nage. \u00a0Il s\u2019agit de celle qui <a href=\"https:\/\/rennes.maville.com\/actu\/actudet_-en-images.-ar-furlukin-l-artiste-breton-qui-a-le-radis-dans-la-peau-_7-6394650_actu.Htm\" target=\"_self\" rel=\"noopener\">tr\u00f4nait devant l\u2019a\u00e9roport de Saint-Jacques l\u2019ann\u00e9e derni\u00e8re<\/a>\u00a0, confie-t-il. Le monumental radis devrait rester en place jusqu\u2019\u00e0 l\u2019\u00e9t\u00e9 2026. <strong>\u00ab\u00a0Sauf si des entreprises ou des particuliers de la commune venaient \u00e0 me commander d\u2019autres petites \u0153uvres, comme mes \u201cradis gargouilles\u201d ou mes \u201cbriques radieuses\u201d. Cela permettrait de financer la grande sculpture, et \u00e9ventuellement d\u2019en faire don \u00e0 la commune\u00a0\u00bb<\/strong>, poursuit-il.<\/p>\n<p>Recr\u00e9er du lien social<\/p>\n<p>\u00c0 l\u2019instar de Saint-Jacques-de-la-Lande, la commune de Vern-sur-Seiche est l\u2019une de celles de la M\u00e9tropole qui se sont fait pr\u00eater une \u0153uvre d\u2019Ar Furlukin. Certaines sont permanentes, comme \u00e0 Ch\u00e2teaugiron, au Sel-de-Bretagne ou \u00e0 Rennes, aux prairies Saint-Martin. <strong>\u00ab\u00a0Le \u201cMonument au(x) vivant(s)\u201d original\u00a0!\u00a0\u00bb<\/strong>, dixit l\u2019artiste.<\/p>\n<p>\u00ab\u00a0J\u2019ai choisi de mettre des bancs autour de tous mes \u201cMonuments au(x) vivant(s)\u201d car j\u2019ai imagin\u00e9 ces installations pour recr\u00e9er du lien social, conclut-il. \u00c7a remplace les lavoirs qui n\u2019existent plus et les bars qui sont de moins en moins nombreux\u00a0; c\u2019est un point d\u2019attraction par sa couleur. Les gens viennent s\u2019y asseoir, on y croise des amoureux, des personnes \u00e2g\u00e9es\u2026 Tout le monde y fait un passage.\u00a0\u00bb<\/p>\n<p>\u00a0<\/p>\n","protected":false},"excerpt":{"rendered":"\u00ab\u00a0Mon but est de faire un Monument au(x) vivant(s) partout o\u00f9 il y a un monument aux morts\u2026&hellip;\n","protected":false},"author":2,"featured_media":319026,"comment_status":"","ping_status":"","sticky":false,"template":"","format":"standard","meta":{"footnotes":""},"categories":[2821],"tags":[1111,11,829,28256,1777,674,1011,27,12,45713,3086,584,25,9310,45714],"class_list":{"0":"post-319025","1":"post","2":"type-post","3":"status-publish","4":"format-standard","5":"has-post-thumbnail","7":"category-rennes","8":"tag-actu","9":"tag-actualites","10":"tag-bretagne","11":"tag-dresse","12":"tag-eu","13":"tag-europe","14":"tag-fr","15":"tag-france","16":"tag-news","17":"tag-radis","18":"tag-redon","19":"tag-rennes","20":"tag-republique-francaise","21":"tag-vern-sur-seiche","22":"tag-volume"},"share_on_mastodon":{"url":"https:\/\/pubeurope.com\/@fr\/115028176550786127","error":""},"_links":{"self":[{"href":"https:\/\/www.europesays.com\/fr\/wp-json\/wp\/v2\/posts\/319025","targetHints":{"allow":["GET"]}}],"collection":[{"href":"https:\/\/www.europesays.com\/fr\/wp-json\/wp\/v2\/posts"}],"about":[{"href":"https:\/\/www.europesays.com\/fr\/wp-json\/wp\/v2\/types\/post"}],"author":[{"embeddable":true,"href":"https:\/\/www.europesays.com\/fr\/wp-json\/wp\/v2\/users\/2"}],"replies":[{"embeddable":true,"href":"https:\/\/www.europesays.com\/fr\/wp-json\/wp\/v2\/comments?post=319025"}],"version-history":[{"count":0,"href":"https:\/\/www.europesays.com\/fr\/wp-json\/wp\/v2\/posts\/319025\/revisions"}],"wp:featuredmedia":[{"embeddable":true,"href":"https:\/\/www.europesays.com\/fr\/wp-json\/wp\/v2\/media\/319026"}],"wp:attachment":[{"href":"https:\/\/www.europesays.com\/fr\/wp-json\/wp\/v2\/media?parent=319025"}],"wp:term":[{"taxonomy":"category","embeddable":true,"href":"https:\/\/www.europesays.com\/fr\/wp-json\/wp\/v2\/categories?post=319025"},{"taxonomy":"post_tag","embeddable":true,"href":"https:\/\/www.europesays.com\/fr\/wp-json\/wp\/v2\/tags?post=319025"}],"curies":[{"name":"wp","href":"https:\/\/api.w.org\/{rel}","templated":true}]}}