{"id":319027,"date":"2025-08-14T16:57:12","date_gmt":"2025-08-14T16:57:12","guid":{"rendered":"https:\/\/www.europesays.com\/fr\/319027\/"},"modified":"2025-08-14T16:57:12","modified_gmt":"2025-08-14T16:57:12","slug":"lambition-de-lom-a-lepreuve-du-stade-rennais-pour-debuter-la-saison","status":"publish","type":"post","link":"https:\/\/www.europesays.com\/fr\/319027\/","title":{"rendered":"l\u2019ambition de l\u2019OM \u00e0 l\u2019\u00e9preuve du Stade rennais pour d\u00e9buter la saison"},"content":{"rendered":"<p><strong>Rennes\u00a0&#8211; Marseille<\/strong><\/p>\n<p>\u00ab\u00a0Le coach continue et c\u2019est la premi\u00e8re fois que \u00e7a m\u2019arrive \u00e0 l\u2019OM.\u00a0\u00bb La remarque de Leonardo Balerdi, jeudi en conf\u00e9rence de presse, a fait sourire tous les pr\u00e9sents.\u00a0Il faut dire que l\u2019Argentin est tout de m\u00eame arriv\u00e9 \u00e0 Marseille \u00e0 l\u2019\u00e9t\u00e9 2020, pour les d\u00e9buts de la deuxi\u00e8me et derni\u00e8re saison (avort\u00e9e) d\u2019Andr\u00e9 Villas-Boas sur le banc du club proven\u00e7al.\u00a0Depuis, Jorge Sampaoli, Igor Tudor, Marcelino ou Gennaro Gattuso s\u2019y sont assis \u00e0 leur tour mais aucun n\u2019a encha\u00een\u00e9 deux pr\u00e9parations estivales de suite, comme vient de le faire Roberto De Zerbi.<\/p>\n<p>\u00ab\u00a0C\u2019est bien pour la continuit\u00e9 et pour les joueurs qui sont rest\u00e9s. On a la m\u00eame id\u00e9e que lui et on croit tous qu\u2019on peut faire de belles choses\u00a0\u00bb, a assur\u00e9 Balerdi, \u00e0 la veille du premier match de la saison, sur la pelouse de Rennes.<\/p>\n<p>Le technicien italien, lui, s\u2019est dit satisfait de la pr\u00e9paration, avec des blocs de travail r\u00e9partis entre deux stages aux Pays-Bas puis en Andorre, et six matchs amicaux (trois nuls, trois d\u00e9faites) dont deux exigeants contre S\u00e9ville (1-1) et Aston Villa (3-1). \u00ab\u00a0On a bien travaill\u00e9, on a fait de bons stages et il n\u2019y a pas eu de blessure. C\u2019est tr\u00e8s bien mais on a toujours z\u00e9ro point au classement\u00a0\u00bb, a-t-il relativis\u00e9.<\/p>\n<p>\u00ab\u00a0On est plus comp\u00e9titifs que la saison derni\u00e8re\u00a0\u00bb<\/p>\n<p>S\u2019il sait que le mercato \u00ab\u00a0est encore ouvert, dans les deux sens\u00a0\u00bb, De Zerbi s\u2019est \u00e9galement dit \u00ab\u00a0tr\u00e8s content\u00a0\u00bb de l\u2019\u00e9quipe mise \u00e0 sa disposition par le directeur du football Medhi Benatia et le pr\u00e9sident Pablo Longoria.\u00a0Moins fr\u00e9n\u00e9tique que certains \u00e9t\u00e9s, le mercato marseillais a lui aussi \u00e9t\u00e9 marqu\u00e9 par une certaine continuit\u00e9, la plupart des cadres ayant choisi de rester en Provence et de voir \u00e0 quoi ressemble la Ligue des champions vue du Stade V\u00e9lodrome. \u00ab\u00a0On est plus comp\u00e9titifs que la saison derni\u00e8re, assure De Zerbi. Que Rulli, Hojbjerg, Balerdi, Rabiot ou Greenwood aient d\u00e9cid\u00e9 de rester, c\u2019est bien pour moi mais aussi pour l\u2019OM. C\u2019est ce qu\u2019ils ont choisi et cela nous rend fiers.\u00a0\u00bb<\/p>\n<p>D\u00e8s vendredi \u00e0 Rennes, les dirigeants marseillais pourront juger de la pertinence de leurs choix sur le march\u00e9 des transferts, l\u00e0 aussi dans les deux sens, puisqu\u2019ils retrouveront face \u00e0 eux Valentin Rongier et Quentin Merlin, qui viennent de quitter le club, et Lilian Brassier, qui avait fait le m\u00eame trajet au mois de janvier. \u00ab\u00a0Rongier, \u00e7a m\u2019a touch\u00e9 quand il est parti et que je l\u2019ai vu sous le maillot de Rennes. J\u2019ai toujours connu l\u2019OM avec lui, alors c\u2019\u00e9tait bizarre, a racont\u00e9 Balerdi \u00e0 propos de celui qui \u00e9tait avant lui le capitaine de l\u2019OM. Mais je crois que c\u2019\u00e9tait son moment. Et si c\u2019est ce qu\u2019il a d\u00e9cid\u00e9, je suis content pour lui. Je lui souhaite le meilleur, c\u2019est un bon ami. Mais pas demain et \u00e7a, il le sait\u00a0!\u00a0\u00bb<\/p>\n<p>Pour tenter de renverser Rennes au Rohazon Park, l\u2019OM comptera en priorit\u00e9 sur Mason Greenwood, auteur d\u2019une pr\u00e9paration \u00e9tincelante (7 buts), et sait qu\u2019il dispose de deux avants-centres de valeur avec Amine Gouiri et Pierre-Emerick Aubameyang.\u00a0Une victoire lancerait id\u00e9alement une saison lors de laquelle l\u2019ambition marseillaise reste identique\u00a0: trouver la seule continuit\u00e9 qui compte, celle de la performance, avec une nouvelle qualification pour la Ligue des champions.<\/p>\n<p>Ce vendredi \u00e0 20\u00a0h\u00a045, sur Ligue 1 +.<\/p>\n","protected":false},"excerpt":{"rendered":"Rennes\u00a0&#8211; Marseille \u00ab\u00a0Le coach continue et c\u2019est la premi\u00e8re fois que \u00e7a m\u2019arrive \u00e0 l\u2019OM.\u00a0\u00bb La remarque de&hellip;\n","protected":false},"author":2,"featured_media":319028,"comment_status":"","ping_status":"","sticky":false,"template":"","format":"standard","meta":{"footnotes":""},"categories":[2821],"tags":[328,1111,11,829,1777,674,63,1011,27,66,12,584,25,60],"class_list":{"0":"post-319027","1":"post","2":"type-post","3":"status-publish","4":"format-standard","5":"has-post-thumbnail","7":"category-rennes","8":"tag-a-la-une","9":"tag-actu","10":"tag-actualites","11":"tag-bretagne","12":"tag-eu","13":"tag-europe","14":"tag-football","15":"tag-fr","16":"tag-france","17":"tag-ligue-1","18":"tag-news","19":"tag-rennes","20":"tag-republique-francaise","21":"tag-sports"},"share_on_mastodon":{"url":"","error":""},"_links":{"self":[{"href":"https:\/\/www.europesays.com\/fr\/wp-json\/wp\/v2\/posts\/319027","targetHints":{"allow":["GET"]}}],"collection":[{"href":"https:\/\/www.europesays.com\/fr\/wp-json\/wp\/v2\/posts"}],"about":[{"href":"https:\/\/www.europesays.com\/fr\/wp-json\/wp\/v2\/types\/post"}],"author":[{"embeddable":true,"href":"https:\/\/www.europesays.com\/fr\/wp-json\/wp\/v2\/users\/2"}],"replies":[{"embeddable":true,"href":"https:\/\/www.europesays.com\/fr\/wp-json\/wp\/v2\/comments?post=319027"}],"version-history":[{"count":0,"href":"https:\/\/www.europesays.com\/fr\/wp-json\/wp\/v2\/posts\/319027\/revisions"}],"wp:featuredmedia":[{"embeddable":true,"href":"https:\/\/www.europesays.com\/fr\/wp-json\/wp\/v2\/media\/319028"}],"wp:attachment":[{"href":"https:\/\/www.europesays.com\/fr\/wp-json\/wp\/v2\/media?parent=319027"}],"wp:term":[{"taxonomy":"category","embeddable":true,"href":"https:\/\/www.europesays.com\/fr\/wp-json\/wp\/v2\/categories?post=319027"},{"taxonomy":"post_tag","embeddable":true,"href":"https:\/\/www.europesays.com\/fr\/wp-json\/wp\/v2\/tags?post=319027"}],"curies":[{"name":"wp","href":"https:\/\/api.w.org\/{rel}","templated":true}]}}