{"id":319029,"date":"2025-08-14T16:58:11","date_gmt":"2025-08-14T16:58:11","guid":{"rendered":"https:\/\/www.europesays.com\/fr\/319029\/"},"modified":"2025-08-14T16:58:11","modified_gmt":"2025-08-14T16:58:11","slug":"strasbourg-visite-et-lecture-au-cloitre-a-saint-pierre-le-jeune","status":"publish","type":"post","link":"https:\/\/www.europesays.com\/fr\/319029\/","title":{"rendered":"Strasbourg. Visite et lecture au clo\u00eetre \u00e0 Saint-Pierre-le-Jeune"},"content":{"rendered":"<p>\u00c0 Saint-Pierre-le-Jeune, l\u2019\u00e9t\u00e9 est culturel. Au-del\u00e0 du festival musical des Vendredis soir, les milieux d\u2019apr\u00e8s-midi dominicaux sont<a href=\"https:\/\/www.dna.fr\/culture-loisirs\/2025\/08\/09\/lecture-et-visite-guidee-ce-dimanche-a-saint-pierre-le-jeune-protestant\" target=\"_blank\" rel=\"nofollow noopener\"> l\u2019occasion de visites guid\u00e9es<\/a> \u00e0 la d\u00e9couverte de l\u2019\u00e9difice strasbourgeois embl\u00e9matique et de son histoire, ainsi que d\u2019une respiration sous forme de lectures de textes \u00e0 port\u00e9e spirituelle.<\/p>\n<p>Ce dimanche 17\u00a0ao\u00fbt \u00e0 16\u00a0h, le pasteur Philippe Eber proposera une visite guid\u00e9e intitul\u00e9e  Lorsque les chanoines vivaient \u00e0 Saint-Pierre-le-Jeune.<\/p>\n<p>\u00c0 17\u00a0h, le m\u00eame jour, Philippe Eber proposera une lecture au clo\u00eetre. Au programme\u00a0: des extraits des cantiques spirituels de Jean Racine.<\/p>\n<p class=\"note\">Visite et lectures ce dimanche 17 ao\u00fbt, \u00e0 l\u2019\u00e9glise, place Saint-Pierre-le-Jeune \u00e0 Strasbourg. Entr\u00e9e libre &#8211; plateau pour les deux \u00e9v\u00e9nements.<\/p>\n","protected":false},"excerpt":{"rendered":"\u00c0 Saint-Pierre-le-Jeune, l\u2019\u00e9t\u00e9 est culturel. Au-del\u00e0 du festival musical des Vendredis soir, les milieux d\u2019apr\u00e8s-midi dominicaux sont l\u2019occasion&hellip;\n","protected":false},"author":2,"featured_media":319030,"comment_status":"","ping_status":"","sticky":false,"template":"","format":"standard","meta":{"footnotes":""},"categories":[2820],"tags":[1111,11,1687,2880,1777,674,107,1011,27,775,12,2661,25,640,2879],"class_list":{"0":"post-319029","1":"post","2":"type-post","3":"status-publish","4":"format-standard","5":"has-post-thumbnail","7":"category-strasbourg","8":"tag-actu","9":"tag-actualites","10":"tag-culture-loisirs","11":"tag-edition-strasbourg","12":"tag-eu","13":"tag-europe","14":"tag-fil-info","15":"tag-fr","16":"tag-france","17":"tag-grand-est","18":"tag-news","19":"tag-patrimoine-culturel","20":"tag-republique-francaise","21":"tag-strasbourg","22":"tag-strasbourg-ville"},"share_on_mastodon":{"url":"https:\/\/pubeurope.com\/@fr\/115028184649752147","error":""},"_links":{"self":[{"href":"https:\/\/www.europesays.com\/fr\/wp-json\/wp\/v2\/posts\/319029","targetHints":{"allow":["GET"]}}],"collection":[{"href":"https:\/\/www.europesays.com\/fr\/wp-json\/wp\/v2\/posts"}],"about":[{"href":"https:\/\/www.europesays.com\/fr\/wp-json\/wp\/v2\/types\/post"}],"author":[{"embeddable":true,"href":"https:\/\/www.europesays.com\/fr\/wp-json\/wp\/v2\/users\/2"}],"replies":[{"embeddable":true,"href":"https:\/\/www.europesays.com\/fr\/wp-json\/wp\/v2\/comments?post=319029"}],"version-history":[{"count":0,"href":"https:\/\/www.europesays.com\/fr\/wp-json\/wp\/v2\/posts\/319029\/revisions"}],"wp:featuredmedia":[{"embeddable":true,"href":"https:\/\/www.europesays.com\/fr\/wp-json\/wp\/v2\/media\/319030"}],"wp:attachment":[{"href":"https:\/\/www.europesays.com\/fr\/wp-json\/wp\/v2\/media?parent=319029"}],"wp:term":[{"taxonomy":"category","embeddable":true,"href":"https:\/\/www.europesays.com\/fr\/wp-json\/wp\/v2\/categories?post=319029"},{"taxonomy":"post_tag","embeddable":true,"href":"https:\/\/www.europesays.com\/fr\/wp-json\/wp\/v2\/tags?post=319029"}],"curies":[{"name":"wp","href":"https:\/\/api.w.org\/{rel}","templated":true}]}}