{"id":319031,"date":"2025-08-14T16:59:21","date_gmt":"2025-08-14T16:59:21","guid":{"rendered":"https:\/\/www.europesays.com\/fr\/319031\/"},"modified":"2025-08-14T16:59:21","modified_gmt":"2025-08-14T16:59:21","slug":"il-faut-desormais-prendre-rdv-pour-acceder-aux-guichets-tgv","status":"publish","type":"post","link":"https:\/\/www.europesays.com\/fr\/319031\/","title":{"rendered":"il faut d\u00e9sormais prendre rdv pour acc\u00e9der aux guichets TGV"},"content":{"rendered":"<p>    <img loading=\"lazy\" width=\"1800\" height=\"900\" src=\"https:\/\/www.europesays.com\/fr\/wp-content\/uploads\/2025\/04\/jeanne-callthepolice.jpg\" class=\"attachment-full size-full\" alt=\"\" id=\"imageLove\" decoding=\"async\"  \/><\/p>\n<p id=\"breadcrumbs\"><a href=\"https:\/\/pokaa.fr\/\" target=\"_blank\" rel=\"noopener\">Accueil<\/a> \/ <a href=\"https:\/\/pokaa.fr\/categories\/actu\/\" target=\"_blank\" rel=\"noopener\">Info locale<\/a> \/ Gare de Strasbourg : il faut d\u00e9sormais prendre rdv pour acc\u00e9der aux guichets TGV<\/p>\n<p>                    Info locale<\/p>\n<p><b>Depuis le mois de juillet en gare de Strasbourg, il est d\u00e9sormais obligatoire de prendre rendez-vous pour acc\u00e9der \u00e0 l\u2019espace vente TGV de la SNCF, de 13h \u00e0 19h du lundi au samedi. Une d\u00e9cision prise pour diminuer le temps d\u2019attente selon l\u2019entreprise ferroviaire, mais qui pr\u00e9figure peut-\u00eatre la fin des guichets pour acheter ses billets.<\/b><\/p>\n<p class=\"p1\"><strong>Les guichets n\u2019ont d\u00e9cid\u00e9ment plus le vent en poupe.<\/strong><\/p>\n<p class=\"p1\">Apr\u00e8s la fermeture par la R\u00e9gion Grand Est des guichets <b>dans les gares de Bischwiller, Soultz-sous-For\u00eats, Wissembourg et Thann, ainsi que de la r\u00e9duction des heures d\u2019ouverture et\/ou du nombre de guichets<\/b> <b>dans les gares de Mulhouse, S\u00e9lestat et Obernai<\/b>, c\u2019est la SNCF qui a chang\u00e9 les r\u00e8gles du jeu depuis le 7 juillet dernier en gare de Strasbourg.<\/p>\n<p>                <img width=\"667\" height=\"500\" src=\"https:\/\/www.europesays.com\/fr\/wp-content\/uploads\/2025\/08\/img-1983-667x500.jpg\" class=\"attachment-gallery size-gallery\" alt=\"gare strasbourg\" data-full-url=\"https:\/\/pokaa.fr\/wp-content\/uploads\/2024\/07\/23\/img-1983.jpg\" decoding=\"async\" loading=\"lazy\"  \/>            <\/p>\n<p>                <img width=\"750\" height=\"500\" src=\"https:\/\/www.europesays.com\/fr\/wp-content\/uploads\/2025\/08\/gare-de-strasbourg-exterieur-750x500.jpg\" class=\"attachment-gallery size-gallery\" alt=\"Gare de Strasbourg ext\u00e9rieur\" data-full-url=\"https:\/\/pokaa.fr\/wp-content\/uploads\/2024\/09\/12\/gare-de-strasbourg-exterieur.jpg\" decoding=\"async\" loading=\"lazy\"  \/>            <\/p>\n<p>                    1. \u00a9 Nicolas Kaspar \/ Pokaa ; 2. \u00a9 David Lev\u00eaque \/ Pokaa<\/p>\n<p>D\u00e9sormais, <b>du lundi au samedi entre 13h \u00e0 19h, il faut prendre rendez-vous pour acc\u00e9der aux six guichets de l\u2019espace de vente TGV, situ\u00e9 dans le Hall Nord de la gare de Strasbourg<\/b>.<\/p>\n<p>Le matin et le dimanche, il est donc encore possible de s\u2019y rendre sans rendez-vous. L\u2019espace TER n\u2019est pas concern\u00e9.<\/p>\n<p>    <img width=\"800\" height=\"600\" src=\"https:\/\/www.europesays.com\/fr\/wp-content\/uploads\/2025\/08\/img-0797-grande-800x600.jpeg\" class=\"attachment-image-size-L size-image-size-L\" alt=\"guichet ter gare strasbourg\" decoding=\"async\" loading=\"lazy\"  \/>         \u00a9 Nicolas Kaspar \/ Pokaa <\/p>\n<p>Plus d\u2019efficacit\u00e9 VS plus de contraintes<\/p>\n<p class=\"p1\">Pour la SNCF, qui n\u2019a pas r\u00e9pondu \u00e0 nos sollicitations, l\u2019id\u00e9e semble \u00eatre \u00ab\u00a0d\u2019am\u00e9liorer la qualit\u00e9 de service en diminuant le temps d\u2019attente\u00a0\u00bb, selon le service communication de SNCF Voyageurs <a href=\"https:\/\/c.dna.fr\/economie\/2025\/08\/05\/gare-de-strasbourg-nouveau-regime-pour-l-acces-aux-guichets-tgv-inoui\" target=\"_blank\" rel=\"noopener\">cit\u00e9 par les DNA<\/a>. <b>Une justification qui ressemble \u00e0 celle de la R\u00e9gion Grand Est lors de l\u2019annonce de la fermeture ou de la r\u00e9duction d\u2019horaires dans 29 gares<\/b>, celle-ci mettant en avant \u00ab\u00a0un accompagnement humain\u00a0\u00bb et \u00ab\u00a0un acc\u00e8s facilit\u00e9 aux services num\u00e9riques\u00a0\u00bb.<\/p>\n<p>C\u00f4t\u00e9 usagers\/\u00e8res, le son de cloche est tout autre. Selon Andr\u00e9 Lott, pr\u00e9sident de la F\u00e9d\u00e9ration nationale des associations d\u2019usagers des transports du Grand Est, cit\u00e9 par les DNA et qui n\u2019a pas non plus r\u00e9pondu \u00e0 nos sollicitations, <b>la d\u00e9cision est \u00ab\u00a0une contrainte de plus que la SNCF impose aux voyageurs, notamment ceux qui ne sont pas \u00e0 l\u2019aise avec les outils num\u00e9riques\u00a0<\/b>\u00bb. La r\u00e9servation obligatoire avant de se rendre aux guichets est par ailleurs pratiqu\u00e9e depuis un an \u00e0 la gare de l\u2019Est.<\/p>\n<p>    <img width=\"800\" height=\"600\" src=\"https:\/\/www.europesays.com\/fr\/wp-content\/uploads\/2025\/08\/img-0799-grande-800x600.jpeg\" class=\"attachment-image-size-L size-image-size-L\" alt=\"guichet gare strasbourg sncf\" decoding=\"async\" loading=\"lazy\"  \/>         \u00a9 Nicolas Kaspar \/ Pokaa <\/p>\n<p>Vers une fin totale des guichets ?<\/p>\n<p class=\"p1\">Interrog\u00e9e sur le fait que cette d\u00e9cision puisse pr\u00e9figurer la fin des guichets dans les gares, la SNCF n\u2019a pas r\u00e9pondu \u00e0 la question. Cela aurait pu donner des indications sur le futur des guichets pour acheter ses billets ou avoir des renseignements. Une pratique qui diminue d\u2019ann\u00e9e en ann\u00e9e avec l\u2019essor du num\u00e9rique : <b>dans le Grand Est, la part des billets achet\u00e9s en guichets est pass\u00e9e de 31% en 2019 \u00e0 11% aujourd\u2019hui<\/b>, justifiant pour la R\u00e9gion la fermeture de certains d\u2019entre eux.<\/p>\n<p>N\u00e9anmoins, <b>les baisses de vente aux guichets peuvent aussi s\u2019expliquer par\u2026 l\u2019impossibilit\u00e9 parfois d\u2019y acheter son billet<\/b>. <a href=\"https:\/\/www.fnaut.fr\/bilan-mitige-sur-le-nombre-de-guichets-de-vente-de-billets-tgv-inoui-et-intercites\/\" target=\"_blank\" rel=\"noopener\">Selon une \u00e9tude de la Fnaut datant de 2024<\/a>, \u00ab un peu moins d\u2019un tiers des gares permettent aux usagers d\u2019acheter un billet TGV et Intercit\u00e9s \u00e0 un guichet en gare \u00bb. <\/p>\n<p>Un probl\u00e8me, <strong>sachant qu\u2019un bon nombre de personnes reste peu \u00e0 l\u2019aise avec les pratiques num\u00e9riques<\/strong>. La fin des guichets, qui semble inexorable au vu des d\u00e9cisions prises ces derni\u00e8res ann\u00e9es, laisserait ainsi beaucoup de monde sur le carreau.<\/p>\n<p>    <img width=\"800\" height=\"600\" src=\"https:\/\/www.europesays.com\/fr\/wp-content\/uploads\/2025\/08\/img-0798-grande-800x600.jpeg\" class=\"attachment-image-size-L size-image-size-L\" alt=\"guichet gare strasbourg\" decoding=\"async\" loading=\"lazy\"  \/>         \u00a9 Nicolas Kaspar \/ Pokaa <\/p>\n","protected":false},"excerpt":{"rendered":"Accueil \/ Info locale \/ Gare de Strasbourg : il faut d\u00e9sormais prendre rdv pour acc\u00e9der aux guichets&hellip;\n","protected":false},"author":2,"featured_media":319032,"comment_status":"","ping_status":"","sticky":false,"template":"","format":"standard","meta":{"footnotes":""},"categories":[2820],"tags":[1111,11,1777,674,1011,27,20526,775,12,25,2215,640],"class_list":{"0":"post-319031","1":"post","2":"type-post","3":"status-publish","4":"format-standard","5":"has-post-thumbnail","7":"category-strasbourg","8":"tag-actu","9":"tag-actualites","10":"tag-eu","11":"tag-europe","12":"tag-fr","13":"tag-france","14":"tag-gare-de-strasbourg","15":"tag-grand-est","16":"tag-news","17":"tag-republique-francaise","18":"tag-sncf","19":"tag-strasbourg"},"share_on_mastodon":{"url":"https:\/\/pubeurope.com\/@fr\/115028188910286053","error":""},"_links":{"self":[{"href":"https:\/\/www.europesays.com\/fr\/wp-json\/wp\/v2\/posts\/319031","targetHints":{"allow":["GET"]}}],"collection":[{"href":"https:\/\/www.europesays.com\/fr\/wp-json\/wp\/v2\/posts"}],"about":[{"href":"https:\/\/www.europesays.com\/fr\/wp-json\/wp\/v2\/types\/post"}],"author":[{"embeddable":true,"href":"https:\/\/www.europesays.com\/fr\/wp-json\/wp\/v2\/users\/2"}],"replies":[{"embeddable":true,"href":"https:\/\/www.europesays.com\/fr\/wp-json\/wp\/v2\/comments?post=319031"}],"version-history":[{"count":0,"href":"https:\/\/www.europesays.com\/fr\/wp-json\/wp\/v2\/posts\/319031\/revisions"}],"wp:featuredmedia":[{"embeddable":true,"href":"https:\/\/www.europesays.com\/fr\/wp-json\/wp\/v2\/media\/319032"}],"wp:attachment":[{"href":"https:\/\/www.europesays.com\/fr\/wp-json\/wp\/v2\/media?parent=319031"}],"wp:term":[{"taxonomy":"category","embeddable":true,"href":"https:\/\/www.europesays.com\/fr\/wp-json\/wp\/v2\/categories?post=319031"},{"taxonomy":"post_tag","embeddable":true,"href":"https:\/\/www.europesays.com\/fr\/wp-json\/wp\/v2\/tags?post=319031"}],"curies":[{"name":"wp","href":"https:\/\/api.w.org\/{rel}","templated":true}]}}