{"id":319037,"date":"2025-08-14T17:02:14","date_gmt":"2025-08-14T17:02:14","guid":{"rendered":"https:\/\/www.europesays.com\/fr\/319037\/"},"modified":"2025-08-14T17:02:14","modified_gmt":"2025-08-14T17:02:14","slug":"concert-gratuit-escalade-jeux-que-faire-a-nantes-durant-le-week-end-du-15-aout-nos-idees-de-sorties","status":"publish","type":"post","link":"https:\/\/www.europesays.com\/fr\/319037\/","title":{"rendered":"Concert gratuit, escalade, jeux&#8230; Que faire \u00e0 Nantes durant le week-end du 15 ao\u00fbt ? Nos id\u00e9es de sorties"},"content":{"rendered":"<p>            Par<br \/>\n        <strong><br \/>\n            <a href=\"https:\/\/actu.fr\/auteur\/clemence-pays02-actu-fr\" title=\"Consulter tous les articles de Cl\u00e9mence Pays\" target=\"_blank\" rel=\"noopener\">Cl\u00e9mence Pays<\/a><br \/>\n        <\/strong><\/p>\n<p>        Publi\u00e9 le<\/p>\n<p>            14 ao\u00fbt 2025 \u00e0 18h00        <\/p>\n<p>Cette semaine la r\u00e9daction d\u2019<a href=\"https:\/\/actu.fr\/nantes\/\" target=\"_blank\" rel=\"noopener\">actu Nantes<\/a> publie ses<strong> id\u00e9es sorties<\/strong> avec un peu d\u2019avance. Nous vous proposons de d\u00e9couvrir les animations organis\u00e9es dans la cit\u00e9 des ducs <strong>vendredi\u00a015, samedi\u00a016 et dimanche 17\u00a0ao\u00fbt 2025,<\/strong> pour profiter de ce week-end prolong\u00e9 comme il se doit. Escalade, course \u00e0 pied, concert gratuit\u2026 Il y a du choix, que l\u2019on soit seul ou \u00e0 plusieurs, avec ou sans enfant. Le tout <strong>sans se ruiner.<\/strong> \u00c0 votre agenda\u2009!<\/p>\n<p>La Boom du 15\u00a0ao\u00fbt<\/p>\n<p class=\" wall-content\">\u00ab\u2009Des hu\u00eetres, du muscadet, des galettes bretonnes, des concerts, des DJs sets et m\u00eame une piscine \u00e0 balles\u2009\u00bb, c\u2019est ce que propose le tiers-lieu La Chaumi\u00e8re, pour profiter pleinement du vendredi f\u00e9ri\u00e9.<\/p>\n<p class=\" wall-content\">Au programme de cette <strong>\u00ab\u2009boom du 15\u00a0ao\u00fbt\u2009\u00bb\u2009:<\/strong><\/p>\n<ul class=\" wall-content\">\n<li>de 14h \u00e0 22h, hu\u00eetres et muscadet du vignoble\u2009;<\/li>\n<li>de 14h \u00e0 22h, cabane \u00e0 galettes et \u00e0 cr\u00eapes\u2009;<\/li>\n<li>de 14h \u00e0 16h, DJ set house groovy \u2013 Zelam\u2009;<\/li>\n<li>de 16h \u00e0 18h, concert jazz-funk \u2013 Mojofoniks\u2009;<\/li>\n<li>de 18h \u00e0 20h, DJ set \u00e9lectro \u2013 Izzy\u2009;<\/li>\n<li>de 20h \u00e0 22h, DJ set techno \u2013 AFT6R\u2009;<\/li>\n<li>de 22h \u00e0 01h, DJ set techno \u2013 Zelam.<\/li>\n<\/ul>\n<p class=\" wall-content\"><a href=\"https:\/\/www.instagram.com\/p\/DNQH9AEpFB2\/embed\" title=\"Ouvrir le lien sur Instagram\" target=\"_blank\" rel=\"noopener\">Visualiser le contenu sur Instagram<\/a><\/p>\n<p>Vendredi 15\u00a0ao\u00fbt, de 14h \u00e0 01h, La Boom du 15\u00a0ao\u00fbt, \u00e0 La Chaumi\u00e8re, 59 boulevard Gustave Roch, \u00e0 Nantes. Prix libre.<\/p>\n<p>D\u00e9couvrir l\u2019escalade<\/p>\n<p class=\" wall-content\">Parmi les sports \u00e0 la mode ces derni\u00e8res ann\u00e9es\u2009: l\u2019escalade. \u00c0 l\u2019occasion de ce week-end de trois jours, la salle <strong>Vertical\u2019Art Nantes<\/strong> invite chacun \u00e0 \u00ab\u2009sortir de sa zone de confort\u2009\u00bb pour d\u00e9couvrir <strong>l\u2019escalade de bloc.<\/strong><\/p>\n<p class=\" wall-content\"><strong>D\u00e9butant<\/strong> ou grimpeur occasionnel sont les bienvenus, sportif ou non. \u00ab\u2009Tu <strong>viens comme tu es<\/strong> et tu d\u00e9couvres un sport aussi ludique que complet, entour\u00e9 de passionn\u00e9s pr\u00eats \u00e0 t\u2019accompagner.\u2009\u00bb<\/p>\n<p class=\" wall-content\"><a href=\"https:\/\/www.instagram.com\/p\/DNSyd8uPHMW\/embed\" title=\"Ouvrir le lien sur Instagram\" target=\"_blank\" rel=\"noopener\">Visualiser le contenu sur Instagram<\/a><\/p>\n<p>Du vendredi\u00a015 au dimanche 17\u00a0ao\u00fbt, initiation \u00e0 l\u2019escalade, \u00e0 Vertical\u2019Art Nantes, 1 rue d\u2019Ath\u00e8nes \u00e0 Nantes. Entr\u00e9e \u00e0 5\u00a0euros, sans r\u00e9servation. Location de chaussons offerte pour les enfants de moins de 10\u00a0ans.<\/p>\n<p>Apprendre \u00e0 r\u00e9parer son v\u00e9lo<\/p>\n<p class=\" wall-content\">Une cha\u00eene qui saute, une chambre \u00e0 air \u00e0 changer\u2026 <strong>Place au V\u00e9lo<\/strong> organise un <strong>atelier collaboratif<\/strong> pour r\u00e9parer son v\u00e9lo. Des b\u00e9n\u00e9voles accompagnent les participants pour bien entretenir les bicyclettes et mettent \u00e0 disposition<strong> tous les outils<\/strong> n\u00e9cessaires.<\/p>\n<p class=\" wall-content\">\u00ab\u2009Profitez de pi\u00e8ces d\u2019occasion ou de rechange \u00e0<strong> tarif pr\u00e9f\u00e9rentiel\u2009\u00bb,<\/strong> d\u00e9voile Place au v\u00e9lo.<\/p>\n<p>Samedi 16\u00a0ao\u00fbt, de 14h \u00e0 18h, Brico v\u00e9lo, \u00e0 Place au V\u00e9lo, 1 rue d\u2019Auvours, maison des associations, \u00e0 Nantes.<\/p>\n<p>Un footing sur le parcours du Voyage \u00e0 Nantes<\/p>\n<p class=\" wall-content\">Campus Coach organise une<strong> sortie running \u00ab\u2009sur les traces du Voyage \u00e0 Nantes\u2009\u00bb.<\/strong> Au programme, un parcours de 13,5 kilom\u00e8tres dans la ville pour d\u00e9couvrir les derni\u00e8res \u0153uvres du rendez-vous culturel estival.<\/p>\n<p class=\" wall-content\">\u00ab\u2009L\u2019allure sera adapt\u00e9e au moins rapide\u2009\u00bb, pr\u00e9cise l\u2019organisateur.<\/p>\n<p>Dimanche 17\u00a0ao\u00fbt, \u00e0 10h, Run communautaire campus, rendez-vous au miroir d\u2019eau devant le ch\u00e2teau des ducs de Bretagne. Dur\u00e9e 1 heure 30. Gratuit. <a href=\"https:\/\/www.facebook.com\/events\/1854067782120177\/?acontext=%7B%22event_action_history%22%3A%5B%7B%22mechanism%22%3A%22discovery_custom_tab%22%2C%22surface%22%3A%22bookmark%22%7D%5D%2C%22ref_notif_type%22%3Anull%7D\" target=\"_blank\" rel=\"noopener\">\u00c9v\u00e9nement Facebook<\/a>.Un concert gratuit<\/p>\n<p class=\" wall-content\">Jamla Bar invite <strong>John Malfoy,<\/strong> \u00ab\u2009artiste folk, blues et blues-rock\u2009\u00bb \u00e0 se produire \u00e0 l\u2019occasion d\u2019un <strong>concert gratuit en terrasse.<\/strong><\/p>\n<p class=\" wall-content\">\u00ab\u2009Entre douces ballades accompagn\u00e9es d\u2019un <strong>harmonica,<\/strong> des chansons funky invitant au voyage et d\u2019autres compl\u00e8tement roots et rock\u2019n\u2019roll, John offre un univers musical permettant de s\u2019\u00e9vader le temps d\u2019un concert aussi convivial et festif qu\u2019emprunt d\u2019\u00e9motions fortes\u2009\u00bb, annonce le bar.<\/p>\n<p>Samedi 16\u00a0ao\u00fbt, de 18h \u00e0 19h30, concert folk gratuit avec John Malfoy, au Jamla Bar, 3, all\u00e9e du port Maillard, \u00e0 Nantes.<\/p>\n<p>Jouer face \u00e0 la Loire<\/p>\n<p class=\" wall-content\">Dimanche, la brasserie du Bas-Chantenay \u2013 Little Atlantique Brewery (LAB) \u2013 propose une <strong>apr\u00e8s-midi jeux,<\/strong> en collaboration avec Marto.<\/p>\n<p class=\" wall-content\">La terrasse accueillera une <strong>quinzaine de jeux en bois sur table,<\/strong> \u00e0 faire en duo ou en \u00e9quipe.<\/p>\n<p class=\" wall-content\">\u00ab\u2009Les jeux tournent, les tables bougent, et l\u2019animateur\u00b7ice veille \u00e0 ce que tout le monde puisse en profiter\u2009\u00bb, indique le LAB. Un <strong>jeu XXL surprise<\/strong> sera \u00e9galement \u00e0 d\u00e9couvrir. Ce \u00ab\u2009gros jeu\u2009\u00bb se joue \u00ab\u2009en \u00e9quipe, en rotation, parfois en une minute chrono, parfois sur des formats plus longs\u2009\u00bb.<\/p>\n<p>Dimanche 17\u00a0ao\u00fbt, de 16h \u00e0 19h au LAB, 23, boulevard de Chantenay, \u00e0 Nantes. Jeux gratuits, tout public. Bi\u00e8res brass\u00e9es sur place et restauration, musique.<\/p>\n<p>Un triathlon pas comme les autres<\/p>\n<p class=\" wall-content\">Taproom Aerofab organise un triathlon pas tout \u00e0 fait sportif. Au programme, <strong>trois \u00e9preuves<\/strong> \u00e0 disputer par <strong>\u00e9quipe de deux personnes\u2009:<\/strong><\/p>\n<ul class=\" wall-content\">\n<li>fl\u00e9chettes (jeu 301)\u2009;<\/li>\n<li>palets (jeu en 7 points gagnants)\u2009;<\/li>\n<li>corn hole (jeu en 14 points).<\/li>\n<\/ul>\n<p class=\" wall-content\">Les trois premi\u00e8res \u00e9quipes remporteront un <strong>lot<\/strong> chacune.<\/p>\n<p class=\" wall-content\">Pour participer, les \u00e9quipes doivent<strong> indiquer leur nom<\/strong> en laissant un commentaire sur <a href=\"https:\/\/www.facebook.com\/events\/1124102916232009\/?acontext=%7B%22event_action_history%22%3A%5B%7B%22mechanism%22%3A%22discovery_custom_tab%22%2C%22surface%22%3A%22bookmark%22%7D%5D%2C%22ref_notif_type%22%3Anull%7D\" target=\"_blank\" rel=\"noopener\">l\u2019\u00e9v\u00e9nement Facebook<\/a>.<\/p>\n<p>Dimanche 17\u00a0ao\u00fbt, \u00e0 16h, tournoi triathlon, \u00e0 Taproom Aerofab, 21 quai des Antilles, Nantes.<\/p>\n<p class=\" wall-content\">Suivez toute l\u2019actualit\u00e9 de vos villes et m\u00e9dias favoris en vous inscrivant \u00e0 <a href=\"https:\/\/moncompte.actu.fr\" title=\"D\u00e9couvez Mon Actu\" rel=\"nofollow noopener\" data-trk=\"{&quot;cta&quot;:{&quot;action&quot;:&quot;https:\\\/\\\/moncompte.actu.fr&quot;,&quot;category&quot;:&quot;mon compte&quot;,&quot;from&quot;:&quot;article footer&quot;,&quot;name&quot;:&quot;Mon actu&quot;,&quot;type&quot;:&quot;cta&quot;}}\" target=\"_blank\">Mon Actu<\/a>.<\/p>\n<p>                    <script async src=\"\/\/www.instagram.com\/embed.js\"><\/script><\/p>\n","protected":false},"excerpt":{"rendered":"Par Cl\u00e9mence Pays Publi\u00e9 le 14 ao\u00fbt 2025 \u00e0 18h00 Cette semaine la r\u00e9daction d\u2019actu Nantes publie ses&hellip;\n","protected":false},"author":2,"featured_media":319038,"comment_status":"","ping_status":"","sticky":false,"template":"","format":"standard","meta":{"footnotes":""},"categories":[2818],"tags":[1111,11,1063,1777,674,1011,27,1305,766,12,2636,25],"class_list":{"0":"post-319037","1":"post","2":"type-post","3":"status-publish","4":"format-standard","5":"has-post-thumbnail","7":"category-nantes","8":"tag-actu","9":"tag-actualites","10":"tag-animations","11":"tag-eu","12":"tag-europe","13":"tag-fr","14":"tag-france","15":"tag-lifestyle","16":"tag-nantes","17":"tag-news","18":"tag-pays-de-la-loire","19":"tag-republique-francaise"},"share_on_mastodon":{"url":"https:\/\/pubeurope.com\/@fr\/115028200215033491","error":""},"_links":{"self":[{"href":"https:\/\/www.europesays.com\/fr\/wp-json\/wp\/v2\/posts\/319037","targetHints":{"allow":["GET"]}}],"collection":[{"href":"https:\/\/www.europesays.com\/fr\/wp-json\/wp\/v2\/posts"}],"about":[{"href":"https:\/\/www.europesays.com\/fr\/wp-json\/wp\/v2\/types\/post"}],"author":[{"embeddable":true,"href":"https:\/\/www.europesays.com\/fr\/wp-json\/wp\/v2\/users\/2"}],"replies":[{"embeddable":true,"href":"https:\/\/www.europesays.com\/fr\/wp-json\/wp\/v2\/comments?post=319037"}],"version-history":[{"count":0,"href":"https:\/\/www.europesays.com\/fr\/wp-json\/wp\/v2\/posts\/319037\/revisions"}],"wp:featuredmedia":[{"embeddable":true,"href":"https:\/\/www.europesays.com\/fr\/wp-json\/wp\/v2\/media\/319038"}],"wp:attachment":[{"href":"https:\/\/www.europesays.com\/fr\/wp-json\/wp\/v2\/media?parent=319037"}],"wp:term":[{"taxonomy":"category","embeddable":true,"href":"https:\/\/www.europesays.com\/fr\/wp-json\/wp\/v2\/categories?post=319037"},{"taxonomy":"post_tag","embeddable":true,"href":"https:\/\/www.europesays.com\/fr\/wp-json\/wp\/v2\/tags?post=319037"}],"curies":[{"name":"wp","href":"https:\/\/api.w.org\/{rel}","templated":true}]}}