{"id":319041,"date":"2025-08-14T17:04:11","date_gmt":"2025-08-14T17:04:11","guid":{"rendered":"https:\/\/www.europesays.com\/fr\/319041\/"},"modified":"2025-08-14T17:04:11","modified_gmt":"2025-08-14T17:04:11","slug":"infographie-dans-la-metropole-de-bordeaux-plus-dun-habitant-sur-dix-vit-dans-un-ilot-de-chaleur-et-vous","status":"publish","type":"post","link":"https:\/\/www.europesays.com\/fr\/319041\/","title":{"rendered":"Infographie. Dans la m\u00e9tropole de Bordeaux, plus d\u2019un habitant sur dix vit dans un \u00eelot de chaleur, et vous\u00a0?"},"content":{"rendered":"<p><a href=\"https:\/\/www.sudouest.fr\/redaction\/le-vrai-du-faux\/41-6-0c-a-bordeaux-le-11-aout-2025-un-record-absolu-vraiment-25555556.php\" target=\"_blank\" rel=\"follow nofollow noopener\">Record absolu de temp\u00e9rature battu \u00e0 Bordeaux<\/a>, canicule prolong\u00e9e\u2026 la surchauffe engendr\u00e9e par l\u2019am\u00e9nagement urbain se r\u00e9v\u00e8le face aux fortes chaleurs du mois d\u2019ao\u00fbt, qui seront de plus en plus r\u00e9currentes avec le r\u00e9chauffement climatique. En effet, la conception de la ville ne favorise pas le refroidissement \u00e0 cause de la formation d\u2019\u00eelots de chaleur urbains.<\/p>\n<p>Ce ph\u00e9nom\u00e8ne appara\u00eet l\u00e0 o\u00f9 le b\u00e2ti est dense et la v\u00e9g\u00e9tation faible, entra\u00eenant des temp\u00e9ratures plus \u00e9lev\u00e9es qu\u2019ailleurs et un risque accru pour la sant\u00e9. La nuit, la chaleur absorb\u00e9e tout au long de la journ\u00e9e dans le b\u00e2ti et le bitume est restitu\u00e9e et emp\u00eache le refroidissement des rues. Selon Bordeaux M\u00e9tropole, ces \u00eelots repr\u00e9sentent 177\u00a0km\u00b2 dans l\u2019agglom\u00e9ration, soit 30\u00a0% de sa surface. \u00c0 partir de donn\u00e9es fournies par le Centre d\u2019\u00e9tudes et d\u2019expertise sur les risques, l\u2019environnement, la mobilit\u00e9 et l\u2019am\u00e9nagement (Cerema), \u00ab\u00a0Sud Ouest\u00a0\u00bb a pu \u00e9tudier les zones les plus expos\u00e9es \u00e0 la formation d\u2019\u00eelots de chaleur au sein de la m\u00e9tropole bordelaise.<\/p>\n<p>In\u00e9galit\u00e9s climatiques<\/p>\n<p>Selon nos calculs, 11\u00a0% de la population de la m\u00e9tropole de Bordeaux est expos\u00e9e \u00e0 un risque d\u2019\u00eelot de chaleur fort ou tr\u00e8s fort, 14\u00a0% \u00e0 un risque moyen et 73\u00a0% \u00e0 risque faible ou variable. Sans surprise, c\u2019est au c\u0153ur de Bordeaux que la sensibilit\u00e9 est la plus forte. Les quartiers du centre, aux rues fortement imperm\u00e9abilis\u00e9es et bord\u00e9es d\u2019immeubles compacts, ne favorisent pas la circulation de l\u2019air. Ainsi, seulement un Bordelais sur trois vit dans des zones o\u00f9 le risque d\u2019\u00eelot de chaleur est faible ou variable.<\/p>\n<blockquote><p>Les plus pr\u00e9caires \u00ab\u00a0n\u2019ont pas les moyens de quitter les villes pendant les vagues de chaleur\u00a0\u00bb<\/p><\/blockquote>\n<p>Cette surexposition \u00e0 la chaleur affecte davantage les populations pauvres. \u00c0 l\u2019\u00e9chelle de la m\u00e9tropole, un m\u00e9nage pauvre sur cinq habite dans une zone o\u00f9 le risque d\u2019\u00eelot de chaleur est fort ou tr\u00e8s fort. Le taux de pauvret\u00e9 s\u2019\u00e9l\u00e8ve \u00e0 20\u00a0% en moyenne dans les zones o\u00f9 le risque d\u2019\u00eelot de chaleur est le plus pr\u00e9gnant, contre 14\u00a0% en moyenne dans l\u2019ensemble de la m\u00e9tropole. \u00c0 l\u2019inverse, ce taux descend \u00e0 12\u00a0% l\u00e0 o\u00f9 l\u2019habitat est le moins propice \u00e0 la formation d\u2019\u00eelots de chaleur\u00a0: il s\u2019agit des zones p\u00e9riph\u00e9riques o\u00f9 les maisons pavillonnaires sont majoritaires.<\/p>\n<p>\u00ab\u00a0L\u2019histoire de la politique de la Ville fait que les plus pauvres ont \u00e9t\u00e9 concentr\u00e9s dans des habitats urbains souvent tr\u00e8s denses\u00a0\u00bb, explique Fr\u00e9d\u00e9ric Fresnard, charg\u00e9 du projet Adapt\u2019Canicules, qui aide les collectivit\u00e9s locales \u00e0 identifier les in\u00e9galit\u00e9s face \u00e0 la chaleur sur leur territoire. D\u2019autant plus que les personnes les plus pr\u00e9caires \u00ab\u00a0n\u2019ont pas les moyens de quitter les villes pendant les vagues de chaleur\u00a0\u00bb ou de \u00ab\u00a0rafra\u00eechir leur logement avec un syst\u00e8me de climatisation\u00a0\u00bb, indique un rapport de la Banque de France d\u00e9di\u00e9 aux \u00eelots de chaleur et in\u00e9galit\u00e9s urbaines datant de 2024.<\/p>\n<p>    Sur le m\u00eame sujet<\/p>\n<p>                        <a href=\"https:\/\/www.sudouest.fr\/environnement\/rechauffement-climatique-a-bordeaux-une-realite-en-chiffres-25522380.php\" title=\"R\u00e9chauffement climatique \u00e0 Bordeaux\u00a0: une r\u00e9alit\u00e9 en chiffres\" rel=\"nofollow noopener\" target=\"_blank\"><br \/>\n                            <img decoding=\"async\" src=\"https:\/\/www.europesays.com\/fr\/wp-content\/uploads\/2025\/08\/vegetalisation-ville.jpg\" alt=\"R\u00e9chauffement climatique \u00e0 Bordeaux\u00a0: une r\u00e9alit\u00e9 en chiffres\"\/><br \/>\n                        <\/a><\/p>\n<p>                    <a href=\"https:\/\/www.sudouest.fr\/environnement\/rechauffement-climatique-a-bordeaux-une-realite-en-chiffres-25522380.php\" title=\"R\u00e9chauffement climatique \u00e0 Bordeaux\u00a0: une r\u00e9alit\u00e9 en chiffres\" rel=\"nofollow noopener\" target=\"_blank\"><\/p>\n<p>\n                            R\u00e9chauffement climatique \u00e0 Bordeaux\u00a0: une r\u00e9alit\u00e9 en chiffres\n                        <\/p>\n<p>                    <\/a><\/p>\n<p>\n                        Quarante-trois degr\u00e9s ce lundi 11\u00a0ao\u00fbt. Quarante degr\u00e9s attendus ce mardi 12\u00a0ao\u00fbt. Depuis la semaine derni\u00e8re, les temp\u00e9ratures ont d\u00e9pass\u00e9 de 2,7 degr\u00e9s la moyenne saisonni\u00e8re. L\u2019\u00e9cart sera donc accentu\u00e9 en ce d\u00e9but de semaine. Le r\u00e9chauffement climatique n\u2019est pas une prospective mais une r\u00e9alit\u00e9 sur le terrain de la m\u00e9tropole bordelaise\n                    <\/p>\n<p>Des populations plus fragiles<\/p>\n<p>Ainsi, une multitude de facteurs peuvent se cumuler et accro\u00eetre la fragilit\u00e9 de certaines populations \u00e0 la chaleur, et ce, m\u00eame si elles habitent dans des zones plus pr\u00e9serv\u00e9es des \u00eelots de chaleur. \u00ab\u00a0Aux mesures de temp\u00e9rature, on croise la sensibilit\u00e9 \u00e0 la chaleur\u00a0: les personnes \u00e2g\u00e9es, les personnes vivant seules, les\u00a0foyers monoparentaux, pauvres, la pr\u00e9carit\u00e9 \u00e9nerg\u00e9tique, les enfants en bas \u00e2ge\u2026 et aussi la capacit\u00e9 \u00e0 faire face des populations\u00a0: proximit\u00e9 des parcs, des services de sant\u00e9, des commerces de proximit\u00e9\u2026\u00a0\u00bb d\u00e9taille Camille Forgeau, responsable \u00e0 Bordeaux M\u00e9tropole du projet \u00ab\u00a0M\u00e9tropole rafra\u00eechissante\u00a0\u00bb, lanc\u00e9 en 2024, qui vise \u00e0 lutter contre les \u00eelots de chaleur, en tenant compte de ces in\u00e9galit\u00e9s pour d\u00e9terminer la fragilit\u00e9 des populations.<\/p>\n<p><strong>&gt;&gt; CARTE INTERACTIVE<\/strong>\u00a0: explorez la sensibilit\u00e9 de votre lieu de vie et du territoire m\u00e9tropolitain \u00e0 l\u2019effet d\u2019\u00eelot de chaleur et la vuln\u00e9rabilit\u00e9 des populations gr\u00e2ce \u00e0 la carte ci-dessous.<\/p>\n<\/p>\n<p>Prenons deux quartiers de Bordeaux\u00a0: Caud\u00e9ran et Bordeaux-Sud, qui comprend les zones de Saint-Michel ou des Capucins. Dans le premier, 3\u00a0% de la population vit dans des zones fortement expos\u00e9es \u00e0 l\u2019effet d\u2019\u00eelot de chaleur urbain, contre 69\u00a0% pour le second. Les habitants de Bordeaux-Sud disposent de moins de ressources que ceux de Caud\u00e9ran pour faire face \u00e0 la chaleur. \u00c0 Caud\u00e9ran, les revenus sont plus \u00e9lev\u00e9s, et les propri\u00e9taires plus nombreux\u00a0: plus d\u2019un m\u00e9nage sur deux \u00e0 Caud\u00e9ran, contre un peu moins d\u2019un m\u00e9nage sur quatre \u00e0 Bordeaux-Sud.<\/p>\n<p>Corollaires de cette pr\u00e9carit\u00e9 \u00e9conomique\u00a0: les logements \u00e0 Bordeaux-Sud sont aussi plus exigus\u00a0et moins bien isol\u00e9s\u00a0qu\u2019\u00e0 Caud\u00e9ran. Leurs habitants disposent d\u2019en moyenne 10\u00a0m\u00e8tres carr\u00e9s de moins par personne dans leur lieu de vie, qui est \u00e0 32\u00a0% une passoire thermique, contre 17\u00a0% \u00e0 Caud\u00e9ran.<\/p>\n<p>Si cette vue d\u2019ensemble souligne les difficult\u00e9s des zones les plus chaudes, elle ne rend pas compte de vuln\u00e9rabilit\u00e9s localis\u00e9es qui peuvent \u00eatre rep\u00e9r\u00e9es dans des zones o\u00f9 les logements sont moins expos\u00e9s aux \u00eelots de chaleur. \u00ab\u00a0\u00c0 Talence, on a une pr\u00e9carit\u00e9 par endroits li\u00e9e \u00e0 la population \u00e9tudiante. Ou bien, dans des zones du Bouscat, on trouve des jardins individuels, parfois m\u00eame des piscines\u2026 mais aussi une population plus \u00e2g\u00e9e et un d\u00e9ficit d\u2019espaces verts. Quand les gens sortent de chez eux, ils souffrent de la chaleur, car l\u2019espace public est fortement min\u00e9ralis\u00e9\u00a0\u00bb, explique Camille Forgeau.<\/p>\n<p>Autre exemple, les habitants des quartiers prioritaires de la ville (QPV) comme Les Aubiers ou le Grand-Parc sont aussi particuli\u00e8rement expos\u00e9s en raison des difficult\u00e9s \u00e9conomiques rencontr\u00e9es par ses habitants, en plus d\u2019un environnement souvent fortement b\u00e9tonn\u00e9. Selon Bordeaux M\u00e9tropole, \u00ab\u00a044\u00a0% des habitants des QPV ont acc\u00e8s \u00e0 un espace vert \u00e0 moins de 300 m\u00e8tres, contre 56\u00a0% dans le reste de la m\u00e9tropole\u00a0\u00bb.<\/p>\n<p>\u00ab\u00a0Prioriser les territoires les plus vuln\u00e9rables\u00a0\u00bb<\/p>\n<p>Face \u00e0 ces in\u00e9galit\u00e9s, le programme \u00ab\u00a0M\u00e9tropole rafra\u00eechissante\u00a0\u00bb doit permettre l\u2019adaptation du territoire aux vagues de chaleur. V\u00e9g\u00e9talisation, installation de voiles d\u2019ombrages, de points d\u2019eau\u2026 sur les 915\u00a0kilom\u00e8tres o\u00f9 un besoin de rafra\u00eechissement a \u00e9t\u00e9 identifi\u00e9, 62\u00a0% passent par les zones les plus fragiles socialement. \u00ab\u00a0On ne peut pas agir partout, il faut donc prioriser les territoires les plus vuln\u00e9rables\u00a0\u00bb, justifie Camille Forgeau.<\/p>\n<p>Si tr\u00e8s peu de nouveaux quartiers doivent sortir de terre, mis \u00e0 part<a href=\"https:\/\/www.sudouest.fr\/societe\/logement\/logement-aux-portes-de-la-metropole-ou-pres-des-gares-les-nouveaux-lieux-strategiques-pour-construire-autour-de-bordeaux-23533041.php\" rel=\"nofollow noopener\" target=\"_blank\"> le projet de densification des portes m\u00e9tropolitaines<\/a>, \u00ab\u00a0les cahiers des charges des nouvelles constructions int\u00e8grent les cartes d\u2019\u00eelots de chaleur\u00a0\u00bb, affirme Camille Forgeau. Une pr\u00e9occupation r\u00e9cente\u00a0: \u00ab\u00a0Ce n\u2019\u00e9tait pas le cas il y a encore cinq ans. C\u2019\u00e9tait pris en compte de fa\u00e7on marginale, pas comme un enjeu majeur.\u00a0\u00bb<\/p>\n<p>\u00ab\u00a0Le nerf de la guerre, ce sont les moyens\u00a0\u00bb<\/p>\n<p>\u00ab\u00a0Agir sur l\u2019am\u00e9nagement urbain et le cadre b\u00e2ti ne suffit pas pour r\u00e9pondre \u00e0 l\u2019urgence climatique des populations, il faut aussi miser sur d\u2019autres approches plus sociales et relationnelles\u00a0\u00bb, pointe Fr\u00e9d\u00e9ric Fresnard. Face \u00e0 des personnes \u00e2g\u00e9es isol\u00e9es, des familles pr\u00e9caires, parfois distantes des services publics, \u00ab\u00a0il faut aussi miser sur les travailleurs sociaux, les relais de proximit\u00e9, de m\u00e9diation sociale pour pr\u00e9venir les risques sanitaires li\u00e9s \u00e0 la chaleur\u00a0\u00bb. Pour lutter contre les fortes temp\u00e9ratures, les commerces de proximit\u00e9 et b\u00e2timents publics climatis\u00e9s jouent un r\u00f4le cl\u00e9\u00a0: \u00ab\u00a0Par exemple, la boulangerie est un lieu de refuge, qui permet de rompre l\u2019isolement notamment des personnes \u00e2g\u00e9es.\u00a0\u00bb<\/p>\n<blockquote><p>\u00ab\u00a0Agir sur l\u2019am\u00e9nagement urbain ne suffit pas, il faut aussi miser sur d\u2019autres approches plus sociales et relationnelles\u00a0\u00bb<\/p><\/blockquote>\n<p>Mais pour r\u00e9aliser ces nombreuses actions, dans un contexte d\u2019aust\u00e9rit\u00e9 budg\u00e9taire, \u00ab\u00a0le nerf de la guerre, ce sont les moyens\u00a0\u00bb, conc\u00e8de Fr\u00e9d\u00e9ric Fresnard. D\u00e9min\u00e9raliser, v\u00e9g\u00e9taliser des quartiers entiers, r\u00e9nover des b\u00e2timents\u2026 repr\u00e9sente un poste de budget tr\u00e8s important. \u00ab\u00a0Rien que sur la v\u00e9g\u00e9talisation, on a encore un petit peu d\u2019argent pour investir, mais on n\u2019en a presque plus pour s\u2019occuper de ces espaces. Il n\u2019y a pas assez de jardiniers, de gens qui s\u2019occupent des espaces verts\u00a0\u00bb, regrette Camille Forgeau. Adapter la ville pour la pr\u00e9parer \u00e0 affronter des temp\u00e9ratures toujours plus \u00e9lev\u00e9es n\u00e9cessite de \u00ab\u00a0changer de paradigme\u00a0\u00bb et de repenser de nombreuses politiques publiques. \u00ab\u00a0C\u2019est un peu vertigineux\u00a0\u00bb, admet Camille Forgeau.<\/p>\n<p>    M\u00e9thodologie<br \/>\nPour cartographier les \u00eelots de chaleur de Bordeaux M\u00e9tropole, \u00ab\u00a0Sud Ouest\u00a0\u00bb s\u2019est appuy\u00e9 sur les zones climatiques locales (LCZ) d\u00e9finies par le Cerema. Ces donn\u00e9es \u00e9valuent la sensibilit\u00e9 de l\u2019am\u00e9nagement urbain \u00e0 la formation des \u00eelots de chaleur\u00a0: plus le b\u00e2ti est dense, plus cette sensibilit\u00e9 est forte. Ces donn\u00e9es ont ensuite \u00e9t\u00e9 crois\u00e9es avec les indicateurs socio-d\u00e9mographiques fournis par l\u2019Insee dans le fichier Filosofi, datant de 2019. Sur des carr\u00e9s de 200 m\u00e8tres de c\u00f4t\u00e9, cette base de donn\u00e9es renseigne le niveau de vie de ses habitants, la r\u00e9partition par tranches d\u2019\u00e2ge, le nombre de m\u00e9nages propri\u00e9taires\u2026 Comme ces carreaux ne correspondent pas au d\u00e9coupage g\u00e9ographique des LCZ \u00e9tablies par le Cerema, des approximations ont \u00e9t\u00e9 n\u00e9cessaires.\u00a0Un indice d\u2019\u00eelot de chaleur a \u00e9t\u00e9 calcul\u00e9 en pond\u00e9rant la surface de chaque carreau recoup\u00e9e par une zone LCZ. D\u2019autres approches, via l\u2019analyse directe de mesures de temp\u00e9rature, peuvent compl\u00e9ter les donn\u00e9es du Cerema sur l\u2019identification des \u00eelots de chaleur.<\/p>\n","protected":false},"excerpt":{"rendered":"Record absolu de temp\u00e9rature battu \u00e0 Bordeaux, canicule prolong\u00e9e\u2026 la surchauffe engendr\u00e9e par l\u2019am\u00e9nagement urbain se r\u00e9v\u00e8le face&hellip;\n","protected":false},"author":2,"featured_media":309838,"comment_status":"","ping_status":"","sticky":false,"template":"","format":"standard","meta":{"footnotes":""},"categories":[2817],"tags":[1111,11,1997,1777,674,1011,27,12,2219,25],"class_list":{"0":"post-319041","1":"post","2":"type-post","3":"status-publish","4":"format-standard","5":"has-post-thumbnail","7":"category-bordeaux","8":"tag-actu","9":"tag-actualites","10":"tag-bordeaux","11":"tag-eu","12":"tag-europe","13":"tag-fr","14":"tag-france","15":"tag-news","16":"tag-nouvelle-aquitaine","17":"tag-republique-francaise"},"share_on_mastodon":{"url":"https:\/\/pubeurope.com\/@fr\/115028208155042208","error":""},"_links":{"self":[{"href":"https:\/\/www.europesays.com\/fr\/wp-json\/wp\/v2\/posts\/319041","targetHints":{"allow":["GET"]}}],"collection":[{"href":"https:\/\/www.europesays.com\/fr\/wp-json\/wp\/v2\/posts"}],"about":[{"href":"https:\/\/www.europesays.com\/fr\/wp-json\/wp\/v2\/types\/post"}],"author":[{"embeddable":true,"href":"https:\/\/www.europesays.com\/fr\/wp-json\/wp\/v2\/users\/2"}],"replies":[{"embeddable":true,"href":"https:\/\/www.europesays.com\/fr\/wp-json\/wp\/v2\/comments?post=319041"}],"version-history":[{"count":0,"href":"https:\/\/www.europesays.com\/fr\/wp-json\/wp\/v2\/posts\/319041\/revisions"}],"wp:featuredmedia":[{"embeddable":true,"href":"https:\/\/www.europesays.com\/fr\/wp-json\/wp\/v2\/media\/309838"}],"wp:attachment":[{"href":"https:\/\/www.europesays.com\/fr\/wp-json\/wp\/v2\/media?parent=319041"}],"wp:term":[{"taxonomy":"category","embeddable":true,"href":"https:\/\/www.europesays.com\/fr\/wp-json\/wp\/v2\/categories?post=319041"},{"taxonomy":"post_tag","embeddable":true,"href":"https:\/\/www.europesays.com\/fr\/wp-json\/wp\/v2\/tags?post=319041"}],"curies":[{"name":"wp","href":"https:\/\/api.w.org\/{rel}","templated":true}]}}