{"id":319042,"date":"2025-08-14T17:05:21","date_gmt":"2025-08-14T17:05:21","guid":{"rendered":"https:\/\/www.europesays.com\/fr\/319042\/"},"modified":"2025-08-14T17:05:21","modified_gmt":"2025-08-14T17:05:21","slug":"13-tonne-de-cocaine-saisie-dans-un-camion-pres-de-bordeaux-pour-une-valeur-estimee-entre-30-et-40-millions-deuros","status":"publish","type":"post","link":"https:\/\/www.europesays.com\/fr\/319042\/","title":{"rendered":"1,3 tonne de coca\u00efne saisie dans un camion pr\u00e8s de Bordeaux, pour une valeur estim\u00e9e entre 30 et 40 millions d\u2019euros"},"content":{"rendered":"<p>Dimanche dernier, les enqu\u00eateurs de la section de recherches de Bordeaux ont intercept\u00e9 1,345 tonne de coca\u00efne dissimul\u00e9e dans le chargement d\u2019un poids lourd.<\/p>\n<p class=\"fig-paragraph\">Le 10 ao\u00fbt dernier, un poids lourd venant d\u2019Espagne a \u00e9t\u00e9 intercept\u00e9 sur l\u2019A63, \u00e0 hauteur de Cestas (<a href=\"https:\/\/www.lefigaro.fr\/bordeaux\/baines-niveau-d-alerte-maximal-sur-les-plages-girondines-ces-deux-prochains-jours-20250811?msockid=258c4318a154643d05395665a0ed65f9\" target=\"_blank\" data-fig-type=\"NewsFlash\" rel=\"sponsored noopener\" data-gtm-custom-categorie=\"navigation\" data-gtm-custom-action=\"crossclick\" data-gtm-custom-label=\"Contextuel\" data-gtm-event=\"customEventSPE\" data-fig-domain=\"LEFIGARO\">Gironde<\/a>), pr\u00e8s de Bordeaux. \u00c0 l\u2019int\u00e9rieur, les enqu\u00eateurs ont d\u00e9couvert une cargaison exceptionnelle\u00a0: 1,345 tonne de\u00a0<a href=\"https:\/\/video.lefigaro.fr\/figaro\/video\/laurent-vallet-le-patron-de-lina-interpelle-a-paris-pour-achat-de-cocaine\/\" target=\"_blank\" data-fig-type=\"Video\" rel=\"sponsored noopener\" data-gtm-custom-categorie=\"navigation\" data-gtm-custom-action=\"crossclick\" data-gtm-custom-label=\"Contextuel\" data-gtm-event=\"customEventSPE\" data-fig-domain=\"VIDEO\">coca\u00efne<\/a>, r\u00e9partie dans une dizaine de sacs dissimul\u00e9s dans des caisses en bois.<\/p>\n<p class=\"fig-paragraph\">L\u2019affaire commence d\u00e9but juillet. La Section de recherches de Bordeaux re\u00e7oit une information confidentielle\u00a0: un poids lourd serait utilis\u00e9 pour acheminer de la drogue entre l\u2019Espagne et la France. Le parquet de Bordeaux ouvre aussit\u00f4t une enqu\u00eate pr\u00e9liminaire. Les investigations permettent rapidement de rep\u00e9rer deux trajets suspects du camion vis\u00e9, reliant l\u2019Espagne au nord de l\u2019Europe, confirmant ainsi la fiabilit\u00e9 du renseignement de d\u00e9part.<\/p>\n<p>                                    <a class=\"fig-a11y-skip a11y-hidden\" href=\"#fig-a11y-skip-main-inarticle\"><br \/>\n        Passer la publicit\u00e9<br \/>\n    <\/a><\/p>\n<p class=\"fig-paragraph\">La valeur marchande de la\u00a0<a href=\"https:\/\/www.lefigaro.fr\/nantes\/des-go-fast-nocturnes-operes-par-deux-freres-a-nantes-un-important-reseau-de-trafic-de-drogue-demantele-20250814?msockid=258c4318a154643d05395665a0ed65f9\" target=\"_blank\" data-fig-type=\"NewsFlash\" rel=\"sponsored noopener\" data-gtm-custom-categorie=\"navigation\" data-gtm-custom-action=\"crossclick\" data-gtm-custom-label=\"Contextuel\" data-gtm-event=\"customEventSPE\" data-fig-domain=\"LEFIGARO\">drogue<\/a>\u00a0est estim\u00e9e entre 30 et 40 millions d\u2019euros pour une revente en semi-gros, a indiqu\u00e9 la colonelle Christelle Tarrolle, chef de l\u2019Unit\u00e9 nationale d\u2019investigation (UNI) de la gendarmerie.<\/p>\n<p>Le chauffeur en d\u00e9tention provisoire<\/p>\n<p class=\"fig-paragraph\">Le chauffeur du camion est un espagnol de 36 ans, inconnu des services fran\u00e7ais. Il a \u00e9t\u00e9 mis en examen pour importation, d\u00e9tention, transport et cession de stup\u00e9fiants en bande organis\u00e9e, ainsi que pour participation \u00e0 une association de malfaiteurs. Le parquet a requis son placement en d\u00e9tention provisoire. Il encourt 10 ans d\u2019emprisonnement.<\/p>\n<p class=\"fig-paragraph\">Selon le parquet de Bordeaux, l\u2019enqu\u00eate se poursuit pour identifier les complices de ce trafic. Cette saisie, l\u2019une des plus importantes r\u00e9alis\u00e9es en Gironde, illustre \u00able d\u00e9veloppement pr\u00e9occupant d\u2019une voie d\u2019importation de coca\u00efne en Europe depuis le sud de l\u2019Espagne et du Portugal\u00bb, selon le procureur Renaud Gaudeul.<\/p>\n","protected":false},"excerpt":{"rendered":"Dimanche dernier, les enqu\u00eateurs de la section de recherches de Bordeaux ont intercept\u00e9 1,345 tonne de coca\u00efne dissimul\u00e9e&hellip;\n","protected":false},"author":2,"featured_media":319043,"comment_status":"","ping_status":"","sticky":false,"template":"","format":"standard","meta":{"footnotes":""},"categories":[2817],"tags":[1111,11,1997,3993,1052,1777,674,1011,27,12,2219,25],"class_list":{"0":"post-319042","1":"post","2":"type-post","3":"status-publish","4":"format-standard","5":"has-post-thumbnail","7":"category-bordeaux","8":"tag-actu","9":"tag-actualites","10":"tag-bordeaux","11":"tag-cocaine","12":"tag-drogue","13":"tag-eu","14":"tag-europe","15":"tag-fr","16":"tag-france","17":"tag-news","18":"tag-nouvelle-aquitaine","19":"tag-republique-francaise"},"share_on_mastodon":{"url":"https:\/\/pubeurope.com\/@fr\/115028212053117451","error":""},"_links":{"self":[{"href":"https:\/\/www.europesays.com\/fr\/wp-json\/wp\/v2\/posts\/319042","targetHints":{"allow":["GET"]}}],"collection":[{"href":"https:\/\/www.europesays.com\/fr\/wp-json\/wp\/v2\/posts"}],"about":[{"href":"https:\/\/www.europesays.com\/fr\/wp-json\/wp\/v2\/types\/post"}],"author":[{"embeddable":true,"href":"https:\/\/www.europesays.com\/fr\/wp-json\/wp\/v2\/users\/2"}],"replies":[{"embeddable":true,"href":"https:\/\/www.europesays.com\/fr\/wp-json\/wp\/v2\/comments?post=319042"}],"version-history":[{"count":0,"href":"https:\/\/www.europesays.com\/fr\/wp-json\/wp\/v2\/posts\/319042\/revisions"}],"wp:featuredmedia":[{"embeddable":true,"href":"https:\/\/www.europesays.com\/fr\/wp-json\/wp\/v2\/media\/319043"}],"wp:attachment":[{"href":"https:\/\/www.europesays.com\/fr\/wp-json\/wp\/v2\/media?parent=319042"}],"wp:term":[{"taxonomy":"category","embeddable":true,"href":"https:\/\/www.europesays.com\/fr\/wp-json\/wp\/v2\/categories?post=319042"},{"taxonomy":"post_tag","embeddable":true,"href":"https:\/\/www.europesays.com\/fr\/wp-json\/wp\/v2\/tags?post=319042"}],"curies":[{"name":"wp","href":"https:\/\/api.w.org\/{rel}","templated":true}]}}