{"id":319051,"date":"2025-08-14T17:10:09","date_gmt":"2025-08-14T17:10:09","guid":{"rendered":"https:\/\/www.europesays.com\/fr\/319051\/"},"modified":"2025-08-14T17:10:09","modified_gmt":"2025-08-14T17:10:09","slug":"jusqua-quand-va-t-on-encore-suffoquer","status":"publish","type":"post","link":"https:\/\/www.europesays.com\/fr\/319051\/","title":{"rendered":"jusqu&rsquo;\u00e0 quand va-t-on encore suffoquer\u00a0?"},"content":{"rendered":"<p>            Par<br \/>\n        <strong><br \/>\n            <a href=\"https:\/\/actu.fr\/auteur\/fabien-binacchi\" title=\"Consulter tous les articles de Fabien Binacchi\" target=\"_blank\" rel=\"noopener\">Fabien Binacchi<\/a><br \/>\n        <\/strong><\/p>\n<p>        Publi\u00e9 le<\/p>\n<p>            14 ao\u00fbt 2025 \u00e0 17h54        <\/p>\n<p>Si vous esp\u00e9riez que les orages pr\u00e9vus ce jeudi 14\u00a0ao\u00fbt 2025 allaient rafra\u00eechir l\u2019atmosph\u00e8re des <a href=\"https:\/\/actu.fr\/provence-alpes-cote-d-azur\/bouches-du-rhone_13\" target=\"_blank\" rel=\"noopener\">Bouches-du-Rh\u00f4ne<\/a>, autant le dire tout de suite, vous allez \u00eatre d\u00e9\u00e7us. Le nouvel <a href=\"https:\/\/actu.fr\/provence-alpes-cote-d-azur\/marseille_13055\/canicule-l-alerte-declenchee-a-marseille-et-dans-les-bouches-du-rhone-voici-ou-il-va-faire-le-plus-chaud_63017053.html\" target=\"_blank\" rel=\"noopener\">\u00e9pisode de canicule<\/a> qui s\u00e9vit depuis quelques jours se poursuit. Ce week-end du 15\u00a0ao\u00fbt, sur trois jours, promet encore <strong>une v\u00e9ritable fournaise.<\/strong><\/p>\n<p class=\" wall-content\">Mais alors jusqu\u2019\u00e0 quand \u00e7a va durer\u2009? Et \u00e0 quel moment esp\u00e9rer le retour d\u2019une relative fra\u00eecheur\u2009? Voici des \u00e9l\u00e9ments de r\u00e9ponse.<\/p>\n<p>Encore jusqu\u2019\u00e0 40\u00b0C par endroits<\/p>\n<p class=\" wall-content\">Le m\u00e9t\u00e9orologiste Paul Marquis est formel\u2009: la canicule va perdurer encore plusieurs jours. \u00ab\u2009Il va continuer \u00e0 faire tr\u00e8s chaud avec <strong>34\u00b0C\/39\u00b0C<\/strong>, des littoraux vers l\u2019int\u00e9rieur, chaque apr\u00e8s-midi. Il fera m\u00eame <strong>jusqu\u2019\u00e0 40\u00b0C<\/strong> par endroits vendredi et samedi loin de la C\u00f4te\u2009\u00bb, pr\u00e9cise le fondateur de <a href=\"https:\/\/lameteodu13.com\/\" target=\"_blank\" rel=\"noopener\">La M\u00e9t\u00e9o du 13.<\/a><\/p>\n<p class=\" wall-content\">Des chaleurs similaires \u00e0 celles enregistr\u00e9es ce jeudi 14\u00a0ao\u00fbt, il a encore fait 37,6\u00b0C \u00e0 Aix-en-Provence ou 37,4\u00b0C \u00e0 Saint-Chamas, notamment, selon <a href=\"https:\/\/actu.fr\/tag\/meteo-france\" target=\"_blank\" rel=\"noopener\">M\u00e9t\u00e9o-France<\/a>.<\/p>\n<p>Et des nuits tropicales<\/p>\n<p class=\" wall-content\">Le thermom\u00e8tre continue d\u2019afficher <strong>des records en journ\u00e9e,<\/strong> dans le Nord du d\u00e9partement, mais aussi en pleine obscurit\u00e9, pour les villes bord\u00e9es par la M\u00e9diterran\u00e9e.<\/p>\n<p class=\" wall-content\">Et particuli\u00e8rement \u00e0 <a href=\"https:\/\/actu.fr\/marseille\/\" target=\"_blank\" rel=\"noopener\">Marseille<\/a>, o\u00f9 les \u00ab\u2009nuits tropicales\u2009\u00bb font toujours transpirer, avec jusqu\u2019\u00e0 <strong>27\u00b0C<\/strong> attendus ce week-end, selon les pr\u00e9visions de M\u00e9t\u00e9o-France. L\u2019organisme renouvelle d\u2019ailleurs une nouvelle fois la vigilance orange \u00ab\u2009canicule\u2009\u00bb sur les Bouches-du-Rh\u00f4ne pour la journ\u00e9e de vendredi. Et s\u00fbrement aussi, pour celle de samedi.<\/p>\n<p>Les temp\u00e9ratures baissent \u00e0 partir de lundi<\/p>\n<p class=\" wall-content\">Dans son tout dernier bulletin, le service officiel de la m\u00e9t\u00e9orologie et de la climatologie en France pr\u00e9cise que \u00ab\u2009l\u2019\u00e9pisode caniculaire se poursuit au moins jusqu\u2019\u00e0 samedi\u2009\u00bb. Les m\u00e9t\u00e9orologues s\u2019accordent pour dire que <strong>ce sera encore un peu plus long.<\/strong><\/p>\n<blockquote class=\"ac-article-quote wall-content\">\n<p>La fin de l\u2019\u00e9pisode est possible \u00e0 partir du 19\/20 ao\u00fbt.<\/p>\n<p>    <strong>Paul Marquis<\/strong>\n            <\/p><\/blockquote>\n<p class=\" wall-content\">\u00c0 partir du lundi 18\u00a0ao\u00fbt, les temp\u00e9ratures devraient enfin commencer \u00e0 baisser. Il (ne) fera (que) <strong>33\u00b0C<\/strong>, au maximum, \u00e0 l\u2019int\u00e9rieur des terres, lundi, et <strong>30\u00b0C<\/strong> mardi. Ouf\u2009!<\/p>\n<p class=\" wall-content\">Suivez toute l\u2019actualit\u00e9 de vos villes et m\u00e9dias favoris en vous inscrivant \u00e0 <a href=\"https:\/\/moncompte.actu.fr\" title=\"D\u00e9couvez Mon Actu\" rel=\"nofollow noopener\" data-trk=\"{&quot;cta&quot;:{&quot;action&quot;:&quot;https:\\\/\\\/moncompte.actu.fr&quot;,&quot;category&quot;:&quot;mon compte&quot;,&quot;from&quot;:&quot;article footer&quot;,&quot;name&quot;:&quot;Mon actu&quot;,&quot;type&quot;:&quot;cta&quot;}}\" target=\"_blank\">Mon Actu<\/a>.<\/p>\n","protected":false},"excerpt":{"rendered":"Par Fabien Binacchi Publi\u00e9 le 14 ao\u00fbt 2025 \u00e0 17h54 Si vous esp\u00e9riez que les orages pr\u00e9vus ce&hellip;\n","protected":false},"author":2,"featured_media":288165,"comment_status":"","ping_status":"","sticky":false,"template":"","format":"standard","meta":{"footnotes":""},"categories":[2814],"tags":[1111,11,6698,1777,674,1011,27,884,2357,12,882,25,104],"class_list":{"0":"post-319051","1":"post","2":"type-post","3":"status-publish","4":"format-standard","5":"has-post-thumbnail","7":"category-marseille","8":"tag-actu","9":"tag-actualites","10":"tag-canicule","11":"tag-eu","12":"tag-europe","13":"tag-fr","14":"tag-france","15":"tag-marseille","16":"tag-meteo-france","17":"tag-news","18":"tag-provence-alpes-cote-dazur","19":"tag-republique-francaise","20":"tag-societe"},"share_on_mastodon":{"url":"https:\/\/pubeurope.com\/@fr\/115028231905842909","error":""},"_links":{"self":[{"href":"https:\/\/www.europesays.com\/fr\/wp-json\/wp\/v2\/posts\/319051","targetHints":{"allow":["GET"]}}],"collection":[{"href":"https:\/\/www.europesays.com\/fr\/wp-json\/wp\/v2\/posts"}],"about":[{"href":"https:\/\/www.europesays.com\/fr\/wp-json\/wp\/v2\/types\/post"}],"author":[{"embeddable":true,"href":"https:\/\/www.europesays.com\/fr\/wp-json\/wp\/v2\/users\/2"}],"replies":[{"embeddable":true,"href":"https:\/\/www.europesays.com\/fr\/wp-json\/wp\/v2\/comments?post=319051"}],"version-history":[{"count":0,"href":"https:\/\/www.europesays.com\/fr\/wp-json\/wp\/v2\/posts\/319051\/revisions"}],"wp:featuredmedia":[{"embeddable":true,"href":"https:\/\/www.europesays.com\/fr\/wp-json\/wp\/v2\/media\/288165"}],"wp:attachment":[{"href":"https:\/\/www.europesays.com\/fr\/wp-json\/wp\/v2\/media?parent=319051"}],"wp:term":[{"taxonomy":"category","embeddable":true,"href":"https:\/\/www.europesays.com\/fr\/wp-json\/wp\/v2\/categories?post=319051"},{"taxonomy":"post_tag","embeddable":true,"href":"https:\/\/www.europesays.com\/fr\/wp-json\/wp\/v2\/tags?post=319051"}],"curies":[{"name":"wp","href":"https:\/\/api.w.org\/{rel}","templated":true}]}}