{"id":319056,"date":"2025-08-14T17:15:13","date_gmt":"2025-08-14T17:15:13","guid":{"rendered":"https:\/\/www.europesays.com\/fr\/319056\/"},"modified":"2025-08-14T17:15:13","modified_gmt":"2025-08-14T17:15:13","slug":"le-psg-continue-decrire-lhistoire-ligue-de-paris-ile-de-france","status":"publish","type":"post","link":"https:\/\/www.europesays.com\/fr\/319056\/","title":{"rendered":"LE PSG CONTINUE D\u2019\u00c9CRIRE L\u2019HISTOIRE ! \u2013 LIGUE DE PARIS ILE-DE-FRANCE"},"content":{"rendered":"<p>                    <img width=\"611\" height=\"378\" src=\"https:\/\/www.europesays.com\/fr\/wp-content\/uploads\/2025\/08\/GyQ0_pcWQAIPpTv-611x378.jpg\" class=\"vignette-large wp-post-image\" alt=\"\" decoding=\"async\" fetchpriority=\"high\"  \/>                    <\/p>\n<p>\n                        LE PSG CONTINUE D\u2019\u00c9CRIRE L\u2019HISTOIRE !\n                    <\/p>\n<p style=\"text-align: justify;\">Un troph\u00e9e historique pour le Paris Saint-Germain.<\/p>\n<p style=\"text-align: justify;\">La Ligue de Paris \u00cele-de-France f\u00e9licite le <strong>Paris Saint-Germain<\/strong>, premier club fran\u00e7ais vainqueur de la Supercoupe d\u2019Europe\u00a0! A Udine (Italie), l\u2019\u00e9quipe de Luis Enrique s\u2019est impos\u00e9e face aux Anglais de Tottenham aux tirs au but apr\u00e8s avoir arrach\u00e9 l\u2019\u00e9galisation dans les arr\u00eats de jeu du temps r\u00e9glementaire (2-2, 4-3 aux tirs au but). Le cinqui\u00e8me titre d\u2019une saison exceptionnelle pour les Parisiens.<\/p>\n<p style=\"text-align: justify;\">Bravo \u00e0 nos Franciliens pr\u00e9sents dans le groupe parisien pour cette finale\u00a0!<\/p>\n<p style=\"text-align: justify;\"><strong>Warren Za\u00efre-Emery<\/strong> (milieu, 19 ans, form\u00e9 au <strong>FCM Aubervilliers \u2013<\/strong>&gt; <a href=\"https:\/\/paris-idf.fff.fr\/simple\/jai-entraine-zaire-emery\/\" rel=\"nofollow noopener\" target=\"_blank\">\u00ab\u00a0J\u2019ai entra\u00een\u00e9\u00a0\u00bb<\/a>) \u00e9tait titulaire et est sorti \u00e0 la 68\u00e8me minute.<\/p>\n<p style=\"text-align: justify;\"><strong>Ibrahim Mbaye<\/strong> (attaquant, 17 ans, form\u00e9 \u00e0 l\u2019<strong>ES Guyancourt<\/strong> et au <strong>FC Versailles<\/strong>) a fait son apparition sur la pelouse \u00e0 la 67\u00e8me minute et son entr\u00e9e a \u00e9t\u00e9 salu\u00e9e par ses co\u00e9quipiers et les observateurs.<\/p>\n<p style=\"text-align: justify;\"><strong>Noham Kamara<\/strong> (d\u00e9fenseur, 18 ans, form\u00e9 au <strong>CS Meaux<\/strong> et \u00e0 l\u2019<strong>US Torcy<\/strong>) est rest\u00e9 sur le banc.<\/p>\n<p style=\"text-align: justify;\">A noter que l\u2019excellence de la formation francilienne pouvait aussi se v\u00e9rifier dans les rangs de Tottenham, avec l\u2019attaquant <strong>Mathys Tel<\/strong> (form\u00e9 au <strong>FC Villiers-le-Bel<\/strong>, au <strong>Paris FC<\/strong>, \u00e0 l\u2019<strong>ASJ Aubervilliers<\/strong> et au <strong>FC Montrouge 92<\/strong>) entr\u00e9 en jeu \u00e0 la 72\u00e8me minute.\u00a0<\/p>\n<p>Par<br \/>\n                     Florent<br \/>\n                     PIASECKI\n                <\/p>\n","protected":false},"excerpt":{"rendered":"LE PSG CONTINUE D\u2019\u00c9CRIRE L\u2019HISTOIRE ! Un troph\u00e9e historique pour le Paris Saint-Germain. La Ligue de Paris \u00cele-de-France&hellip;\n","protected":false},"author":2,"featured_media":319057,"comment_status":"","ping_status":"","sticky":false,"template":"","format":"standard","meta":{"footnotes":""},"categories":[1592],"tags":[1111,11,1777,674,1011,27,662,12,626,25],"class_list":{"0":"post-319056","1":"post","2":"type-post","3":"status-publish","4":"format-standard","5":"has-post-thumbnail","7":"category-ile-de-france","8":"tag-actu","9":"tag-actualites","10":"tag-eu","11":"tag-europe","12":"tag-fr","13":"tag-france","14":"tag-ile-de-france","15":"tag-news","16":"tag-paris","17":"tag-republique-francaise"},"share_on_mastodon":{"url":"https:\/\/pubeurope.com\/@fr\/115028251419103260","error":""},"_links":{"self":[{"href":"https:\/\/www.europesays.com\/fr\/wp-json\/wp\/v2\/posts\/319056","targetHints":{"allow":["GET"]}}],"collection":[{"href":"https:\/\/www.europesays.com\/fr\/wp-json\/wp\/v2\/posts"}],"about":[{"href":"https:\/\/www.europesays.com\/fr\/wp-json\/wp\/v2\/types\/post"}],"author":[{"embeddable":true,"href":"https:\/\/www.europesays.com\/fr\/wp-json\/wp\/v2\/users\/2"}],"replies":[{"embeddable":true,"href":"https:\/\/www.europesays.com\/fr\/wp-json\/wp\/v2\/comments?post=319056"}],"version-history":[{"count":0,"href":"https:\/\/www.europesays.com\/fr\/wp-json\/wp\/v2\/posts\/319056\/revisions"}],"wp:featuredmedia":[{"embeddable":true,"href":"https:\/\/www.europesays.com\/fr\/wp-json\/wp\/v2\/media\/319057"}],"wp:attachment":[{"href":"https:\/\/www.europesays.com\/fr\/wp-json\/wp\/v2\/media?parent=319056"}],"wp:term":[{"taxonomy":"category","embeddable":true,"href":"https:\/\/www.europesays.com\/fr\/wp-json\/wp\/v2\/categories?post=319056"},{"taxonomy":"post_tag","embeddable":true,"href":"https:\/\/www.europesays.com\/fr\/wp-json\/wp\/v2\/tags?post=319056"}],"curies":[{"name":"wp","href":"https:\/\/api.w.org\/{rel}","templated":true}]}}