{"id":319058,"date":"2025-08-14T17:16:10","date_gmt":"2025-08-14T17:16:10","guid":{"rendered":"https:\/\/www.europesays.com\/fr\/319058\/"},"modified":"2025-08-14T17:16:10","modified_gmt":"2025-08-14T17:16:10","slug":"a-la-ratp-les-chauffeurs-de-bus-et-de-metro-equipes-dune-veste-anticanicule","status":"publish","type":"post","link":"https:\/\/www.europesays.com\/fr\/319058\/","title":{"rendered":"\u00e0 la RATP, les chauffeurs de bus et de m\u00e9tro \u00e9quip\u00e9s d&rsquo;une veste anticanicule"},"content":{"rendered":"<p>            Par<br \/>\n        <strong><br \/>\n            <a href=\"https:\/\/actu.fr\/auteur\/ines-cussac-actu-fr\" title=\"Consulter tous les articles de In\u00e8s Cussac\" target=\"_blank\" rel=\"noopener\">In\u00e8s Cussac<\/a><br \/>\n        <\/strong><\/p>\n<p>        Publi\u00e9 le<\/p>\n<p>            14 ao\u00fbt 2025 \u00e0 18h16        <\/p>\n<p>\u00c0 chacun ses astuces pour faire face aux fortes chaleurs. <a href=\"https:\/\/actu.fr\/ile-de-france\/paris_75056\/meteo-apres-une-accalmie-de-la-canicule-les-temperatures-vont-remonter-en-fleche-a-paris-et-ile-de-france_63035989.html\" target=\"_blank\" rel=\"noopener\">Alors que la canicule bat son plein \u00e0 Paris<\/a> depuis plusieurs jours, les conditions de travail sont compliqu\u00e9es pour les salari\u00e9s. Les conducteurs de la <a href=\"https:\/\/actu.fr\/tag\/ratp\" target=\"_blank\" rel=\"noopener\">RATP<\/a> ne sont pas \u00e9pargn\u00e9s. Dans leurs cabines de conduite des lignes de m\u00e9tro souterraines, o\u00f9 la climatisation n\u2019est pas toujours install\u00e9e, <strong>la temp\u00e9rature peut vite monter.<\/strong> La r\u00e9gie a donc innov\u00e9 en proposant \u00e0 ses machinistes une veste rafra\u00eechissante \u00e0 mettre sur les \u00e9paules. \u00ab\u2009Sans batterie, sans ventilateur\u2026 Seulement un textile intelligent qui utilise l\u2019eau pour cr\u00e9er un effet de fra\u00eecheur par \u00e9vaporation\u2009\u00bb, indique la RATP.<\/p>\n<p>Du frais pendant 5 \u00e0 10 heures<\/p>\n<p class=\" wall-content\">Les entreprises du BTP ou encore dans l\u2019industrie connaissent bien cette technologie qui permet \u00ab\u2009une r\u00e9duction de la chaleur de<strong> -5\u00b0 \u00e0 -8\u00b0<\/strong>\u00bb. se base sur l\u2019\u00e9vaporation pour rafra\u00eechir la personne\u2009: le tissu rafra\u00eechissant absorbe, stocke et restitue l\u2019eau par \u00e9vaporation pour cr\u00e9er l\u2019effet de fra\u00eecheur. En fonction de l\u2019humidit\u00e9 et du mouvement d\u2019air, la r\u00e9duction de la chaleur peut durer entre 5 et 10\u00a0heures.<\/p>\n<p class=\" wall-content\">Ces vestes rafra\u00eechissantes, \u00ab\u2009solution simple et low-tech\u2009\u00bb de l\u2019entreprise Hyperkewl, avaient d\u00e9j\u00e0 \u00e9t\u00e9 mises \u00e0 disposition des conducteurs de m\u00e9tro volontaires en \u00e9t\u00e9 2024. Les conducteurs de la <strong>ligne 11, puis 3, 6, 7 et 13<\/strong> avaient pu tester ces \u00e9quipements avant la reconduction de l\u2019exp\u00e9rimentation cet \u00e9t\u00e9 2025 puis une g\u00e9n\u00e9ralisation en 2026.<\/p>\n<p class=\" wall-content\">Suivez toute l\u2019actualit\u00e9 de vos villes et m\u00e9dias favoris en vous inscrivant \u00e0 <a href=\"https:\/\/moncompte.actu.fr\" title=\"D\u00e9couvez Mon Actu\" rel=\"nofollow noopener\" data-trk=\"{&quot;cta&quot;:{&quot;action&quot;:&quot;https:\\\/\\\/moncompte.actu.fr&quot;,&quot;category&quot;:&quot;mon compte&quot;,&quot;from&quot;:&quot;article footer&quot;,&quot;name&quot;:&quot;Mon actu&quot;,&quot;type&quot;:&quot;cta&quot;}}\" target=\"_blank\">Mon Actu<\/a>.<\/p>\n","protected":false},"excerpt":{"rendered":"Par In\u00e8s Cussac Publi\u00e9 le 14 ao\u00fbt 2025 \u00e0 18h16 \u00c0 chacun ses astuces pour faire face aux&hellip;\n","protected":false},"author":2,"featured_media":319059,"comment_status":"","ping_status":"","sticky":false,"template":"","format":"standard","meta":{"footnotes":""},"categories":[1888],"tags":[1111,1928,11,1927,6698,1777,674,1011,27,12,1926,626,1925,625,25,104],"class_list":{"0":"post-319058","1":"post","2":"type-post","3":"status-publish","4":"format-standard","5":"has-post-thumbnail","7":"category-paris","8":"tag-actu","9":"tag-actu-paris","10":"tag-actualites","11":"tag-actualites-paris","12":"tag-canicule","13":"tag-eu","14":"tag-europe","15":"tag-fr","16":"tag-france","17":"tag-news","18":"tag-news-paris","19":"tag-paris","20":"tag-paris-news","21":"tag-ratp","22":"tag-republique-francaise","23":"tag-societe"},"share_on_mastodon":{"url":"https:\/\/pubeurope.com\/@fr\/115028255331813105","error":""},"_links":{"self":[{"href":"https:\/\/www.europesays.com\/fr\/wp-json\/wp\/v2\/posts\/319058","targetHints":{"allow":["GET"]}}],"collection":[{"href":"https:\/\/www.europesays.com\/fr\/wp-json\/wp\/v2\/posts"}],"about":[{"href":"https:\/\/www.europesays.com\/fr\/wp-json\/wp\/v2\/types\/post"}],"author":[{"embeddable":true,"href":"https:\/\/www.europesays.com\/fr\/wp-json\/wp\/v2\/users\/2"}],"replies":[{"embeddable":true,"href":"https:\/\/www.europesays.com\/fr\/wp-json\/wp\/v2\/comments?post=319058"}],"version-history":[{"count":0,"href":"https:\/\/www.europesays.com\/fr\/wp-json\/wp\/v2\/posts\/319058\/revisions"}],"wp:featuredmedia":[{"embeddable":true,"href":"https:\/\/www.europesays.com\/fr\/wp-json\/wp\/v2\/media\/319059"}],"wp:attachment":[{"href":"https:\/\/www.europesays.com\/fr\/wp-json\/wp\/v2\/media?parent=319058"}],"wp:term":[{"taxonomy":"category","embeddable":true,"href":"https:\/\/www.europesays.com\/fr\/wp-json\/wp\/v2\/categories?post=319058"},{"taxonomy":"post_tag","embeddable":true,"href":"https:\/\/www.europesays.com\/fr\/wp-json\/wp\/v2\/tags?post=319058"}],"curies":[{"name":"wp","href":"https:\/\/api.w.org\/{rel}","templated":true}]}}